{"id":21932,"date":"2018-08-28T11:32:14","date_gmt":"2018-08-28T15:32:14","guid":{"rendered":"http:\/\/www.corumbaonline.com.br\/news\/?p=21932"},"modified":"2018-08-28T11:39:48","modified_gmt":"2018-08-28T15:39:48","slug":"empossados-integrantes-do-conselho-do-fundeb-para-bienio-2018-2020","status":"publish","type":"post","link":"https:\/\/www.corumbaonline.com.br\/news\/empossados-integrantes-do-conselho-do-fundeb-para-bienio-2018-2020\/","title":{"rendered":"Empossados integrantes do Conselho do Fundeb para bi\u00eanio 2018-2020"},"content":{"rendered":"<p>O Conselho Municipal de Acompanhamento e Controle Social do Fundo de Manuten\u00e7\u00e3o e Desenvolvimento de Educa\u00e7\u00e3o B\u00e1sica e de Valoriza\u00e7\u00e3o dos Profissionais de Educa\u00e7\u00e3o \u2013 FUNDEB para o bi\u00eanio 2018-2020 foi empossado na tarde desta segunda-feira, 27 de agosto, na sede do Centro Padre Ernesto de Promo\u00e7\u00e3o Humana e Ambiental (Cenper). O secret\u00e1rio Municipal de Educa\u00e7\u00e3o, Genilson Canavarro de Abreu, representou o prefeito Marcelo Iunes na solenidade.<\/p>\n<p>&nbsp;<\/p>\n<p>O Conselho do FUNDEB tem como finalidade acompanhar a distribui\u00e7\u00e3o, transfer\u00eancia e aplica\u00e7\u00e3o dos recursos financeiros do Fundo. Tamb\u00e9m fiscaliza todo processo de gest\u00e3o dos recursos desde sua distribui\u00e7\u00e3o, incluindo a comprova\u00e7\u00e3o do emprego do recurso.<\/p>\n<p>&nbsp;<\/p>\n<p>De acordo com o decreto n\u00ba 2.011, de 12 de julho de 2018, assinado pelo prefeito Marcelo Iunes, foram designados como membros do Conselho Municipal de Acompanhamento e Controle Social do Fundo de Manuten\u00e7\u00e3o e Desenvolvimento da Educa\u00e7\u00e3o B\u00e1sica e de Valoriza\u00e7\u00e3o dos Profissionais de Educa\u00e7\u00e3o \u2013 FUNDEB os representantes do Poder Executivo; diretores das escolas b\u00e1sicas p\u00fablicas; professores da educa\u00e7\u00e3o b\u00e1sica p\u00fablica; servidores t\u00e9cnicos-administrativos das escolas b\u00e1sicas p\u00fablicas; pais de alunos da educa\u00e7\u00e3o b\u00e1sica p\u00fablica; estudantes da educa\u00e7\u00e3o b\u00e1sica p\u00fablica; Conselho Municipal de Educa\u00e7\u00e3o e do Conselho Tutelar.<\/p>\n<p>&nbsp;<\/p>\n<p>A designa\u00e7\u00e3o para o Conselho n\u00e3o implicar\u00e1 remunera\u00e7\u00e3o aos seus membros, n\u00e3o ensejando v\u00ednculos ou quaisquer outros direitos contra o Munic\u00edpio, sendo sua presta\u00e7\u00e3o considerada servi\u00e7o p\u00fablico relevante.\u00a0Confira abaixo a composi\u00e7\u00e3o do Conselho.<\/p>\n<p><strong>Poder Executivo<\/strong><\/p>\n<p>Laura Helena Amaral Dezanil Sorrilha (Titular)<br \/>\nMaria Bet\u00e2nia Santos Provenzano (Titular)<\/p>\n<p>Dezanil Sorrilha (Suplente)<\/p>\n<p>Josinely Oliveira Barros Alves (Suplente)<\/p>\n<p>&nbsp;<\/p>\n<p><strong>Diretores das escolas b\u00e1sicas p\u00fablicas<\/strong><\/p>\n<p>Jonathan Gon\u00e7alves dos Santos (Titular)<\/p>\n<p>Tatiane Soares de Oliveira (Suplente)<\/p>\n<p>&nbsp;<\/p>\n<p><strong>Professores da educa\u00e7\u00e3o b\u00e1sica p\u00fablica<\/strong><\/p>\n<p>Telma Suarez Arteaga (Titular)<\/p>\n<p>Maria Zilda de Souza Leite (Suplente)<\/p>\n<p>&nbsp;<\/p>\n<p><strong>Servidores t\u00e9cnicos-administrativos das escolas b\u00e1sicas p\u00fablicas<\/strong><\/p>\n<p>Laurita Taborda Villa Costermani (Titular)<\/p>\n<p>Solange Soares Batista da Luz (Suplente)<\/p>\n<p>&nbsp;<\/p>\n<p><strong>Pais de alunos da educa\u00e7\u00e3o b\u00e1sica p\u00fablica<\/strong><\/p>\n<p>Cintia Helena Rodrigues Gomes (Titular)<\/p>\n<p>Gelson de Souza Oliveira (Suplente)<\/p>\n<p>Francisco de Assis Serathaia Menacho (Titular)<\/p>\n<p>Maria Aparecida Dias de Moura (Suplente)<\/p>\n<p>&nbsp;<\/p>\n<p><strong>Estudantes da educa\u00e7\u00e3o b\u00e1sica p\u00fablica<\/strong><\/p>\n<p>Evanildo Espinosa Coelho (Titular)<\/p>\n<p>Wilson Nunes da Silva (Titular)<\/p>\n<p>Joana D\u2019Arc Vera Paiva Chaparro (Suplente)<\/p>\n<p>Catarina Mendon\u00e7a Sena (Suplente)<\/p>\n<p>&nbsp;<\/p>\n<p><strong>Conselho Municipal de Educa\u00e7\u00e3o<\/strong><\/p>\n<p>Francisca Alves da Silva Stefanelli (Titular)<\/p>\n<p>Elisa de F\u00e1tima Nascimento Jatob\u00e1 (Suplente)<\/p>\n<p>&nbsp;<\/p>\n<p><strong>Conselho Tutelar<\/strong><\/p>\n<p>Laize de Freitas Ara\u00fajo (Titular)<\/p>\n<p>Patr\u00edcia dos Santos Ferri (Suplente)<\/p>\n","protected":false},"excerpt":{"rendered":"<p>O Conselho Municipal de Acompanhamento e Controle Social do Fundo de Manuten\u00e7\u00e3o e Desenvolvimento de&#8230;<\/p>\n","protected":false},"author":1,"featured_media":21933,"comment_status":"closed","ping_status":"closed","sticky":false,"template":"","format":"standard","meta":{"footnotes":""},"categories":[10],"tags":[],"class_list":["post-21932","post","type-post","status-publish","format-standard","has-post-thumbnail","hentry","category-educacao"],"_links":{"self":[{"href":"https:\/\/www.corumbaonline.com.br\/news\/wp-json\/wp\/v2\/posts\/21932","targetHints":{"allow":["GET"]}}],"collection":[{"href":"https:\/\/www.corumbaonline.com.br\/news\/wp-json\/wp\/v2\/posts"}],"about":[{"href":"https:\/\/www.corumbaonline.com.br\/news\/wp-json\/wp\/v2\/types\/post"}],"author":[{"embeddable":true,"href":"https:\/\/www.corumbaonline.com.br\/news\/wp-json\/wp\/v2\/users\/1"}],"replies":[{"embeddable":true,"href":"https:\/\/www.corumbaonline.com.br\/news\/wp-json\/wp\/v2\/comments?post=21932"}],"version-history":[{"count":1,"href":"https:\/\/www.corumbaonline.com.br\/news\/wp-json\/wp\/v2\/posts\/21932\/revisions"}],"predecessor-version":[{"id":21934,"href":"https:\/\/www.corumbaonline.com.br\/news\/wp-json\/wp\/v2\/posts\/21932\/revisions\/21934"}],"wp:featuredmedia":[{"embeddable":true,"href":"https:\/\/www.corumbaonline.com.br\/news\/wp-json\/wp\/v2\/media\/21933"}],"wp:attachment":[{"href":"https:\/\/www.corumbaonline.com.br\/news\/wp-json\/wp\/v2\/media?parent=21932"}],"wp:term":[{"taxonomy":"category","embeddable":true,"href":"https:\/\/www.corumbaonline.com.br\/news\/wp-json\/wp\/v2\/categories?post=21932"},{"taxonomy":"post_tag","embeddable":true,"href":"https:\/\/www.corumbaonline.com.br\/news\/wp-json\/wp\/v2\/tags?post=21932"}],"curies":[{"name":"wp","href":"https:\/\/api.w.org\/{rel}","templated":true}]}}