{"id":21935,"date":"2018-08-28T11:44:29","date_gmt":"2018-08-28T15:44:29","guid":{"rendered":"http:\/\/www.corumbaonline.com.br\/news\/?p=21935"},"modified":"2018-08-28T11:46:00","modified_gmt":"2018-08-28T15:46:00","slug":"camara-celebra-dia-do-psicologo-e-valoriza-trabalho-dos-profissionais","status":"publish","type":"post","link":"https:\/\/www.corumbaonline.com.br\/news\/camara-celebra-dia-do-psicologo-e-valoriza-trabalho-dos-profissionais\/","title":{"rendered":"C\u00e2mara celebra Dia do Psic\u00f3logo e valoriza trabalho dos profissionais"},"content":{"rendered":"<p><span style=\"color: #000000;\">Parceiros do Munic\u00edpio, com atua\u00e7\u00e3o fundamental para o desenvolvimento de pol\u00edticas p\u00fablicas nas mais diferentes \u00e1reas, profissionais da psicologia foram homenageados na noite de ontem, segunda-feira, 27, pela C\u00e2mara Municipal de Corumb\u00e1, com uma Sess\u00e3o Solene que marcou o Dia do Psic\u00f3logo.<\/span><\/p>\n<p><span style=\"color: #000000;\">O ato foi uma iniciativa do vereador Baianinho e aprovado por todos os demais pares do Poder Legislativo. A sess\u00e3o lotou o plen\u00e1rio da Casa do Bar\u00e3o de Vila Maria e contou com a presen\u00e7a tamb\u00e9m do prefeito Marcelo Iunes que aproveitou o momento e revelou que, nos pr\u00f3ximos dias, dever\u00e1 anunciar novidades para a categoria.<\/span><\/p>\n<p><span style=\"color: #000000;\">O prefeito fez parte da mesa juntamente com os vereadores Evander Vendramini, que presidiu os trabalhos, e Baianinho; Maur\u00edcio Santos, Juiz de Direito, e Gisele Silva Marques Barros, diretora da Unidade Assistencial Patronato Penitenci\u00e1rio de Corumb\u00e1 \/ AGEPEN.<\/span><\/p>\n<p><span style=\"color: #000000;\">A sess\u00e3o foi prestigiada tamb\u00e9m pelos vereadores Manoel Rodrigues, Andr\u00e9 da Farm\u00e1cia, Carlos Alberto Machado, Roberto Fa\u00e7anha, Chic\u00e3o Vianna, Crist\u00f3v\u00e3o Contador, Domingos Albaneze, Bira e Tadeu Vieira.<\/span><\/p>\n<p><span style=\"color: #000000;\">Valoriza\u00e7\u00e3o<\/span><\/p>\n<p><span style=\"color: #000000;\">Baianinho, na oportunidade, destacou que o Poder Legislativo corumbaense n\u00e3o poderia, de forma alguma, deixar de \u201chomenagear pessoas que exercem uma das mais importantes profiss\u00f5es\u201d e que \u201cs\u00e3o respons\u00e1veis pelo estudo dos fen\u00f4menos ps\u00edquicos e comportamentais, das rela\u00e7\u00f5es do corpo de mente que, de alguma fora, interfere na vida e no cotidiano dos seres humanos\u201d.<\/span><\/p>\n<p><span style=\"color: #000000;\">Disse ser admirador desses profissionais que \u201ctem o dom de tirar l\u00e1 de dentro, o melhor que temos para cuidar, fortalecer, compreender e aliviar\u201d. Citou a confian\u00e7a que a sociedade deposita no psic\u00f3logo que \u00e9 \u201ccapaz de transformar sonhos em felicidade\u201d, destacou, parabenizando a todos pela data e pelo trabalho que fazem em prol da sociedade.<\/span><\/p>\n<p><span style=\"color: #000000;\">O vereador Evander Vendramini tamb\u00e9m enfatizou a import\u00e2ncia da homenagem. Elogiou Baianinho pela iniciativa e os demais vereadores por terem aprovado o requerimento de forma un\u00e2nime. \u201c\u00c9 uma categoria importante. Esta homenagem, \u00e9 o reconhecimento do trabalho desenvolvido pelos psic\u00f3logos. A constru\u00e7\u00e3o de uma cidade justa e humana, passa pelo trabalho que estes profissionais desenvolvem\u201d.<\/span><\/p>\n<p><span style=\"color: #000000;\">Parceiros<\/span><\/p>\n<p><span style=\"color: #000000;\">O prefeito Marcelo Iunes, que fez quest\u00e3o de participar da Sess\u00e3o Solene, tamb\u00e9m enalteceu o trabalho desenvolvido pelos profissionais de psicologia na regi\u00e3o, contribuindo inclusive para o desenvolvimento de pol\u00edticas p\u00fablicas em \u00e1reas importantes da administra\u00e7\u00e3o, como nas \u00e1reas de sa\u00fade, educa\u00e7\u00e3o, assist\u00eancia social e outras.<\/span><\/p>\n<p><span style=\"color: #000000;\">\u201cS\u00e3o profissionais que realizam um trabalho com responsabilidade, com dedica\u00e7\u00e3o e compromisso com o ser humano, ajudando as pessoas a superar os mais diferentes problemas. Voc\u00eas s\u00e3o nossos parceiros, cumprem um papel fundamental e nos auxiliam a fazer de Corumb\u00e1, uma cidade mais humana, melhor de se viver\u201d, enfatizou.<\/span><\/p>\n<p><span style=\"color: #000000;\">Antes de encerrar, lembrou o encontro do Poder Executivo com a categoria e que \u201co resultado dessa reuni\u00e3o ser\u00e1 positivo. O atual momento econ\u00f4mico n\u00e3o \u00e9 dos melhores, mas vamos buscar valorizar o m\u00e1ximo poss\u00edvel esta e outras categorias importantes, que nos ajudam a construir nossa cidade\u201d, refor\u00e7ou, lembrando que a C\u00e2mara \u00e9 parceira e cumpre um papel importante nessa transforma\u00e7\u00e3o.<\/span><\/p>\n<p><span style=\"color: #000000;\">A data<\/span><\/p>\n<p><span style=\"color: #000000;\">O Dia do Psic\u00f3logo foi destacado tamb\u00e9m por profissionais durante a sess\u00e3o. Marciene Rita da Silva Amorim, lembrou o dia 27 de agosto de 1964, 56 anos atr\u00e1s, que marcou a regulamenta\u00e7\u00e3o da profiss\u00e3o, por meio do Decreto de Lei 4.119, e que \u00e9 um orgulho de fazer parte do que ela classificou como \u201ca melhor ci\u00eancia do s\u00e9culo\u201d, e que ser psic\u00f3logo \u201c\u00e9 uma imensa responsabilidade, uma not\u00e1vel d\u00e1diva\u201d, de ter o \u201cdom de usar as palavras, o olhar, as express\u00f5es e, at\u00e9 mesmo, o sil\u00eancio\u201d, observou, agradecendo a iniciativa da C\u00e2mara de Corumb\u00e1.<\/span><\/p>\n<p><span style=\"color: #000000;\">Quem tamb\u00e9m agradeceu o ato foi psic\u00f3loga hospitalar Evanilza Mateus de Oliveira. Elogiou todos que integram a profiss\u00e3o, considerando-a \u201c\u00e1rdua, mas muito gratificante\u201d, pelo fato de ser poss\u00edvel \u201caliviar sofrimentos, reconhecer doen\u00e7as emocionais, e que \u00e9 a \u00fanica profiss\u00e3o capaz de ajudar na transforma\u00e7\u00e3o do ser humano, do seu comportamento e de suas atitudes, proporcionando a cura atrav\u00e9s da palavra, do carinho, da aten\u00e7\u00e3o, do amor. Escutar e n\u00e3o apenas ouvir!\u201d.<\/span><\/p>\n<p><span style=\"color: #000000;\">Disse ser importante o fato de que os psic\u00f3logos est\u00e3o presentes em todas as partes, que n\u00e3o se privam em momento algum, na busca do bem-estar do ser humano e na melhoria da qualidade de vida do cidad\u00e3o. Antes de encerrar, lembrou que todos estavam comemorando 56 anos da regulamenta\u00e7\u00e3o da profiss\u00e3o que est\u00e1 presente na cidade h\u00e1 51 anos com o Curso de Psicologia da UFMS\/Campus Pantanal.<\/span><\/p>\n<p><span style=\"color: #000000;\">Homenageados<\/span><\/p>\n<p><span style=\"color: #000000;\">Os homenageados na Sess\u00e3o Solene foram: Adriana Albaneze, Psicologia do Tr\u00e2nsito; Ana Cristina Saad Lima, Psic\u00f3loga Cl\u00ednica; Beatriz Xavier Flandoli, Psicologia\/Conselhos\/Ensino\/UFMS; Carmen Ad\u00e9lia Saad Costa, Psicologia\/Psicodin\u00e2mica\/UFMS; Deyse Mendes Braga, Coordenadora da Casa de Passagem.<\/span><\/p>\n<p><span style=\"color: #000000;\">Tamb\u00e9m homenageadas Diva Staut Albaneze, Psic\u00f3loga da Prefeitura; Elisa Gomes Costa, Psic\u00f3loga Cl\u00ednica \/ Psicanalista; Evanilza Mateus De Oliveira, Psicologia Hospitalar; Fl\u00e1via Pedrosa de Camargo, Psicologia Organizacional; Giselle Silva Marques Barros, da Unidade Assistencial Patronato Penitenci\u00e1rio De Corumb\u00e1\/AGEPEN.<\/span><\/p>\n<p><span style=\"color: #000000;\">Gislaine Melise Aguiar da Concei\u00e7\u00e3o, Coordenadora do CRAS Rural; Glaucia Ant\u00f4nia Fonseca Iunes, secretaria de Assist\u00eancia Social; Jeany Carla Simi\u00e3o Terto, Psic\u00f3loga volunt\u00e1ria da Rede Feminina de Combate ao C\u00e2ncer; Joanna Amorim de Melo Souza Loio, Psic\u00f3loga Cl\u00ednica e Professora dos Cursos de Administra\u00e7\u00e3o e Enfermagem da Faculdade Salesiana de Santa Teresa.<\/span><\/p>\n<p><span style=\"color: #000000;\">Joneize Selasque Quevedo Costa, Psicologia\/Prote\u00e7\u00e3o Social; Juvenal \u00c1vila Oliveira, Psicologia Judici\u00e1ria\/ Psico Oncologia; K\u00e1tia de Oliveira Capil\u00e9, Coordenadora do CRAZ 1; Luciana Xavier Lima, Psicologia Social; Lucimeire Montenegro de Freitas, Secretaria de Sa\u00fade, Psic\u00f3loga lotada no CAPS I (Centro de Aten\u00e7\u00e3o Psicossocial Infanto Juvenil).<\/span><\/p>\n<p><span style=\"color: #000000;\">Maria de F\u00e1tima Guimar\u00e3es de Andrade Aragi, Psic\u00f3loga Perita Examinadora; Marciene Rita da Silva de Amorim, Psicologia Penitenci\u00e1ria; Marilu Brazil de Barros, Psic\u00f3loga do CRAS do Distrito de Albuquerque; Marilza da Silva Pinheiro, Psicologia da Educa\u00e7\u00e3o; Milton de Souza Carvalho, Psicologia Educacional\/Equoterapia.<\/span><\/p>\n<p><span style=\"color: #000000;\">Nides Maria Marcon, Psic\u00f3loga do CRAS do Distrito de Albuquerque; Paula Helena Vasconcellos Cavassa de Oliveira, Psicologia Cl\u00ednica; Renata Camargo Esnarriaga, Psic\u00f3loga do N\u00facleo Especial de Educa\u00e7\u00e3o do Estado de Mato Grosso do Sul.<\/span><\/p>\n<p><span style=\"color: #000000;\">Rosiene do Esp\u00edrito Santo Mauro, Psicologia da Sa\u00fade\/Pol\u00edticas P\u00fablicas para Mulheres; Silvia Seg\u00f3via Ara\u00fajo Freire, Psicologia\/Sa\u00fade Mental; Suzete dos Santos, Psic\u00f3loga do N\u00facleo Psicossocial do Minist\u00e9rio P\u00fablico Estadual em Corumb\u00e1, e Zuleida Marcelina de Arruda Daltro Samaniego; Psic\u00f3loga Agente de Assist\u00eancia e Pericia da AGEPEN.<\/span><\/p>\n","protected":false},"excerpt":{"rendered":"<p>Parceiros do Munic\u00edpio, com atua\u00e7\u00e3o fundamental para o desenvolvimento de pol\u00edticas p\u00fablicas nas mais diferentes&#8230;<\/p>\n","protected":false},"author":1,"featured_media":21936,"comment_status":"closed","ping_status":"closed","sticky":false,"template":"","format":"standard","meta":{"footnotes":""},"categories":[8,19],"tags":[],"class_list":["post-21935","post","type-post","status-publish","format-standard","has-post-thumbnail","hentry","category-destaque","category-politica"],"_links":{"self":[{"href":"https:\/\/www.corumbaonline.com.br\/news\/wp-json\/wp\/v2\/posts\/21935","targetHints":{"allow":["GET"]}}],"collection":[{"href":"https:\/\/www.corumbaonline.com.br\/news\/wp-json\/wp\/v2\/posts"}],"about":[{"href":"https:\/\/www.corumbaonline.com.br\/news\/wp-json\/wp\/v2\/types\/post"}],"author":[{"embeddable":true,"href":"https:\/\/www.corumbaonline.com.br\/news\/wp-json\/wp\/v2\/users\/1"}],"replies":[{"embeddable":true,"href":"https:\/\/www.corumbaonline.com.br\/news\/wp-json\/wp\/v2\/comments?post=21935"}],"version-history":[{"count":1,"href":"https:\/\/www.corumbaonline.com.br\/news\/wp-json\/wp\/v2\/posts\/21935\/revisions"}],"predecessor-version":[{"id":21937,"href":"https:\/\/www.corumbaonline.com.br\/news\/wp-json\/wp\/v2\/posts\/21935\/revisions\/21937"}],"wp:featuredmedia":[{"embeddable":true,"href":"https:\/\/www.corumbaonline.com.br\/news\/wp-json\/wp\/v2\/media\/21936"}],"wp:attachment":[{"href":"https:\/\/www.corumbaonline.com.br\/news\/wp-json\/wp\/v2\/media?parent=21935"}],"wp:term":[{"taxonomy":"category","embeddable":true,"href":"https:\/\/www.corumbaonline.com.br\/news\/wp-json\/wp\/v2\/categories?post=21935"},{"taxonomy":"post_tag","embeddable":true,"href":"https:\/\/www.corumbaonline.com.br\/news\/wp-json\/wp\/v2\/tags?post=21935"}],"curies":[{"name":"wp","href":"https:\/\/api.w.org\/{rel}","templated":true}]}}