{"id":21940,"date":"2018-08-28T14:00:43","date_gmt":"2018-08-28T18:00:43","guid":{"rendered":"http:\/\/www.corumbaonline.com.br\/news\/?p=21940"},"modified":"2018-08-28T11:56:59","modified_gmt":"2018-08-28T15:56:59","slug":"prefeito-empossa-membros-do-comite-de-avaliacao-do-fmis","status":"publish","type":"post","link":"https:\/\/www.corumbaonline.com.br\/news\/prefeito-empossa-membros-do-comite-de-avaliacao-do-fmis\/","title":{"rendered":"Prefeito empossa membros do Comit\u00ea de Avalia\u00e7\u00e3o do FMIS"},"content":{"rendered":"<p>O prefeito Marcelo Iunes empossou nessa segunda-feira, 27 de agosto, os novos membros do Comit\u00ea de Avalia\u00e7\u00e3o do Fundo Municipal de Investimentos Sociais (FMIS). Durante o ato, o chefe do Executivo municipal destacou a import\u00e2ncia do Comit\u00ea na gest\u00e3o e nos projetos auxiliados com recursos do Fundo Municipal.<\/p>\n<p>&nbsp;<\/p>\n<p>\u201cO FMIS desenvolve um trabalho social que vem ajudando bastante, principalmente as institui\u00e7\u00f5es n\u00e3o governamentais que precisam de recursos p\u00fablicos. Eles fazem a parte deles, ajudando o munic\u00edpio, trabalhando com pessoas que precisam de assist\u00eancia, de ajuda\u201d, afirmou Marcelo Iunes.<\/p>\n<p>&nbsp;<\/p>\n<p>Representando a Prefeitura, foram empossados como membros titulares: a primeira-dama Amanda Balancieri Iunes (Secretaria Especial de Cidadania e Direitos Humanos), Joelson Pereira Dib (Secretaria de Governo) e F\u00e1bio Luiz Pereira da Silva (Governadoria Municipal).<\/p>\n<p>&nbsp;<\/p>\n<p>Os suplentes s\u00e3o: Glaucia Ant\u00f4nio dos Santos Iunes (Secretaria de Assist\u00eancia Social), Mabel Sahib Aguilar (Secretaria de Educa\u00e7\u00e3o) e Andr\u00e9 Cunha Soares (Secretaria Municipal de Governo). A secret\u00e1ria executiva do FMIS \u00e9 Luciene de Oliveira Silva.<\/p>\n<p>&nbsp;<\/p>\n<p>Representando as institui\u00e7\u00f5es n\u00e3o governamentais, foram empossados: Lindivalda Gon\u00e7alves dos Santos (Cidade Dom Bosco), Luisa Martins (CRIPAM) e Milton Carlos de Melo (Associa\u00e7\u00e3o de Pais e Amigos dos Excepcionais \u2013 APAE).<\/p>\n<p>&nbsp;<\/p>\n<p>Os suplentes s\u00e3o: Milton Carvalho (Centro de Equoterapia Odilza Miranda de Barros), M\u00e1rcia Rolon (Instituto Moinho Cultural) e An\u00fancia Gimenez Ayala (Asilo S\u00e3o Jos\u00e9). O secret\u00e1rio municipal de Governo, C\u00e1ssio Augusto da Costa Marques, tamb\u00e9m participou da solenidade.<\/p>\n","protected":false},"excerpt":{"rendered":"<p>O prefeito Marcelo Iunes empossou nessa segunda-feira, 27 de agosto, os novos membros do Comit\u00ea&#8230;<\/p>\n","protected":false},"author":1,"featured_media":21941,"comment_status":"closed","ping_status":"closed","sticky":false,"template":"","format":"standard","meta":{"footnotes":""},"categories":[14],"tags":[],"class_list":["post-21940","post","type-post","status-publish","format-standard","has-post-thumbnail","hentry","category-geral"],"_links":{"self":[{"href":"https:\/\/www.corumbaonline.com.br\/news\/wp-json\/wp\/v2\/posts\/21940","targetHints":{"allow":["GET"]}}],"collection":[{"href":"https:\/\/www.corumbaonline.com.br\/news\/wp-json\/wp\/v2\/posts"}],"about":[{"href":"https:\/\/www.corumbaonline.com.br\/news\/wp-json\/wp\/v2\/types\/post"}],"author":[{"embeddable":true,"href":"https:\/\/www.corumbaonline.com.br\/news\/wp-json\/wp\/v2\/users\/1"}],"replies":[{"embeddable":true,"href":"https:\/\/www.corumbaonline.com.br\/news\/wp-json\/wp\/v2\/comments?post=21940"}],"version-history":[{"count":1,"href":"https:\/\/www.corumbaonline.com.br\/news\/wp-json\/wp\/v2\/posts\/21940\/revisions"}],"predecessor-version":[{"id":21942,"href":"https:\/\/www.corumbaonline.com.br\/news\/wp-json\/wp\/v2\/posts\/21940\/revisions\/21942"}],"wp:featuredmedia":[{"embeddable":true,"href":"https:\/\/www.corumbaonline.com.br\/news\/wp-json\/wp\/v2\/media\/21941"}],"wp:attachment":[{"href":"https:\/\/www.corumbaonline.com.br\/news\/wp-json\/wp\/v2\/media?parent=21940"}],"wp:term":[{"taxonomy":"category","embeddable":true,"href":"https:\/\/www.corumbaonline.com.br\/news\/wp-json\/wp\/v2\/categories?post=21940"},{"taxonomy":"post_tag","embeddable":true,"href":"https:\/\/www.corumbaonline.com.br\/news\/wp-json\/wp\/v2\/tags?post=21940"}],"curies":[{"name":"wp","href":"https:\/\/api.w.org\/{rel}","templated":true}]}}