{"id":21943,"date":"2018-08-28T14:20:24","date_gmt":"2018-08-28T18:20:24","guid":{"rendered":"http:\/\/www.corumbaonline.com.br\/news\/?p=21943"},"modified":"2018-08-28T12:03:00","modified_gmt":"2018-08-28T16:03:00","slug":"ms-realiza-1o-forum-para-ampliacao-da-zona-livre-de-febre-aftosa-sem-vacinacao-no-brasil","status":"publish","type":"post","link":"https:\/\/www.corumbaonline.com.br\/news\/ms-realiza-1o-forum-para-ampliacao-da-zona-livre-de-febre-aftosa-sem-vacinacao-no-brasil\/","title":{"rendered":"MS realiza 1\u00ba F\u00f3rum para amplia\u00e7\u00e3o da zona livre de febre aftosa sem vacina\u00e7\u00e3o no Brasil"},"content":{"rendered":"<p>Como parte da revis\u00e3o do Programa Nacional de Febre Aftosa (PNEFA), o Minist\u00e9rio da Agricultura, Pecu\u00e1ria e Abastecimento (Mapa) lan\u00e7ou, em abril, o Plano Estrat\u00e9gico para enfrentar os desafios da \u00faltima etapa da erradica\u00e7\u00e3o da doen\u00e7a, consolidar a condi\u00e7\u00e3o sanit\u00e1ria conquistada no Pa\u00eds e, assim, contribuir com a prote\u00e7\u00e3o do patrim\u00f4nio pecu\u00e1rio nacional, produzindo o m\u00e1ximo de benef\u00edcios aos atores envolvidos e toda sociedade brasileira.<\/p>\n<p>Para discutir as a\u00e7\u00f5es e organizar o trabalho em Mato Grosso do Sul, o Governo do Estado, por meio da Secretaria de Estado de Meio Ambiente, Desenvolvimento Econ\u00f4mico, Produ\u00e7\u00e3o e Agricultura Familiar (Semagro), formar\u00e1 um Comit\u00ea Gestor (composto por membros da iniciativa p\u00fablica e privada) que ser\u00e1 lan\u00e7ado no 1\u00ba F\u00f3rum Estadual do Plano Estrat\u00e9gico do Programa Nacional de Febre Aftosa, onde ser\u00e3o apresentadas as estrat\u00e9gias para amplia\u00e7\u00e3o da zona livre de febre aftosa sem vacina\u00e7\u00e3o no Brasil.<\/p>\n<p>O objetivo \u00e9 tornar o Brasil livre da febre aftosa sem vacina\u00e7\u00e3o com reconhecimento internacional, de forma gradativa e regionalizada, considerando as condi\u00e7\u00f5es epidemiol\u00f3gicas, geogr\u00e1ficas, pol\u00edtico-econ\u00f4micas, institucionais e t\u00e9cnico-operacionais.<\/p>\n<p>Para isso ser\u00e1 trabalhado o fortalecimento das medidas de preven\u00e7\u00e3o e redu\u00e7\u00e3o das vulnerabilidades para febre aftosa no Pa\u00eds. Ainda ser\u00e3o aprimoradas as capacidades do Servi\u00e7o Veterin\u00e1rio Oficial (SVO) no Brasil, priorizando as regi\u00f5es mais vulner\u00e1veis, al\u00e9m daquelas com melhores perspectivas de avan\u00e7o para o novo status.<\/p>\n<p>O fortalecimento das parcerias p\u00fablico-privadas, que deve ampliar a participa\u00e7\u00e3o comunit\u00e1ria no processo decis\u00f3rio e nas a\u00e7\u00f5es de preven\u00e7\u00e3o da febre aftosa no Pa\u00eds, para garantir sustentabilidade t\u00e9cnica, pol\u00edtica e financeira das a\u00e7\u00f5es do Programa, tamb\u00e9m est\u00e3o entre as metas.<\/p>\n<p><strong>O F\u00f3rum<\/strong><\/p>\n<p>Cumprindo o cronograma de execu\u00e7\u00e3o institu\u00eddo pelo Minist\u00e9rio e\u00a0levando em considera\u00e7\u00e3o\u00a0a necessidade de elabora\u00e7\u00e3o de Plano Estrat\u00e9gico Estadual do Programa Nacional de Erradica\u00e7\u00e3o e Preven\u00e7\u00e3o da Febre Aftosa, 2017-2026 com suas responsabilidades compartilhadas entre os setores p\u00fablico e privado,\u00a0\u00e9 que Mato Grosso do Sul realiza o F\u00f3rum, que contar\u00e1 com a presen\u00e7a de representantes do Mapa, do servi\u00e7o veterin\u00e1rio estadual (por meio da Ag\u00eancia Estadual de Defesa Sanit\u00e1ria, Animal e Vegetal (Iagro), classe pol\u00edtica, setores produtivo e industrial, sindicatos e conselhos de classe.<\/p>\n<p>Mato Grosso do Sul integra o Bloco V\u00a0no\u00a0Plano Estrat\u00e9gico 2017-2026 do PNEFA que prev\u00ea a retirada total da vacina\u00e7\u00e3o no Pa\u00eds at\u00e9 2023.<\/p>\n<p><strong>Mato Grosso do Sul<\/strong><\/p>\n<p>O rebanho bovino do Estado cresceu 2,81% em 2017 frente a 2016, passando de 21.226.885 animais para 21.824.147, um incremento de 597.262 cabe\u00e7as, segundo levantamento feito pela Iagro no in\u00edcio deste ano.<\/p>\n<p>De acordo com dados da Federa\u00e7\u00e3o da Agricultura e Pecu\u00e1ria de Mato Grosso do Sul (Famasul), o Mato Grosso do Sul produziu no ano passado 791 toneladas de carne bovina, registrando aumento de 0,82% em rela\u00e7\u00e3o ao ano anterior, 2016, quando foram 784 mil toneladas.<\/p>\n<p>No ranking nacional de exporta\u00e7\u00f5es, no acumulado de cinco bimestres de 2017, Mato Grosso do Sul figura em sexto lugar com a carne bovina.<\/p>\n<p><strong>Evento:<\/strong>\u00a01\u00ba F\u00f3rum Estadual do Plano Estrat\u00e9gico do Programa Nacional de Febre Aftosa (PNEFA)<br \/>\n<strong>Data:<\/strong>\u00a029.8 (quarta-feira)<br \/>\n<strong>Hor\u00e1rio:<\/strong>\u00a07h30<br \/>\n<strong>Local:<\/strong>\u00a0Audit\u00f3rio da Famasul (Rua Marcino dos Santos, 401 \u2013 Ch\u00e1cara Cachoeira, Campo Grande \u2013 MS)<\/p>\n","protected":false},"excerpt":{"rendered":"<p>Como parte da revis\u00e3o do Programa Nacional de Febre Aftosa (PNEFA), o Minist\u00e9rio da Agricultura,&#8230;<\/p>\n","protected":false},"author":1,"featured_media":0,"comment_status":"closed","ping_status":"closed","sticky":false,"template":"","format":"standard","meta":{"footnotes":""},"categories":[2],"tags":[],"class_list":["post-21943","post","type-post","status-publish","format-standard","hentry","category-agropecuaria"],"_links":{"self":[{"href":"https:\/\/www.corumbaonline.com.br\/news\/wp-json\/wp\/v2\/posts\/21943","targetHints":{"allow":["GET"]}}],"collection":[{"href":"https:\/\/www.corumbaonline.com.br\/news\/wp-json\/wp\/v2\/posts"}],"about":[{"href":"https:\/\/www.corumbaonline.com.br\/news\/wp-json\/wp\/v2\/types\/post"}],"author":[{"embeddable":true,"href":"https:\/\/www.corumbaonline.com.br\/news\/wp-json\/wp\/v2\/users\/1"}],"replies":[{"embeddable":true,"href":"https:\/\/www.corumbaonline.com.br\/news\/wp-json\/wp\/v2\/comments?post=21943"}],"version-history":[{"count":1,"href":"https:\/\/www.corumbaonline.com.br\/news\/wp-json\/wp\/v2\/posts\/21943\/revisions"}],"predecessor-version":[{"id":21944,"href":"https:\/\/www.corumbaonline.com.br\/news\/wp-json\/wp\/v2\/posts\/21943\/revisions\/21944"}],"wp:attachment":[{"href":"https:\/\/www.corumbaonline.com.br\/news\/wp-json\/wp\/v2\/media?parent=21943"}],"wp:term":[{"taxonomy":"category","embeddable":true,"href":"https:\/\/www.corumbaonline.com.br\/news\/wp-json\/wp\/v2\/categories?post=21943"},{"taxonomy":"post_tag","embeddable":true,"href":"https:\/\/www.corumbaonline.com.br\/news\/wp-json\/wp\/v2\/tags?post=21943"}],"curies":[{"name":"wp","href":"https:\/\/api.w.org\/{rel}","templated":true}]}}