{"id":21957,"date":"2018-08-29T08:05:31","date_gmt":"2018-08-29T12:05:31","guid":{"rendered":"http:\/\/www.corumbaonline.com.br\/news\/?p=21957"},"modified":"2018-08-29T08:25:20","modified_gmt":"2018-08-29T12:25:20","slug":"tse-aprova-registros-de-mais-quatro-candidatos-a-presidencia","status":"publish","type":"post","link":"https:\/\/www.corumbaonline.com.br\/news\/tse-aprova-registros-de-mais-quatro-candidatos-a-presidencia\/","title":{"rendered":"TSE aprova registros de mais quatro candidatos \u00e0 Presid\u00eancia"},"content":{"rendered":"<p>Por unanimidade, o Tribunal Superior Eleitoral (TSE) validou ontem (28) mais quatro pedidos de registros de candidaturas \u00e0 presid\u00eancia da Rep\u00fablica. Tiveram os registros aprovados os candidatos do PDT, Ciro Gomes; do MDB, Henrique Meirelles; do Pode, \u00c1lvaro Dias, e do PPL, Jo\u00e3o Goulart Filho.<\/p>\n<p>Na semana passada, a Corte eleitoral aprovou cinco candidaturas. Tamb\u00e9m foram considerados aptos para disputar o pleito Vera L\u00facia (PSTU), Cabo Daciolo (Patriota), Guilherme Boulos (PSOL), Jo\u00e3o Amo\u00eado (Novo) e Marina Silva (Rede).<\/p>\n<p>De acordo com a lei eleitoral, o TSE tem at\u00e9 o dia 17 de setembro para julgar todos os registros. O tribunal ainda vai analisar os pedidos de registro dos candidatos Geraldo Alckmin (PSDB), Luiz In\u00e1cio Lula da Silva (PT), Jair Bolsonaro (PSL) e Eymael (DC).<\/p>\n<p>Confira o perfil dos candidatos que tiveram o registro aprovado hoje:<\/p>\n<h2>Alvaro Dias (Pode)<\/h2>\n<p>Candidato da coliga\u00e7\u00e3o Pode, PRP, PSC e PTC, Alvaro Dias tem 73 anos e est\u00e1 no quarto mandato de senador. De 1987 a 1991, foi governador do Paran\u00e1, \u00e0 \u00e9poca pelo PMDB. Na d\u00e9cada de 1970, foi deputado federal por tr\u00eas legislaturas. Antes, foi vereador de Londrina (PR) e deputado estadual no Paran\u00e1. Formado em hist\u00f3ria, ele j\u00e1 mudou de siglas sete vezes. Eleito senador em 2014 pelo PSDB, migrou para o PV e, em julho do ano passado, buscou o Podemos, antigo PTN, para se unir \u00e0 tentativa da sigla de imprimir a bandeira da renova\u00e7\u00e3o da pol\u00edtica e da participa\u00e7\u00e3o direta do povo. Declarou ter patrim\u00f4nio de R$ 2,9 milh\u00f5es.<\/p>\n<p>Vice: Paulo Rabello (PSC)<\/p>\n<h2>Ciro Gomes<\/h2>\n<p>Candidato da coliga\u00e7\u00e3o PDT e Avante. \u00c9 natural de Pindamonhangaba (SP), mas construiu sua carreira pol\u00edtica no Cear\u00e1, onde foi prefeito de Fortaleza, eleito em 1988, e governador do estado, eleito em 1990. Renunciou ao cargo de governador, em 1994, para assumir o Minist\u00e9rio da Fazenda, no governo Itamar Franco (1992-1994), por indica\u00e7\u00e3o do PSDB, seu partido na \u00e9poca. Foi ministro da Integra\u00e7\u00e3o Nacional de 2003 a 2006, no overno do ent\u00e3o presidente Luiz In\u00e1cio Lula da Silva, e tocou o projeto de Transposi\u00e7\u00e3o do Rio S\u00e3o Francisco. Tem 60 anos e quatro filhos. Disputa a Presid\u00eancia pela terceira vez. Declarou patrim\u00f4nio de R$ 1,7 milh\u00e3o.<\/p>\n<p>Vice: K\u00e1tia Abreu (PDT)<\/p>\n<h2>Henrique Meirelles (MDB)<\/h2>\n<p>Disputar\u00e1 a elei\u00e7\u00e3o presidencial pela coliga\u00e7\u00e3o MDB e PHS. Goiano de An\u00e1polis, tem 72 anos. Em 2002, foi eleito deputado federal pelo PSDB, cargo do qual abdicou para comandar o Banco Central de 2003 a novembro de 2010, no governo Lula. No governo do presidente Michel Temer, comandou o Minist\u00e9rio da Fazenda de maio de 2016 a abril de 2018. Construiu a carreira como economista no mercado internacional, assumiu a presid\u00eancia mundial do BankBoston, no qual ingressou em 1974, e tornou-se presidente da institui\u00e7\u00e3o no Brasil em 1984. Tem patrim\u00f4nio declarado R$ 377,5 milh\u00f5es.<\/p>\n<p>Vice: Germano Rigotto (MDB)<\/p>\n<h2>Jo\u00e3o Goulart Filho (PPL)<\/h2>\n<p>Pela primeira vez na disputa para a Presid\u00eancia da Rep\u00fablica, n\u00e3o fez coliga\u00e7\u00e3o. Jo\u00e3o Goulart Filho, 61 anos, \u00e9 poeta, fil\u00f3sofo, escritor e fundador do Instituto Jo\u00e3o Goulart, dedicado \u00e0 pesquisa hist\u00f3rica e \u00e0 reflex\u00e3o sobre o processo pol\u00edtico brasileiro. Filho do ex-presidente Jo\u00e3o Goulart, conhecido como Jango, deposto em 1964 pelo golpe militar, o candidato adotou o nome pol\u00edtico em homenagem ao pai. Foi deputado estadual no Rio Grande do Sul pelo PDT, partido que trocou pelo PPL. \u00c9 autor de Jango e Eu: Mem\u00f3rias de um Ex\u00edlio sem Volta, indicado ao Pr\u00eamio Jabuti. Declarou patrim\u00f4nio de R$ 8,6 milh\u00f5es.<\/p>\n","protected":false},"excerpt":{"rendered":"<p>Por unanimidade, o Tribunal Superior Eleitoral (TSE) validou ontem (28) mais quatro pedidos de registros&#8230;<\/p>\n","protected":false},"author":1,"featured_media":0,"comment_status":"closed","ping_status":"closed","sticky":false,"template":"","format":"standard","meta":{"footnotes":""},"categories":[101,19],"tags":[],"class_list":["post-21957","post","type-post","status-publish","format-standard","hentry","category-eleicoes","category-politica"],"_links":{"self":[{"href":"https:\/\/www.corumbaonline.com.br\/news\/wp-json\/wp\/v2\/posts\/21957","targetHints":{"allow":["GET"]}}],"collection":[{"href":"https:\/\/www.corumbaonline.com.br\/news\/wp-json\/wp\/v2\/posts"}],"about":[{"href":"https:\/\/www.corumbaonline.com.br\/news\/wp-json\/wp\/v2\/types\/post"}],"author":[{"embeddable":true,"href":"https:\/\/www.corumbaonline.com.br\/news\/wp-json\/wp\/v2\/users\/1"}],"replies":[{"embeddable":true,"href":"https:\/\/www.corumbaonline.com.br\/news\/wp-json\/wp\/v2\/comments?post=21957"}],"version-history":[{"count":1,"href":"https:\/\/www.corumbaonline.com.br\/news\/wp-json\/wp\/v2\/posts\/21957\/revisions"}],"predecessor-version":[{"id":21958,"href":"https:\/\/www.corumbaonline.com.br\/news\/wp-json\/wp\/v2\/posts\/21957\/revisions\/21958"}],"wp:attachment":[{"href":"https:\/\/www.corumbaonline.com.br\/news\/wp-json\/wp\/v2\/media?parent=21957"}],"wp:term":[{"taxonomy":"category","embeddable":true,"href":"https:\/\/www.corumbaonline.com.br\/news\/wp-json\/wp\/v2\/categories?post=21957"},{"taxonomy":"post_tag","embeddable":true,"href":"https:\/\/www.corumbaonline.com.br\/news\/wp-json\/wp\/v2\/tags?post=21957"}],"curies":[{"name":"wp","href":"https:\/\/api.w.org\/{rel}","templated":true}]}}