{"id":21965,"date":"2018-08-29T08:29:40","date_gmt":"2018-08-29T12:29:40","guid":{"rendered":"http:\/\/www.corumbaonline.com.br\/news\/?p=21965"},"modified":"2018-08-29T08:43:03","modified_gmt":"2018-08-29T12:43:03","slug":"tse-nega-pedido-para-obrigar-cobertura-de-lula-em-telejornais","status":"publish","type":"post","link":"https:\/\/www.corumbaonline.com.br\/news\/tse-nega-pedido-para-obrigar-cobertura-de-lula-em-telejornais\/","title":{"rendered":"TSE nega pedido para obrigar cobertura de Lula em telejornais"},"content":{"rendered":"<p>Por 6 votos a 1, o Tribunal Superior Eleitoral (TSE) decidiu ontem (28) negar pedido feito pelo PT para que as emissoras de televis\u00e3o fa\u00e7am a cobertura da campanha presidencial do partido.<\/p>\n<p>O TSE julgou o recurso da coliga\u00e7\u00e3o O Povo Feliz de Novo, composta pelo PT, PCdoB e PROS, que tem o ex-presidente Luiz In\u00e1cio Lula da Silva como candidato \u00e0 presid\u00eancia e o ex-prefeito de S\u00e3o Paulo Fernando Haddad como vice.<\/p>\n<p>Antes da decis\u00e3o de ontem, o ministro Sergio Banhos tinha rejeitado o mesmo pedido de forma individual.<\/p>\n<p>Lula est\u00e1 preso desde\u00a07 de abril na sede da Superintend\u00eancia da Pol\u00edcia Federal (PF) em Curitiba, em fun\u00e7\u00e3o de sua condena\u00e7\u00e3o a 12 anos e um m\u00eas de pris\u00e3o na a\u00e7\u00e3o penal do caso do triplex em Guaruj\u00e1 (SP). Para o PT, como candidato registrado no TSE, Lula tem direito de participar da cobertura jornal\u00edstica das elei\u00e7\u00f5es.<\/p>\n<p>Em tese, o ex-presidente estaria enquadrado no artigo da Lei da Ficha Limpa que impede a candidatura de condenados por \u00f3rg\u00e3os colegiados. No entanto, o pedido de registro e a poss\u00edvel inelegibilidade precisam ser analisados pelo TSE at\u00e9 17 de setembro.<\/p>\n<p>De acordo com o PT, a TV Globo, Band, Record e SBT devem dar igualdade de condi\u00e7\u00e3o a todos os candidatos por funcionarem por meio de concess\u00f5es p\u00fablicas. Segundo a legenda, Lula est\u00e1 liderando as pesquisas de opini\u00e3o e tamb\u00e9m deve ter espa\u00e7o destinado \u00e0 cobertura jornal\u00edstica dos atos de campanha.<\/p>\n<p>&#8220;Circunst\u00e2ncias pessoais&#8221;<\/p>\n<p>Ao julgar o recurso, por 6 votos a 1, o colegiado seguiu voto de Banhos e entendeu que as emissoras n\u00e3o est\u00e3o descumprindo as regras legais que impedem a concess\u00e3o de tratamento privilegiado a candidatos no r\u00e1dio e na televis\u00e3o.<\/p>\n<p>Segundo o ministro, \u201ccircunst\u00e2ncias pessoais\u201d impedem a cobertura jornal\u00edstica da campanha do ex-presidente. Ele afirmou que \u201cn\u00e3o h\u00e1 agenda a ser divulgada\u201d por Lula. O entendimento foi acompanhado pelos ministros Lu\u00eds Roberto Barroso, Tarc\u00edsio Vieira, Edson Fachin, Rosa Weber e Jorge Mussi.<\/p>\n<p>O ministro Napole\u00e3o Nunes Maia divergiu e entendeu que entendeu que Lula est\u00e1 com nome registrado nas pesquisas eleitorais, que devem ser registradas no TSE, e, por isso, deve ter a cobertura feita pelas emissoras.<\/p>\n","protected":false},"excerpt":{"rendered":"<p>Por 6 votos a 1, o Tribunal Superior Eleitoral (TSE) decidiu ontem (28) negar pedido&#8230;<\/p>\n","protected":false},"author":1,"featured_media":0,"comment_status":"closed","ping_status":"closed","sticky":false,"template":"","format":"standard","meta":{"footnotes":""},"categories":[101,19],"tags":[],"class_list":["post-21965","post","type-post","status-publish","format-standard","hentry","category-eleicoes","category-politica"],"_links":{"self":[{"href":"https:\/\/www.corumbaonline.com.br\/news\/wp-json\/wp\/v2\/posts\/21965","targetHints":{"allow":["GET"]}}],"collection":[{"href":"https:\/\/www.corumbaonline.com.br\/news\/wp-json\/wp\/v2\/posts"}],"about":[{"href":"https:\/\/www.corumbaonline.com.br\/news\/wp-json\/wp\/v2\/types\/post"}],"author":[{"embeddable":true,"href":"https:\/\/www.corumbaonline.com.br\/news\/wp-json\/wp\/v2\/users\/1"}],"replies":[{"embeddable":true,"href":"https:\/\/www.corumbaonline.com.br\/news\/wp-json\/wp\/v2\/comments?post=21965"}],"version-history":[{"count":1,"href":"https:\/\/www.corumbaonline.com.br\/news\/wp-json\/wp\/v2\/posts\/21965\/revisions"}],"predecessor-version":[{"id":21966,"href":"https:\/\/www.corumbaonline.com.br\/news\/wp-json\/wp\/v2\/posts\/21965\/revisions\/21966"}],"wp:attachment":[{"href":"https:\/\/www.corumbaonline.com.br\/news\/wp-json\/wp\/v2\/media?parent=21965"}],"wp:term":[{"taxonomy":"category","embeddable":true,"href":"https:\/\/www.corumbaonline.com.br\/news\/wp-json\/wp\/v2\/categories?post=21965"},{"taxonomy":"post_tag","embeddable":true,"href":"https:\/\/www.corumbaonline.com.br\/news\/wp-json\/wp\/v2\/tags?post=21965"}],"curies":[{"name":"wp","href":"https:\/\/api.w.org\/{rel}","templated":true}]}}