{"id":21979,"date":"2018-08-29T09:41:33","date_gmt":"2018-08-29T13:41:33","guid":{"rendered":"http:\/\/www.corumbaonline.com.br\/news\/?p=21979"},"modified":"2018-08-29T09:28:54","modified_gmt":"2018-08-29T13:28:54","slug":"tse-recebe-20-pedidos-de-candidaturas-avulsas-a-presidencia","status":"publish","type":"post","link":"https:\/\/www.corumbaonline.com.br\/news\/tse-recebe-20-pedidos-de-candidaturas-avulsas-a-presidencia\/","title":{"rendered":"TSE recebe 20 pedidos de candidaturas avulsas \u00e0 Presid\u00eancia"},"content":{"rendered":"<p>O Tribunal Superior Eleitoral (TSE) recebeu 20 pedidos de registro de candidaturas avulsas \u00e0 Presid\u00eancia da Rep\u00fablica.<\/p>\n<p>Desses postulantes, 18 n\u00e3o t\u00eam filia\u00e7\u00e3o partid\u00e1ria, o que contraria a previs\u00e3o constitucional.<\/p>\n<div class=\"dnd-widget-wrapper context-cheio_8colunas type-image\">\n<div class=\"dnd-atom-rendered\">\n<figure class=\"mejs-fotoh-wrapper\">\n<p><figure style=\"width: 754px\" class=\"wp-caption alignnone\"><img loading=\"lazy\" decoding=\"async\" class=\"img-responsive full full\" title=\"Jos\u00e9 Cruz\/Ag\u00eancia Brasil\/Ag\u00eancia Brasil\" src=\"http:\/\/imagens.ebc.com.br\/gZ8fJ6WiDCfsxFx_wy0BGmWgz5g=\/754x0\/smart\/http:\/\/agenciabrasil.ebc.com.br\/sites\/default\/files\/atoms\/image\/1099859-jfcrz_abr_120120175920_01.12.17.jpg?itok=g2EeIcXS\" alt=\" Bras\u00edlia - O presidente do TSE, Gilmar Mendes apresenta o relat\u00f3rio parcial dos trabalhos de quatro dias do Teste P\u00fablico de Seguran\u00e7a 2017 (TPS 2017) do Sistema Eletr\u00f4nico de Vota\u00e7\u00e3o (Jos\u00e9 Cruz\/Ag\u00eancia Brasil)\" width=\"754\" height=\"503\" \/><figcaption class=\"wp-caption-text\">Tribunal Superior Eleitoral recebeu 20 pedidos de registro de candidaturas avulsas \u00e0 presid\u00eancia da Rep\u00fablica, mas 18 n\u00e3o t\u00eam filia\u00e7\u00e3o partid\u00e1ria (Jos\u00e9 Cruz\/Ag\u00eancia Brasil)<\/figcaption><\/figure><\/figure>\n<\/div>\n<\/div>\n<p>No artigo 14, par\u00e1grafo 3\u00ba, inciso V, a Constitui\u00e7\u00e3o imp\u00f5e como uma das condi\u00e7\u00f5es de elegibilidade a filia\u00e7\u00e3o partid\u00e1ria.<\/p>\n<p>Dois dos que pleiteiam candidatura a presidente t\u00eam filia\u00e7\u00e3o partid\u00e1ria: Jo\u00e3o Ant\u00f4nio Ferreira Santos (PSC) e Val\u00e9ria Meirelles Monteiro (PMN).<\/p>\n<h2>Casos<\/h2>\n<p>O PSC chegou a aprovar a candidatura de Paulo Rabello de Castro a presidente, mas depois decidiu se unir ao Podemos e apoiar \u00c1lvaro Dias. Rabello ficou como vice-presidente na chapa da coliga\u00e7\u00e3o Pode\/PRP\/PSC\/PTC.<\/p>\n<p>A jornalista Val\u00e9ria Monteiro chegou a disputar a conven\u00e7\u00e3o do PMN, mas o partido decidiu n\u00e3o ter candidato a presidente nem participar de coliga\u00e7\u00e3o. Esses pedidos aguardam decis\u00e3o da presid\u00eancia do TSE.<\/p>\n<p>O advogado Rodrigo Sobrosa Mezzomo encabe\u00e7a uma das chapas avulsas.<\/p>\n<p>Em 2016, ele tentou disputar a prefeitura do Rio de Janeiro e recorreu ao Supremo Tribunal Federal (STF) contra a rejei\u00e7\u00e3o de sua candidatura.<\/p>\n<p>O relator da a\u00e7\u00e3o no STF, ministro Lu\u00eds Roberto Barroso, decidiu n\u00e3o liberar o voto para aprecia\u00e7\u00e3o no plen\u00e1rio antes de outubro.<\/p>\n<h2>N\u00fameros<\/h2>\n<p>Segundo dados do TSE, 28.348 candidatos pediram registro na Justi\u00e7a Eleitoral para os cargos em disputa neste ano: al\u00e9m de presidente, governador dos 26 estados e do Distrito Federal, duas vagas de senador por unidade da federa\u00e7\u00e3o, deputado federal, estadual e distrital.<\/p>\n<p>S\u00e3o 13 candidatos a presidente, 199 a governador, 355 a senador, 8.368 a deputado federal, 17.526 a deputado estadual e 963 a deputado distrital.<\/p>\n","protected":false},"excerpt":{"rendered":"<p>O Tribunal Superior Eleitoral (TSE) recebeu 20 pedidos de registro de candidaturas avulsas \u00e0 Presid\u00eancia&#8230;<\/p>\n","protected":false},"author":1,"featured_media":0,"comment_status":"closed","ping_status":"closed","sticky":false,"template":"","format":"standard","meta":{"footnotes":""},"categories":[101,19],"tags":[],"class_list":["post-21979","post","type-post","status-publish","format-standard","hentry","category-eleicoes","category-politica"],"_links":{"self":[{"href":"https:\/\/www.corumbaonline.com.br\/news\/wp-json\/wp\/v2\/posts\/21979","targetHints":{"allow":["GET"]}}],"collection":[{"href":"https:\/\/www.corumbaonline.com.br\/news\/wp-json\/wp\/v2\/posts"}],"about":[{"href":"https:\/\/www.corumbaonline.com.br\/news\/wp-json\/wp\/v2\/types\/post"}],"author":[{"embeddable":true,"href":"https:\/\/www.corumbaonline.com.br\/news\/wp-json\/wp\/v2\/users\/1"}],"replies":[{"embeddable":true,"href":"https:\/\/www.corumbaonline.com.br\/news\/wp-json\/wp\/v2\/comments?post=21979"}],"version-history":[{"count":1,"href":"https:\/\/www.corumbaonline.com.br\/news\/wp-json\/wp\/v2\/posts\/21979\/revisions"}],"predecessor-version":[{"id":21980,"href":"https:\/\/www.corumbaonline.com.br\/news\/wp-json\/wp\/v2\/posts\/21979\/revisions\/21980"}],"wp:attachment":[{"href":"https:\/\/www.corumbaonline.com.br\/news\/wp-json\/wp\/v2\/media?parent=21979"}],"wp:term":[{"taxonomy":"category","embeddable":true,"href":"https:\/\/www.corumbaonline.com.br\/news\/wp-json\/wp\/v2\/categories?post=21979"},{"taxonomy":"post_tag","embeddable":true,"href":"https:\/\/www.corumbaonline.com.br\/news\/wp-json\/wp\/v2\/tags?post=21979"}],"curies":[{"name":"wp","href":"https:\/\/api.w.org\/{rel}","templated":true}]}}