{"id":21988,"date":"2018-08-29T11:04:03","date_gmt":"2018-08-29T15:04:03","guid":{"rendered":"http:\/\/www.corumbaonline.com.br\/news\/?p=21988"},"modified":"2018-08-29T11:05:25","modified_gmt":"2018-08-29T15:05:25","slug":"a-seguranca-publica-aqui-e-em-todo-brasil","status":"publish","type":"post","link":"https:\/\/www.corumbaonline.com.br\/news\/a-seguranca-publica-aqui-e-em-todo-brasil\/","title":{"rendered":"Bastidores da Cidade: A Seguran\u00e7a P\u00fablica aqui e em todo Brasil"},"content":{"rendered":"<p>Na \u00faltima d\u00e9cada, a quest\u00e3o da seguran\u00e7a p\u00fablica passou a ser considerada problema fundamental, e principal desafio ao estado de direito no Brasil. A seguran\u00e7a ganhou enorme visibilidade p\u00fablica e jamais, em nossa hist\u00f3ria recente, esteve t\u00e3o presente nos debates tanto de especialistas como do p\u00fablico em geral.<\/p>\n<p>Os problemas relacionados com o aumento das taxas de criminalidade, o aumento da sensa\u00e7\u00e3o de inseguran\u00e7a, sobretudo nos grandes centros urbanos, a degrada\u00e7\u00e3o do espa\u00e7o p\u00fablico, as dificuldades relacionadas \u00e0 reforma das institui\u00e7\u00f5es da administra\u00e7\u00e3o da justi\u00e7a criminal, a viol\u00eancia policial, a inefici\u00eancia preventiva de nossas institui\u00e7\u00f5es, a superpopula\u00e7\u00e3o nos pres\u00eddios, rebeli\u00f5es, fugas, degrada\u00e7\u00e3o das condi\u00e7\u00f5es de interna\u00e7\u00e3o de jovens em conflito com a lei, corrup\u00e7\u00e3o, aumento dos custos operacionais do sistema, problema relacionados \u00e0 efici\u00eancia da investiga\u00e7\u00e3o criminal e das per\u00edcias policiais e morosidade judicial, entre tantos outros, representam desafios para o sucesso do processo de consolida\u00e7\u00e3o pol\u00edtica da democracia no Brasil. Neste momento em que se aproximam as elei\u00e7\u00f5es, definitivamente temos que repensar naquilo que at\u00e9 a presente data, temos muitas defici\u00eancias em termos de Seguran\u00e7a Publica, pois entra Governo e sai Governo e os efetivos em uma \u00e1rea de Fronteira n\u00e3o condiz com as promessas de anos, o que nos causa muitas vezes uma sensa\u00e7\u00e3o de impot\u00eancia, uma vez que dentro de um Estado Democr\u00e1tico de Direito, as reivindica\u00e7\u00f5es da Popula\u00e7\u00e3o tem que ser levando em conta e vai-se o tempo, a titulo de informa\u00e7\u00e3o, a cidade comporta um 2\u00ba Distrito Policial, mas n\u00e3o saiu do papel, a Gloriosa PM, at\u00e9 hoje, sendo um Batalh\u00e3o, com um efetivo de Companhia, at\u00e9 que ponto o clamor da popula\u00e7\u00e3o \u00e9 atendido pelos governantes? N\u00e3o observo outro jeito para que isso aconte\u00e7a. Caso mais uma vez n\u00e3o tenhamos representantes nas esferas estadual e federal, vamos considerar que ser\u00e3o mais quatro anos de estagna\u00e7\u00e3o para a Seguran\u00e7a P\u00fablica nesta \u00e1rea que tem uma concentra\u00e7\u00e3o muito forte do Crime Organizado, em que h\u00e1 crimes fronteiri\u00e7os acontecendo todos os dias na Fronteira Brasil\/Bol\u00edvia.<\/p>\n<p>Acredito que temos que pensar bem, pois a Seguran\u00e7a P\u00fablica \u00e9 uma das principais necessidades para Corumb\u00e1, Lad\u00e1rio e Regi\u00e3o e neste mister, n\u00e3o podemos deixar de elogiar as for\u00e7as de seguran\u00e7as, que mesmo com efetivos reduzidos e com armamentos arcaicos, conseguem elucidar crimes e combater de frente com as quadrilhas que fazem deste rinc\u00e3o, um corredor de trafico de drogas, at\u00e9 que parou por hora, os roubos de ve\u00edculos, mas preocupa por outro lado o aumento do consumo de maconha que faz um percurso inverso. Ent\u00e3o, cada qual dentro das suas compet\u00eancias, caso tenhamos representantes, que fa\u00e7am representar esta cidade que acolhe e d\u00e1 oportunidade aos que n\u00e3o s\u00e3o filhos da terra, mas n\u00e3o podemos admitir que seja um dep\u00f3sitos de marginais que vem do\u00a0 Oiapoque ao Chu\u00ed, lamentavelmente, essa preocupa\u00e7\u00e3o esta bem presente, pois a popula\u00e7\u00e3o vive sobressaltada diante do que aquilo que assist\u00edamos em programas jornal\u00edsticos de TV a n\u00edvel nacional, estar acontecendo aqui nesta \u00e1rea pacata.<\/p>\n<p>Pensem e analisem bem, sem uma seguran\u00e7a p\u00fablica bem estruturada, cada vez mais teremos que noticiar fatos que n\u00e3o deveriam fazer parte do nosso cotidiano.<\/p>\n<p>Reginaldo Coutinho \u2013 Delegado sindical dos radialistas de Corumb\u00e1, cronista esportivo, locutor apresentador do programa Transnot\u00edcias na r\u00e1dio Transam\u00e9rica<\/p>\n","protected":false},"excerpt":{"rendered":"<p>Na \u00faltima d\u00e9cada, a quest\u00e3o da seguran\u00e7a p\u00fablica passou a ser considerada problema fundamental, e&#8230;<\/p>\n","protected":false},"author":1,"featured_media":20002,"comment_status":"closed","ping_status":"closed","sticky":false,"template":"","format":"standard","meta":{"footnotes":""},"categories":[3],"tags":[],"class_list":["post-21988","post","type-post","status-publish","format-standard","has-post-thumbnail","hentry","category-artigo"],"_links":{"self":[{"href":"https:\/\/www.corumbaonline.com.br\/news\/wp-json\/wp\/v2\/posts\/21988","targetHints":{"allow":["GET"]}}],"collection":[{"href":"https:\/\/www.corumbaonline.com.br\/news\/wp-json\/wp\/v2\/posts"}],"about":[{"href":"https:\/\/www.corumbaonline.com.br\/news\/wp-json\/wp\/v2\/types\/post"}],"author":[{"embeddable":true,"href":"https:\/\/www.corumbaonline.com.br\/news\/wp-json\/wp\/v2\/users\/1"}],"replies":[{"embeddable":true,"href":"https:\/\/www.corumbaonline.com.br\/news\/wp-json\/wp\/v2\/comments?post=21988"}],"version-history":[{"count":2,"href":"https:\/\/www.corumbaonline.com.br\/news\/wp-json\/wp\/v2\/posts\/21988\/revisions"}],"predecessor-version":[{"id":21990,"href":"https:\/\/www.corumbaonline.com.br\/news\/wp-json\/wp\/v2\/posts\/21988\/revisions\/21990"}],"wp:featuredmedia":[{"embeddable":true,"href":"https:\/\/www.corumbaonline.com.br\/news\/wp-json\/wp\/v2\/media\/20002"}],"wp:attachment":[{"href":"https:\/\/www.corumbaonline.com.br\/news\/wp-json\/wp\/v2\/media?parent=21988"}],"wp:term":[{"taxonomy":"category","embeddable":true,"href":"https:\/\/www.corumbaonline.com.br\/news\/wp-json\/wp\/v2\/categories?post=21988"},{"taxonomy":"post_tag","embeddable":true,"href":"https:\/\/www.corumbaonline.com.br\/news\/wp-json\/wp\/v2\/tags?post=21988"}],"curies":[{"name":"wp","href":"https:\/\/api.w.org\/{rel}","templated":true}]}}