{"id":21993,"date":"2018-08-29T11:27:31","date_gmt":"2018-08-29T15:27:31","guid":{"rendered":"http:\/\/www.corumbaonline.com.br\/news\/?p=21993"},"modified":"2018-08-29T11:11:24","modified_gmt":"2018-08-29T15:11:24","slug":"propaganda-eleitoral-em-radio-e-tv-comeca-nesta-sexta-feira","status":"publish","type":"post","link":"https:\/\/www.corumbaonline.com.br\/news\/propaganda-eleitoral-em-radio-e-tv-comeca-nesta-sexta-feira\/","title":{"rendered":"Propaganda eleitoral em r\u00e1dio e tv come\u00e7a nesta sexta-feira"},"content":{"rendered":"<p>Come\u00e7a na pr\u00f3xima sexta-feira (31) e vai at\u00e9 dia 04 de outubro, a propaganda eleitoral gratuita em r\u00e1dio e televis\u00e3o para as Elei\u00e7\u00f5es 2018. Quest\u00f5es t\u00e9cnicas referentes \u00e0 veicula\u00e7\u00e3o da propaganda, elabora\u00e7\u00e3o dos planos de m\u00eddia, distribui\u00e7\u00e3o de hor\u00e1rios e sorteio da ordem de veicula\u00e7\u00e3o dos candidatos, partidos e coliga\u00e7\u00f5es foram debatidos em duas reuni\u00f5es realizadas na \u00faltima semana no Tribunal Regional Eleitoral de Mato Grosso do Sul (TRE-MS).<\/p>\n<p>As propagandas ser\u00e3o veiculadas de segunda a s\u00e1bado, com dura\u00e7\u00e3o de 25 (vinte e cinco) minutos, sempre em dois hor\u00e1rios: no r\u00e1dio, das 6h \u00e0s 6h25 e das 11h \u00e0s 11h25; e na tv, das 12h \u00e0s 12h25 e das 19h30 \u00e0s 19h55.<\/p>\n<p>As emissoras reservar\u00e3o, ainda, de segunda-feira a domingo, 70 (setenta) minutos di\u00e1rios para a propaganda eleitoral gratuita, em inser\u00e7\u00f5es de 30 (trinta) e 60 (sessenta) segundos, distribu\u00eddas ao longo da programa\u00e7\u00e3o, veiculadas entre \u00e0s 4h (quatro) e \u00e0s 23h (vinte e tr\u00eas), observados os crit\u00e9rios de proporcionalidade.<\/p>\n<p>Para acessar a portaria com as delibera\u00e7\u00f5es sobre a propaganda eleitoral aqui em Mato Grosso do Sul,\u00a0<a class=\"external-link\" title=\"\" href=\"http:\/\/www.justicaeleitoral.jus.br\/arquivos\/tre-ms-portaria-02-2018-he\" target=\"_blank\" rel=\"noopener noreferrer\">clique aqui.<\/a><\/p>\n","protected":false},"excerpt":{"rendered":"<p>Come\u00e7a na pr\u00f3xima sexta-feira (31) e vai at\u00e9 dia 04 de outubro, a propaganda eleitoral&#8230;<\/p>\n","protected":false},"author":1,"featured_media":0,"comment_status":"closed","ping_status":"closed","sticky":false,"template":"","format":"standard","meta":{"footnotes":""},"categories":[101,19],"tags":[],"class_list":["post-21993","post","type-post","status-publish","format-standard","hentry","category-eleicoes","category-politica"],"_links":{"self":[{"href":"https:\/\/www.corumbaonline.com.br\/news\/wp-json\/wp\/v2\/posts\/21993","targetHints":{"allow":["GET"]}}],"collection":[{"href":"https:\/\/www.corumbaonline.com.br\/news\/wp-json\/wp\/v2\/posts"}],"about":[{"href":"https:\/\/www.corumbaonline.com.br\/news\/wp-json\/wp\/v2\/types\/post"}],"author":[{"embeddable":true,"href":"https:\/\/www.corumbaonline.com.br\/news\/wp-json\/wp\/v2\/users\/1"}],"replies":[{"embeddable":true,"href":"https:\/\/www.corumbaonline.com.br\/news\/wp-json\/wp\/v2\/comments?post=21993"}],"version-history":[{"count":1,"href":"https:\/\/www.corumbaonline.com.br\/news\/wp-json\/wp\/v2\/posts\/21993\/revisions"}],"predecessor-version":[{"id":21994,"href":"https:\/\/www.corumbaonline.com.br\/news\/wp-json\/wp\/v2\/posts\/21993\/revisions\/21994"}],"wp:attachment":[{"href":"https:\/\/www.corumbaonline.com.br\/news\/wp-json\/wp\/v2\/media?parent=21993"}],"wp:term":[{"taxonomy":"category","embeddable":true,"href":"https:\/\/www.corumbaonline.com.br\/news\/wp-json\/wp\/v2\/categories?post=21993"},{"taxonomy":"post_tag","embeddable":true,"href":"https:\/\/www.corumbaonline.com.br\/news\/wp-json\/wp\/v2\/tags?post=21993"}],"curies":[{"name":"wp","href":"https:\/\/api.w.org\/{rel}","templated":true}]}}