{"id":22003,"date":"2018-08-29T14:00:10","date_gmt":"2018-08-29T18:00:10","guid":{"rendered":"http:\/\/www.corumbaonline.com.br\/news\/?p=22003"},"modified":"2018-08-29T12:17:13","modified_gmt":"2018-08-29T16:17:13","slug":"festival-estudantil-da-cancao-comeca-quinta-veja-ordem-de-apresentacao","status":"publish","type":"post","link":"https:\/\/www.corumbaonline.com.br\/news\/festival-estudantil-da-cancao-comeca-quinta-veja-ordem-de-apresentacao\/","title":{"rendered":"Festival Estudantil da Can\u00e7\u00e3o come\u00e7a quinta; veja ordem de apresenta\u00e7\u00e3o"},"content":{"rendered":"<p>O Festival Estudantil da Can\u00e7\u00e3o de Corumb\u00e1 (FECC 2018) come\u00e7a nesta quinta-feira, 30 de agosto, no Gin\u00e1sio Poliesportivo Luc\u00edlio de Medeiros. O ensaio geral acontece nesta quarta-feira, 29. O evento \u00e9 promovido pela Prefeitura de Corumb\u00e1, por meio da Secretaria Especial da Cidadania e Direitos Humanos e da Secretaria Municipal de Educa\u00e7\u00e3o.<\/p>\n<p>&nbsp;<\/p>\n<p>O FECC 2018 ter\u00e1 a participa\u00e7\u00e3o de 43 estudantes das redes p\u00fablica e particular de ensino da cidade. Na categoria Infantil, ser\u00e3o nove competidores; na Juvenil s\u00e3o 12; cinco na Adulto; 15 na Gospel; e dois na categoria Especial. O resultado final dos classificados na etapa Seletiva Eliminat\u00f3ria, realizada no per\u00edodo de 09 a 13 de julho, pode ser conferido no DIOCORUMB\u00c1 do \u00faltimo dia 17 de julho.<\/p>\n<p>&nbsp;<\/p>\n<p>Nesta edi\u00e7\u00e3o, o Festival abriu mais uma categoria, que \u00e9 a dos Profissionais de Educa\u00e7\u00e3o. O evento conta com apoio da Funda\u00e7\u00e3o de Esportes de Corumb\u00e1 (Funec) e da Cultura e do Patrim\u00f4nio Hist\u00f3rico de Corumb\u00e1. Participam do FECC os alunos da rede p\u00fablica municipal, estadual ou federal, bem como os da rede privada de ensino, de qualquer etapa da Educa\u00e7\u00e3o B\u00e1sica ou do Ensino Superior. Confira a ordem das apresenta\u00e7\u00f5es da quinta e sexta-feira:<\/p>\n<p>&nbsp;<\/p>\n<p>1\u00aa noite<\/p>\n<p>&nbsp;<\/p>\n<p>1.\u00a0\u00a0\u00a0\u00a0\u00a0\u00a0\u00a0\u00a0\u00a0\u00a0\u00a0 BAR\u00c3O DO RIO BRANCO<\/p>\n<p>INFANTIL INDIVIDUAL<\/p>\n<p>CAMILLY APARECIDA PEREIRA RIBEIRO<\/p>\n<p>PRA VER SE COLA<\/p>\n<p>&nbsp;<\/p>\n<p>2.\u00a0\u00a0\u00a0\u00a0\u00a0\u00a0\u00a0\u00a0\u00a0\u00a0\u00a0 PEDRO PAULO DE MEDEIROS<\/p>\n<p>INFANTIL INDIVIDUAL<\/p>\n<p>NAT\u00c1LIA TOLEDO ROCHA<\/p>\n<p>TREVO DE QUATRO FOLHAS<\/p>\n<p>&nbsp;<\/p>\n<p>3.\u00a0\u00a0\u00a0\u00a0\u00a0\u00a0\u00a0\u00a0\u00a0\u00a0\u00a0 JO\u00c3O LEITE DE BARROS<\/p>\n<p>JUVENIL INDIVIDUAL<\/p>\n<p>FL\u00c1VIA REGINA PIASSA DA SILVA<\/p>\n<p>QUANDO A CHUVA PASSAR<\/p>\n<p>&nbsp;<\/p>\n<p>4.\u00a0\u00a0\u00a0\u00a0\u00a0\u00a0\u00a0\u00a0\u00a0\u00a0\u00a0 NATH\u00c9RCIA POMPEO DOS SANTOS<\/p>\n<p>JUVENIL INDIVIDUAL<\/p>\n<p>ELO\u00cdSE LEITE BRAND\u00c3O<\/p>\n<p>126 CABIDES<\/p>\n<p>&nbsp;<\/p>\n<p>5.\u00a0\u00a0\u00a0\u00a0\u00a0\u00a0\u00a0\u00a0\u00a0\u00a0\u00a0 E.ESPECIAL REINO DO AMOR APAE<\/p>\n<p>ESPECIAL INDIVIDUAL<\/p>\n<p>EVENAR ANDRADE RODIGUES<\/p>\n<p>SACRIF\u00cdCIE<\/p>\n<p>&nbsp;<\/p>\n<p>6.\u00a0\u00a0\u00a0\u00a0\u00a0\u00a0\u00a0\u00a0\u00a0\u00a0\u00a0 E.ESPECIAL REINO DO AMOR APAE<\/p>\n<p>ESPECIAL INDIVIDUAL<\/p>\n<p>CLAUDIO DA CRUZ<\/p>\n<p>ESTOU APAIXONADO<\/p>\n<p>&nbsp;<\/p>\n<p>7.\u00a0\u00a0\u00a0\u00a0\u00a0\u00a0\u00a0\u00a0\u00a0\u00a0\u00a0 SANTA IN\u00caS<\/p>\n<p>INFANTIL INDIVIDUAL<\/p>\n<p>GIOVANA VIT\u00d3RIA GOMES FERNANDES<\/p>\n<p>ORA\u00c7\u00c3O<\/p>\n<p>&nbsp;<\/p>\n<p>8.\u00a0\u00a0\u00a0\u00a0\u00a0\u00a0\u00a0\u00a0\u00a0\u00a0\u00a0 RURAL PAIOLZINHO<\/p>\n<p>INFANTIL CONJUNTO<\/p>\n<p>PEDRO LUCAS &#8211; JO\u00c3O LUCAS &#8211; RYAN<\/p>\n<p>EU ESCOLHO DEUS<\/p>\n<p>&nbsp;<\/p>\n<p>9.\u00a0\u00a0\u00a0\u00a0\u00a0\u00a0\u00a0\u00a0\u00a0\u00a0\u00a0 GABRIEL VANDONI DE BARROS<\/p>\n<p>GOSPEL<\/p>\n<p>JOVANA DE BRITO DUARTE<\/p>\n<p>ME LEVA PRA CASA<\/p>\n<p>&nbsp;<\/p>\n<p>10.\u00a0\u00a0\u00a0\u00a0\u00a0\u00a0\u00a0\u00a0\u00a0 MONTE AZUL<\/p>\n<p>GOSPEL<\/p>\n<p>JO\u00c3O VITOR MOLINA DE SOUZA ARA\u00daJO<\/p>\n<p>AQUELE OUTRO DIA<\/p>\n<p>&nbsp;<\/p>\n<p>11.\u00a0\u00a0\u00a0\u00a0\u00a0\u00a0\u00a0\u00a0\u00a0 IFMS<\/p>\n<p>ADULTO INDIVIDUAL<\/p>\n<p>YANARA MARIELLE ROCHA<\/p>\n<p>DEVOLVA-ME<\/p>\n<p>&nbsp;<\/p>\n<p>12.\u00a0\u00a0\u00a0\u00a0\u00a0\u00a0\u00a0\u00a0\u00a0 DR. JO\u00c3O LEITE DE BARROS<\/p>\n<p>ADULTO INDIVIDUAL<\/p>\n<p>GUSTAVO LOPES MESSIAS<\/p>\n<p>O SOL<\/p>\n<p>&nbsp;<\/p>\n<p>13.\u00a0\u00a0\u00a0\u00a0\u00a0\u00a0\u00a0\u00a0\u00a0 DELC\u00cdDIO DO AMARAL<\/p>\n<p>PROFISSIONAL DE EDUCA\u00c7\u00c3O<\/p>\n<p>GEISA MARIA<\/p>\n<p>A LUA QUE TE DEI<\/p>\n<p>&nbsp;<\/p>\n<p>14.\u00a0\u00a0\u00a0\u00a0\u00a0\u00a0\u00a0\u00a0\u00a0 ALMIRANTE TAMANDAR\u00c9<\/p>\n<p>PROFISSIONAL DE EDUCA\u00c7\u00c3O<\/p>\n<p>MEIRELLE L\u00daCIA<\/p>\n<p>POSSO CLAMAR<\/p>\n<p>&nbsp;<\/p>\n<p>15.\u00a0\u00a0\u00a0\u00a0\u00a0\u00a0\u00a0\u00a0\u00a0 RURAL MONTE AZUL<\/p>\n<p>PROFISSIONAIS DE EDUCA\u00c7\u00c3O<\/p>\n<p>SOLANGE MOLINA<\/p>\n<p>&nbsp;<\/p>\n<p>&nbsp;<\/p>\n<p>16.\u00a0\u00a0\u00a0\u00a0\u00a0\u00a0\u00a0\u00a0\u00a0 DELC\u00cdDIO DO AMARAL<\/p>\n<p>INFANTIL INDIVIDUAL<\/p>\n<p>MA\u00cdSA MOREIRA<\/p>\n<p>PROMETE<\/p>\n<p>&nbsp;<\/p>\n<p>17.\u00a0\u00a0\u00a0\u00a0\u00a0\u00a0\u00a0\u00a0\u00a0 CYR\u00cdACO FELIX DE TOLEDO<\/p>\n<p>INFANTIL INDIVIDUAL<\/p>\n<p>AMANDA DA SILVA PINHO DE LIMA<\/p>\n<p>O CADERNO<\/p>\n<p>&nbsp;<\/p>\n<p>18.\u00a0\u00a0\u00a0\u00a0\u00a0\u00a0\u00a0\u00a0\u00a0 PEDRO PAULO DE MEDEIROS<\/p>\n<p>JUVENIL INDIVIDUAL<\/p>\n<p>ABRIEL MORAES DE OLIVEIRA<\/p>\n<p>LARGADO \u00c0S TRA\u00c7AS<\/p>\n<p>&nbsp;<\/p>\n<p>19.\u00a0\u00a0\u00a0\u00a0\u00a0\u00a0\u00a0\u00a0\u00a0 IFMS<\/p>\n<p>JUVENIL CONJUNTO<\/p>\n<p>KATHELEN\u00a0 &#8211; PAULO &#8211; EMANOELLY<\/p>\n<p>RISE UP<\/p>\n<p>&nbsp;<\/p>\n<p>&nbsp;<\/p>\n<p>20.\u00a0\u00a0\u00a0\u00a0\u00a0\u00a0\u00a0\u00a0\u00a0 SESI<\/p>\n<p>GOSPEL<\/p>\n<p>ANA J\u00daLIA DE SOUZA<\/p>\n<p>ESP\u00cdRITO SANTO<\/p>\n<p>&nbsp;<\/p>\n<p>&nbsp;<\/p>\n<p>21.\u00a0\u00a0\u00a0\u00a0\u00a0\u00a0\u00a0\u00a0\u00a0 DOM BOSCO<\/p>\n<p>ADULTO\u00a0 CONJUNTO<\/p>\n<p>MARIA LAMBERT- WESLEY<\/p>\n<p>DEMONS<\/p>\n<p>&nbsp;<\/p>\n<p>22.\u00a0\u00a0\u00a0\u00a0\u00a0\u00a0\u00a0\u00a0\u00a0 ALMIRANTE TAMANDAR\u00c9<\/p>\n<p>PROFISSIONAIS DA EDUCA\u00c7\u00c3O \u2013 INDIVIDUAL<\/p>\n<p>LORRAYNE CUNHA<\/p>\n<p>J\u00d3<\/p>\n<p>&nbsp;<\/p>\n<p>23.\u00a0\u00a0\u00a0\u00a0\u00a0\u00a0\u00a0\u00a0\u00a0 IFMS<\/p>\n<p>GOSPEL INDIVIDUAL<\/p>\n<p>SARA DANIELLY ARRUDA NEVES DIAS<\/p>\n<p>TEU SANTO NOME<\/p>\n<p>&nbsp;<\/p>\n<p>24.\u00a0\u00a0\u00a0\u00a0\u00a0\u00a0\u00a0\u00a0\u00a0 OCATC\u00cdLO FAUSTINO DA SILVA<\/p>\n<p>ADULTO INDIVIDUAL<\/p>\n<p>LAURA MAIARA<\/p>\n<p>SET FIRE TO THE RAIN<\/p>\n<p>&nbsp;<\/p>\n<p>25.\u00a0\u00a0\u00a0\u00a0\u00a0\u00a0\u00a0\u00a0\u00a0 SESI<\/p>\n<p>JUVENIL INDIVIDUAL<\/p>\n<p>LAURA OLIVEIRA SCHERRER<\/p>\n<p>EU SEI DE COR<\/p>\n<p>&nbsp;<\/p>\n<p>26.\u00a0\u00a0\u00a0\u00a0\u00a0\u00a0\u00a0\u00a0\u00a0 JOS\u00c9 DE SOUZA DAMY<\/p>\n<p>PROFISSIONAL DE EDUCA\u00c7\u00c3O<\/p>\n<p>KAREN SILVA SIM\u00d5ES<\/p>\n<p>PRICE TAG<\/p>\n<p>&nbsp;<\/p>\n<p>27.\u00a0\u00a0\u00a0\u00a0\u00a0\u00a0\u00a0\u00a0\u00a0 CEI\u00a0 H\u00c9LIA DA COSTA\u00a0 REIS<\/p>\n<p>PROFISSIONAL DE EDUCA\u00c7\u00c3O<\/p>\n<p>YON\u00c1 SILVA DE OLIVEIRA<\/p>\n<p>EU N\u00c3O PRECISO MAIS SONHAR<\/p>\n<p>&nbsp;<\/p>\n<p>28.\u00a0\u00a0\u00a0\u00a0\u00a0\u00a0\u00a0\u00a0\u00a0 SANTA TERESA<\/p>\n<p>JUVENIL CONJUNTO<\/p>\n<p>GUSTAVO HENRIQUE e GUILHERME AUGUSTO<\/p>\n<p>LARGADO \u00c0S TRA\u00c7AS<\/p>\n<p>&nbsp;<\/p>\n<p>29.\u00a0\u00a0\u00a0\u00a0\u00a0\u00a0\u00a0\u00a0\u00a0 CYR\u00cdACO FELIX DE TOLEDO<\/p>\n<p>JUVENIL CONJUNTO<\/p>\n<p>KAILANY e TAINAN<\/p>\n<p>QUANDO O MEL \u00c9 BOM<\/p>\n<p>&nbsp;<\/p>\n<p>30.\u00a0\u00a0\u00a0\u00a0\u00a0\u00a0\u00a0\u00a0\u00a0 DELC\u00cdDIO DO AMARAL<\/p>\n<p>PROFISSIONAL DE EDUCA\u00c7\u00c3O<\/p>\n<p>DURVALINO LEITE DA SILVA<\/p>\n<p>BOATE AZUL<\/p>\n<p>&nbsp;<\/p>\n<p>31.\u00a0\u00a0\u00a0\u00a0\u00a0\u00a0\u00a0\u00a0\u00a0 SESI<\/p>\n<p>GOSPEL INDIVIDUAL<\/p>\n<p>GABRIELLE PINHEIRO DOS SANTOS<\/p>\n<p>O MAIOR VIL\u00c3O SOU EU<\/p>\n<p>&nbsp;<\/p>\n<p>32.\u00a0\u00a0\u00a0\u00a0\u00a0\u00a0\u00a0\u00a0\u00a0 CLIO PROEN\u00c7A<\/p>\n<p>PROFISSIONAL DE EDUCA\u00c7\u00c3O<\/p>\n<p>REGINA YARA DA SILVA AMORIM<\/p>\n<p>JEOV\u00c1 JIR\u00ca<\/p>\n<p>&nbsp;<\/p>\n<p>33.\u00a0\u00a0\u00a0\u00a0\u00a0\u00a0\u00a0\u00a0\u00a0 J\u00daLIA GON\u00c7ALVES PASSARINHO<\/p>\n<p>PROFISSIONAL DE EDUCA\u00c7\u00c3O<\/p>\n<p>KRISLEINE SIM\u00d5ES<\/p>\n<p>ANUNCIA\u00c7\u00c3O<\/p>\n<p>&nbsp;<\/p>\n<p>34.\u00a0\u00a0\u00a0\u00a0\u00a0\u00a0\u00a0\u00a0\u00a0 JO\u00c3O LEITE DE BARROS<\/p>\n<p>JUVENIL INDIVIDUAL<\/p>\n<p>BRUNA VIT\u00d3RIA<\/p>\n<p>I WILL ALWAYS LOVE YOU<\/p>\n<p>&nbsp;<\/p>\n<p>35.\u00a0\u00a0\u00a0\u00a0\u00a0\u00a0\u00a0\u00a0\u00a0 JOS\u00c9 DE SOUZA DAMY<\/p>\n<p>JUVENIL INDIVIDUAL<\/p>\n<p>KAROLAINE BARBOSA<\/p>\n<p>TREM BALA<\/p>\n<p>&nbsp;<\/p>\n<p>2\u00aa noite<\/p>\n<p>&nbsp;<\/p>\n<p>1.\u00a0\u00a0\u00a0\u00a0\u00a0\u00a0\u00a0\u00a0\u00a0\u00a0\u00a0 CLIO PROEN\u00c7A<\/p>\n<p>ESPECIAL<\/p>\n<p>LAURETH APARECIDA<\/p>\n<p>MEU BARQUINHO<\/p>\n<p>&nbsp;<\/p>\n<p>2.\u00a0\u00a0\u00a0\u00a0\u00a0\u00a0\u00a0\u00a0\u00a0\u00a0\u00a0 ALMIRANTE TAMANDAR\u00c9<\/p>\n<p>GOSPEL INDIVIDUAL<\/p>\n<p>SAMARA DA CONCEI\u00c7\u00c3O<\/p>\n<p>CONQUISTANDO O IMPOSS\u00cdVEL<\/p>\n<p>&nbsp;<\/p>\n<p>3.\u00a0\u00a0\u00a0\u00a0\u00a0\u00a0\u00a0\u00a0\u00a0\u00a0\u00a0 VANDONI<\/p>\n<p>GOSPEL &#8211; CONJUNTO<\/p>\n<p>TAMARA FABIANE\/ SARA ESTER<\/p>\n<p>MORRER PRA VIVER<\/p>\n<p>&nbsp;<\/p>\n<p>4.\u00a0\u00a0\u00a0\u00a0\u00a0\u00a0\u00a0\u00a0\u00a0\u00a0\u00a0 NATH\u00c9RCIA<\/p>\n<p>GOSPEL- NDIVIDUAL<\/p>\n<p>KEISIANE LEME VARANIS<\/p>\n<p>CRIADOR DO MUNDO<\/p>\n<p>&nbsp;<\/p>\n<p>5.\u00a0\u00a0\u00a0\u00a0\u00a0\u00a0\u00a0\u00a0\u00a0\u00a0\u00a0 JO\u00c3O LEITE DE BARROS<\/p>\n<p>JUVENIL INDIVIDUAL<\/p>\n<p>J\u00daLIA CASTEDO<\/p>\n<p>O B\u00caBADO E A EQUILIBRISTA<\/p>\n<p>&nbsp;<\/p>\n<p>6.\u00a0\u00a0\u00a0\u00a0\u00a0\u00a0\u00a0\u00a0\u00a0\u00a0\u00a0 LUIZ DE ALBUQUERQUE<\/p>\n<p>GOSPEL-INDIVIDUAL<\/p>\n<p>DARIANNY VICT\u00d3RIA MOTTA DE OLIVEIRA<\/p>\n<p>HEY PAI<\/p>\n<p>&nbsp;<\/p>\n<p>7.\u00a0\u00a0\u00a0\u00a0\u00a0\u00a0\u00a0\u00a0\u00a0\u00a0\u00a0 JGP<\/p>\n<p>JUVENIL INDIVIDUAL<\/p>\n<p>ANTONIELLY DA SILVA<\/p>\n<p>ERA UMA VEZ<\/p>\n<p>&nbsp;<\/p>\n<p>8.\u00a0\u00a0\u00a0\u00a0\u00a0\u00a0\u00a0\u00a0\u00a0\u00a0\u00a0 PEDRO PAULO DE MEDEIROS<\/p>\n<p>JUVENIL INDIVIDUAL<\/p>\n<p>GABRIEL MORAIS DE OLIVEIRA<\/p>\n<p>LARGADO AS TRA\u00c7AS<\/p>\n<p>&nbsp;<\/p>\n<p>9.\u00a0\u00a0\u00a0\u00a0\u00a0\u00a0\u00a0\u00a0\u00a0\u00a0\u00a0 NATH\u00c9RCIA<\/p>\n<p>ADULTO INDIVIDUAL<\/p>\n<p>DENIZ SOUZA<\/p>\n<p>NEM DORMINDO N\u00c3O CONSIGO TE ESQUECER<\/p>\n<p>&nbsp;<\/p>\n<p>10.\u00a0\u00a0\u00a0\u00a0\u00a0\u00a0\u00a0\u00a0\u00a0 JOS\u00c9 DE SOUZA DAMY<\/p>\n<p>ADULTO INDIVIDUAL<\/p>\n<p>GABRIEL DOS SANTOS<\/p>\n<p>AMOR LOVE YOU<\/p>\n<p>&nbsp;<\/p>\n<p>11.\u00a0\u00a0\u00a0\u00a0\u00a0\u00a0\u00a0\u00a0\u00a0 E.E. DOM BOSCO<\/p>\n<p>GOSPEL<\/p>\n<p>THAELSON CRUZ<\/p>\n<p>MORRER PRA VIVER<\/p>\n<p>&nbsp;<\/p>\n<p>12.\u00a0\u00a0\u00a0\u00a0\u00a0\u00a0\u00a0\u00a0\u00a0 PEDRO PAULO DE MEDEIROS<\/p>\n<p>PROFISSIONAIS DA EDUCA\u00c7\u00c3O-INDIVIDUAL<\/p>\n<p>ANACLETO L. DA SILVA<\/p>\n<p>A SAUDADE \u00c9 UMA ESTRADA LONGA<\/p>\n<p>&nbsp;<\/p>\n<p>13.\u00a0\u00a0\u00a0\u00a0\u00a0\u00a0\u00a0\u00a0\u00a0 GABRIEL VANDONI DE BARROS<\/p>\n<p>GOSPEL &#8211; INDIVIDUAL<\/p>\n<p>LUANY BEATRIZ<\/p>\n<p>DEUS DO SECRETO<\/p>\n<p>&nbsp;<\/p>\n<p>14.\u00a0\u00a0\u00a0\u00a0\u00a0\u00a0\u00a0\u00a0\u00a0 NATH\u00c9RCIA POMPEO DOS SANTOS<\/p>\n<p>GOSPEL- INDIVIDUAL<\/p>\n<p>JUSSARA JESUS<\/p>\n<p>EM TEUS BRA\u00c7OS \u00c9 O DESCAN\u00c7O<\/p>\n<p>&nbsp;<\/p>\n<p>15.\u00a0\u00a0\u00a0\u00a0\u00a0\u00a0\u00a0\u00a0\u00a0 BAR\u00c3O DO RIO BRANCO<\/p>\n<p>INFANTIL-INDIVIDUAL<\/p>\n<p>VITOR EMANOEL RODRIGUES DOS SANTOS<\/p>\n<p>PROPAGANDA<\/p>\n<p>&nbsp;<\/p>\n<p>16.\u00a0\u00a0\u00a0\u00a0\u00a0\u00a0\u00a0\u00a0\u00a0 ESCOLA DA AUTORIA JGP<\/p>\n<p>JUVENIL &#8211; INDIVIDUAL<\/p>\n<p>LUMA YASMIN SANTOS<\/p>\n<p>EU SEI DE COR<\/p>\n<p>&nbsp;<\/p>\n<p>17.\u00a0\u00a0\u00a0\u00a0\u00a0\u00a0\u00a0\u00a0\u00a0 JOS\u00c9 DE SOUZA DAMY<\/p>\n<p>JUVENIL INFANTIL<\/p>\n<p>GABRIELA DE F\u00c1TIMA SANTOS<\/p>\n<p>ESP\u00cdRITO SANTO<\/p>\n<p>&nbsp;<\/p>\n<p>18.\u00a0\u00a0\u00a0\u00a0\u00a0\u00a0\u00a0\u00a0\u00a0 ESCOLA DA AUTORIA JGP<\/p>\n<p>JUVENIL &#8211; INDIVIDUAL<\/p>\n<p>BRUNA VELASQUEZ<\/p>\n<p>ME ABRA\u00c7A E ME BEIJA<\/p>\n<p>&nbsp;<\/p>\n<p>19.\u00a0\u00a0\u00a0\u00a0\u00a0\u00a0\u00a0\u00a0\u00a0 PAIOLZINHO<\/p>\n<p>GOSPEL &#8211; INDIVIDUAL<\/p>\n<p>SHALLETE\/MAYARA\/ALESSANDRA<\/p>\n<p>J\u00d3<\/p>\n<p>&nbsp;<\/p>\n<p>20.\u00a0\u00a0\u00a0\u00a0\u00a0\u00a0\u00a0\u00a0\u00a0 CYRIACO<\/p>\n<p>GOSPEL-INDIVIDUAL<\/p>\n<p>MARIA EDUARDA<\/p>\n<p>ALELUIA<\/p>\n<p>&nbsp;<\/p>\n<p>21.\u00a0\u00a0\u00a0\u00a0\u00a0\u00a0\u00a0\u00a0\u00a0 ESCOLA DA AUTORIA JGP<\/p>\n<p>PROFISSIONAIS DE EDUCA\u00c7\u00c3O-INDIVIDUAL<\/p>\n<p>RITA C\u00c1SSIA<\/p>\n<p>RESSUSCITA-ME<\/p>\n<p>&nbsp;<\/p>\n<p>22.\u00a0\u00a0\u00a0\u00a0\u00a0\u00a0\u00a0\u00a0\u00a0 DAMY<\/p>\n<p>INFANTIL-INDIVIDUAL<\/p>\n<p>THAYLA SANTOS<\/p>\n<p>DONA MARIA<\/p>\n<p>&nbsp;<\/p>\n<p>23.\u00a0\u00a0\u00a0\u00a0\u00a0\u00a0\u00a0\u00a0\u00a0 JO\u00c3O LEITE DE BARROS<\/p>\n<p>GOSPEL- INDIVIDUAL<\/p>\n<p>ESTER TAVARES<\/p>\n<p>MARANATA<\/p>\n<p>&nbsp;<\/p>\n<p>24.\u00a0\u00a0\u00a0\u00a0\u00a0\u00a0\u00a0\u00a0\u00a0 DOM BOSCO<\/p>\n<p>GOSPEL- INDIVIDUAL<\/p>\n<p>LEONARDO C\u00c9SAR<\/p>\n<p>RARIDADE<\/p>\n<p>&nbsp;<\/p>\n<p>25.\u00a0\u00a0\u00a0\u00a0\u00a0\u00a0\u00a0\u00a0\u00a0 IZABEL CORREIA<\/p>\n<p>PROFISSIONAIS DE EDUCA\u00c7\u00c3O<\/p>\n<p>IVANETE<\/p>\n<p>DELIRIOS DE AMOR<\/p>\n<p>&nbsp;<\/p>\n<p>26.\u00a0\u00a0\u00a0\u00a0\u00a0\u00a0\u00a0\u00a0\u00a0 CLIO PROEN\u00c7A<\/p>\n<p>ADULTO-INDIVIDUAL<\/p>\n<p>ANGELA DOS SANTOS<\/p>\n<p>P\u00c1SSARO DE FOGO<\/p>\n<p>&nbsp;<\/p>\n<p>27.\u00a0\u00a0\u00a0\u00a0\u00a0\u00a0\u00a0\u00a0\u00a0 IZABEL CORREA<\/p>\n<p>PROFISSIONAIS DE EDUCA\u00c7\u00c3O<\/p>\n<p>ANDERSON<\/p>\n<p>TENTEI SER INCR\u00cdVEL<\/p>\n<p>&nbsp;<\/p>\n<p>28.\u00a0\u00a0\u00a0\u00a0\u00a0\u00a0\u00a0\u00a0\u00a0 EUTR\u00d3PIA<\/p>\n<p>PROFISSIONAIS DE EDUCA\u00c7\u00c3O<\/p>\n<p>F\u00c1BIO DE OLIVEIRA<\/p>\n<p>AMIGA LINDA<\/p>\n<p>&nbsp;<\/p>\n<p>29.\u00a0\u00a0\u00a0\u00a0\u00a0\u00a0\u00a0\u00a0\u00a0 ESCOLA DA AUTORIA JGP<\/p>\n<p>JUVENIL-INDIVIDUAL<\/p>\n<p>MAYSA FERNANDA<\/p>\n<p>OLHARES<\/p>\n<p>&nbsp;<\/p>\n<p>30.\u00a0\u00a0\u00a0\u00a0\u00a0\u00a0\u00a0\u00a0\u00a0 NATH\u00c9RCIA\u00a0\u00a0\u00a0\u00a0\u00a0\u00a0\u00a0 POMPEO DOS SANTOS<\/p>\n<p>JUVENIL INDIVIDUAL<\/p>\n<p>TARLEY APARECIDO<\/p>\n<p>JEITO CARINHOSO<\/p>\n<p>&nbsp;<\/p>\n<p>&nbsp;<\/p>\n<p>31.\u00a0\u00a0\u00a0\u00a0\u00a0\u00a0\u00a0\u00a0\u00a0 GABRIEL VANDONI DE BARROS<\/p>\n<p>JUVENIL INDIVIDUAL<\/p>\n<p>JANA\u00cdNA CLARK<\/p>\n<p>F\u00c1TIMA<\/p>\n<p>&nbsp;<\/p>\n<p>32.\u00a0\u00a0\u00a0\u00a0\u00a0\u00a0\u00a0\u00a0\u00a0 IZABEL CORR\u00caA DE OLIVEIRA<\/p>\n<p>PROFISSIONAL DE EDUCA\u00c7\u00c3O<\/p>\n<p>ALESSI\u00a0 RAUL DE CASTRO NETO<\/p>\n<p>O ESCUDO<\/p>\n<p>&nbsp;<\/p>\n<p>33.\u00a0\u00a0\u00a0\u00a0\u00a0\u00a0\u00a0\u00a0\u00a0 IFMS<\/p>\n<p>PROFISSIONAL DE EDUCA\u00c7\u00c3O<\/p>\n<p>ANDR\u00c9 FREIRE MASTROROCO<\/p>\n<p>TODA FORMA DE AMOR<\/p>\n<p>&nbsp;<\/p>\n<p>34.\u00a0\u00a0\u00a0\u00a0\u00a0\u00a0\u00a0\u00a0\u00a0 E.M. JOS\u00c9 DE SOUZA DAMY<\/p>\n<p>PROFISSIONAL DE EDUCA\u00c7\u00c3O<\/p>\n<p>MARKUSS ZARATI<\/p>\n<p>TEMPO PERDIDO<\/p>\n","protected":false},"excerpt":{"rendered":"<p>O Festival Estudantil da Can\u00e7\u00e3o de Corumb\u00e1 (FECC 2018) come\u00e7a nesta quinta-feira, 30 de agosto,&#8230;<\/p>\n","protected":false},"author":1,"featured_media":0,"comment_status":"closed","ping_status":"closed","sticky":false,"template":"","format":"standard","meta":{"footnotes":""},"categories":[10],"tags":[],"class_list":["post-22003","post","type-post","status-publish","format-standard","hentry","category-educacao"],"_links":{"self":[{"href":"https:\/\/www.corumbaonline.com.br\/news\/wp-json\/wp\/v2\/posts\/22003","targetHints":{"allow":["GET"]}}],"collection":[{"href":"https:\/\/www.corumbaonline.com.br\/news\/wp-json\/wp\/v2\/posts"}],"about":[{"href":"https:\/\/www.corumbaonline.com.br\/news\/wp-json\/wp\/v2\/types\/post"}],"author":[{"embeddable":true,"href":"https:\/\/www.corumbaonline.com.br\/news\/wp-json\/wp\/v2\/users\/1"}],"replies":[{"embeddable":true,"href":"https:\/\/www.corumbaonline.com.br\/news\/wp-json\/wp\/v2\/comments?post=22003"}],"version-history":[{"count":1,"href":"https:\/\/www.corumbaonline.com.br\/news\/wp-json\/wp\/v2\/posts\/22003\/revisions"}],"predecessor-version":[{"id":22005,"href":"https:\/\/www.corumbaonline.com.br\/news\/wp-json\/wp\/v2\/posts\/22003\/revisions\/22005"}],"wp:attachment":[{"href":"https:\/\/www.corumbaonline.com.br\/news\/wp-json\/wp\/v2\/media?parent=22003"}],"wp:term":[{"taxonomy":"category","embeddable":true,"href":"https:\/\/www.corumbaonline.com.br\/news\/wp-json\/wp\/v2\/categories?post=22003"},{"taxonomy":"post_tag","embeddable":true,"href":"https:\/\/www.corumbaonline.com.br\/news\/wp-json\/wp\/v2\/tags?post=22003"}],"curies":[{"name":"wp","href":"https:\/\/api.w.org\/{rel}","templated":true}]}}