{"id":22008,"date":"2018-08-29T17:00:56","date_gmt":"2018-08-29T21:00:56","guid":{"rendered":"http:\/\/www.corumbaonline.com.br\/news\/?p=22008"},"modified":"2018-08-29T17:23:33","modified_gmt":"2018-08-29T21:23:33","slug":"brasil-reduz-em-446-numero-de-fumantes-passivos-no-trabalho","status":"publish","type":"post","link":"https:\/\/www.corumbaonline.com.br\/news\/brasil-reduz-em-446-numero-de-fumantes-passivos-no-trabalho\/","title":{"rendered":"Brasil reduz em 44,6% n\u00famero de fumantes passivos no trabalho"},"content":{"rendered":"<p>Dados do Minist\u00e9rio da Sa\u00fade divulgados\u00a0hoje\u00a0(29) apontam queda em 44,6% no percentual de fumantes passivos no local de trabalho nos \u00faltimos nove anos. O percentual, segundo a pasta, passou de 12,1% em 2009, para 6,7% em 2017.<\/p>\n<p>Os n\u00fameros s\u00e3o do \u00faltimo levantamento do Sistema de Vigil\u00e2ncia de Fatores de Risco e Prote\u00e7\u00e3o para Doen\u00e7as Cr\u00f4nicas por Inqu\u00e9rito Telef\u00f4nico (Vigitel 2017). O estudo ouviu, ao todo, 53.034 pessoas nas 26 capitais e no Distrito Federal.<\/p>\n<p>A s\u00e9rie hist\u00f3rica apontou redu\u00e7\u00e3o de fumantes passivos no ambiente de trabalho de 45,6% entre mulheres e 43,5% entre homens. Em 2009, as mulheres representavam 7,9% deles, passando para 4,3% em 2017. J\u00e1 entre os homens, o percentual era de 17% e reduziu para 9,6% no ano passado.<\/p>\n<p>Os dados destacam que a frequ\u00eancia de fumantes passivos no local de trabalho \u00e9 maior entre homens de 45 a 54 anos e mulheres de 35 a 44 anos. O menor percentual foi entre mulheres e homens com 65 anos ou mais. O estudo mostra ainda que a frequ\u00eancia de fumantes passivos nesse ambiente diminuiu com o aumento da escolaridade para ambos sexos.<\/p>\n<p>Nas capitais, a frequ\u00eancia de fumantes passivos no local de trabalho variou entre 3,7%, em Porto Alegre e 9,7%, em Porto Velho. Entre os homens, as maiores frequ\u00eancias foram observadas em Porto Velho (14,5%), no Recife (13,0%) e em Campo Grande (12,9%) e, entre as mulheres, no Distrito Federal (6,4%), em Jo\u00e3o Pessoa (6,0%) e Rio Branco (5,9%).<\/p>\n<p>J\u00e1 as menores frequ\u00eancias entre os homens foram observadas em Porto Alegre (5,2%), Curitiba (5,9%) e no Distrito Federal (6,7%). Para o sexo feminino, as menores frequ\u00eancias ocorreram em S\u00e3o Lu\u00eds (2,1%), Porto Alegre (2,4%) e Vit\u00f3ria (2,6%).<\/p>\n<h2>Fumantes passivos no domic\u00edlio<\/h2>\n<p>Ainda de acordo com o Minist\u00e9rio, dados da Vigitel tamb\u00e9m apontam queda de 37,8% no n\u00famero de fumantes passivos no local de domicilio, saindo de 12,7% em 2009 para 7,9% em 2017. Entre as mulheres, a redu\u00e7\u00e3o foi de 43,3% e entre os homens, de 37,8%.<\/p>\n<p>Em 2009, as mulheres representavam 13,4% dos fumantes passivos no local de domicilio, passando para 8,4% em 2017. J\u00e1 entre os homens, o percentual era de 11,9% em 2009 e 7,4% no ano passado.<\/p>\n<p>Os n\u00fameros que tamb\u00e9m mostram que a frequ\u00eancia de fumantes passivos no domicilio \u00e9 maior entre homens de 25 a 34 anos e entre mulheres de 18 a 24 anos. O menor percentual foi entre mulheres e homens na faixa et\u00e1ria de 65 anos ou mais.<\/p>\n<p>A preval\u00eancia de fumantes passivos no domic\u00edlio variou entre 5,2%, em Palmas, e 10,4%, em Macap\u00e1. Entre os homens, as maiores frequ\u00eancias foram observadas nas capitais Aracaju (9,8%), Belo Horizonte (9,5%) e Fortaleza (9,4%) e, entre as mulheres, em Macap\u00e1 (12,7%), no Recife (11,4%) e em\u00a0Natal\u00a0(10,4%).<\/p>\n<p>J\u00e1 as menores frequ\u00eancias entre os homens foram observadas em Salvador e S\u00e3o Lu\u00eds (ambas com 4,6%) e Manaus (4,8%); e as menores, entre as mulheres, em Palmas e Vit\u00f3ria (ambas com 4,7%) e Florian\u00f3polis (5,5%).<\/p>\n<h2>Consumo<\/h2>\n<p>Por fim, dados do minist\u00e9rio revelam que a frequ\u00eancia do consumo do tabaco entre fumantes nas capitais brasileiras caiu 36% no per\u00edodo de 2006 a 2017. Nos \u00faltimos anos, a preval\u00eancia de fumantes passou de 15,7%, em 2006, para 10,1% em 2017.<\/p>\n<p>A frequ\u00eancia do h\u00e1bito de fumar foi maior entre adultos com menor escolaridade (13,2%) e caiu para 7,4% entre aqueles com 12 anos ou mais de estudo. O inqu\u00e9rito tamb\u00e9m mostrou que, entre as capitais com maior preval\u00eancia de fumantes est\u00e3o Curitiba (15,6%), S\u00e3o Paulo (14,2%) e Porto Alegre (12,5%). Salvador foi a capital com menor preval\u00eancia de fumantes (4,1%).<\/p>\n","protected":false},"excerpt":{"rendered":"<p>Dados do Minist\u00e9rio da Sa\u00fade divulgados\u00a0hoje\u00a0(29) apontam queda em 44,6% no percentual de fumantes passivos&#8230;<\/p>\n","protected":false},"author":1,"featured_media":0,"comment_status":"closed","ping_status":"closed","sticky":false,"template":"","format":"standard","meta":{"footnotes":""},"categories":[21],"tags":[],"class_list":["post-22008","post","type-post","status-publish","format-standard","hentry","category-saude"],"_links":{"self":[{"href":"https:\/\/www.corumbaonline.com.br\/news\/wp-json\/wp\/v2\/posts\/22008","targetHints":{"allow":["GET"]}}],"collection":[{"href":"https:\/\/www.corumbaonline.com.br\/news\/wp-json\/wp\/v2\/posts"}],"about":[{"href":"https:\/\/www.corumbaonline.com.br\/news\/wp-json\/wp\/v2\/types\/post"}],"author":[{"embeddable":true,"href":"https:\/\/www.corumbaonline.com.br\/news\/wp-json\/wp\/v2\/users\/1"}],"replies":[{"embeddable":true,"href":"https:\/\/www.corumbaonline.com.br\/news\/wp-json\/wp\/v2\/comments?post=22008"}],"version-history":[{"count":1,"href":"https:\/\/www.corumbaonline.com.br\/news\/wp-json\/wp\/v2\/posts\/22008\/revisions"}],"predecessor-version":[{"id":22009,"href":"https:\/\/www.corumbaonline.com.br\/news\/wp-json\/wp\/v2\/posts\/22008\/revisions\/22009"}],"wp:attachment":[{"href":"https:\/\/www.corumbaonline.com.br\/news\/wp-json\/wp\/v2\/media?parent=22008"}],"wp:term":[{"taxonomy":"category","embeddable":true,"href":"https:\/\/www.corumbaonline.com.br\/news\/wp-json\/wp\/v2\/categories?post=22008"},{"taxonomy":"post_tag","embeddable":true,"href":"https:\/\/www.corumbaonline.com.br\/news\/wp-json\/wp\/v2\/tags?post=22008"}],"curies":[{"name":"wp","href":"https:\/\/api.w.org\/{rel}","templated":true}]}}