{"id":22010,"date":"2018-08-29T17:20:23","date_gmt":"2018-08-29T21:20:23","guid":{"rendered":"http:\/\/www.corumbaonline.com.br\/news\/?p=22010"},"modified":"2018-08-29T17:32:45","modified_gmt":"2018-08-29T21:32:45","slug":"senai-prorroga-prazo-de-matriculas-de-nove-cursos-tecnicos-em-seis-cidades-do-estado","status":"publish","type":"post","link":"https:\/\/www.corumbaonline.com.br\/news\/senai-prorroga-prazo-de-matriculas-de-nove-cursos-tecnicos-em-seis-cidades-do-estado\/","title":{"rendered":"Senai prorroga prazo de matr\u00edculas de nove cursos t\u00e9cnicos em seis cidades do Estado"},"content":{"rendered":"<p class=\"x_MsoNormal\">Ainda d\u00e1 tempo! O Senai prorrogou os prazos finais de matr\u00edculas para preencher 341 vagas em 9 curso t\u00e9cnicos de n\u00edvel m\u00e9dio distribu\u00eddos pelas cidades de Aparecida do Taboado, Campo Grande, Corumb\u00e1, Dourados, Maracaju, Navira\u00ed, Rio Verde e Tr\u00eas Lagoas. Do total de 341 vagas, 256 na modalidade presencial e 85 na modalidade EaD (Educa\u00e7\u00e3o a Dist\u00e2ncia).<\/p>\n<p class=\"x_MsoNormal\">\n<p class=\"x_MsoNormal\">Os 9 cursos oferecidos s\u00e3o t\u00e9cnico em seguran\u00e7a do trabalho, t\u00e9cnico em administra\u00e7\u00e3o, t\u00e9cnico em mec\u00e2nica, t\u00e9cnico em automa\u00e7\u00e3o industrial, t\u00e9cnico em log\u00edstica, t\u00e9cnico em edifica\u00e7\u00f5es, t\u00e9cnico em mecatr\u00f4nica, t\u00e9cnico em manuten\u00e7\u00e3o de m\u00e1quinas industriais e t\u00e9cnico em eletroeletr\u00f4nica.<\/p>\n<p class=\"x_MsoNormal\">\n<p class=\"x_MsoNormal\">Em Corumb\u00e1, os interessados t\u00eam at\u00e9 sexta-feira (31\/08), enquanto em Navira\u00ed e Tr\u00eas Lagoas o prazo vai at\u00e9 segunda-feira (03\/09). J\u00e1 em Maracaju vai at\u00e9 dia 6 de setembro e, em Aparecida do Taboado, vai at\u00e9 o dia 10 de setembro, enquanto em Campo Grande vai at\u00e9 segunda-feira (03\/09) em cinco cursos e at\u00e9 o dia 6 de setembro em um curso.<\/p>\n<p class=\"x_MsoNormal\"><b>\u00a0<\/b><\/p>\n<p class=\"x_MsoNormal\"><b>Matr\u00edculas<\/b><\/p>\n<p class=\"x_MsoNormal\">\n<p class=\"x_MsoNormal\">Os interessados devem fazer as matr\u00edculas nas secretarias das unidades operacionais do Senai onde deseja realizar o curso, sendo que a educa\u00e7\u00e3o profissional t\u00e9cnica de n\u00edvel m\u00e9dio \u00e9 destinada a alunos matriculados ou egressos do Ensino M\u00e9dio, que devem comprovar a escolaridade ou v\u00ednculo com institui\u00e7\u00e3o de ensino.<\/p>\n<p class=\"x_MsoNormal\">\n<p class=\"x_MsoNormal\">No ato da matricula \u00e9 necess\u00e1rio apresentar uma foto 3&#215;4 recente e original e c\u00f3pia da carteira de identidade ou CNH, CPF, t\u00edtulo de eleitor quando maior de 18 anos, hist\u00f3rico escolar do Ensino M\u00e9dio ou documento que comprove estar cursando a etapa tida como requisito para ingresso, comprovante de resid\u00eancia atualizado, certificado de reservista, certificado de alistamento militar ou certificado de dispensa de incorpora\u00e7\u00e3o.<\/p>\n<p class=\"x_MsoNormal\"><b>\u00a0<\/b><\/p>\n<p class=\"x_MsoNormal\"><b>Confira os cursos que ainda est\u00e3o com matr\u00edculas abertas em cada unidade:<\/b><\/p>\n<p class=\"x_MsoNormal\">\n<p class=\"x_MsoNormal\"><b>1 &#8211; Aparecida do Taboado<\/b><\/p>\n<p class=\"x_MsoNormal\">\n<p class=\"x_MsoNormal\">&#8211; T\u00e9cnico em Mec\u00e2nica: 25 vagas<\/p>\n<p class=\"x_MsoNormal\">\n<p class=\"x_MsoNormal\">&#8211; T\u00e9cnico em Seguran\u00e7a do Trabalho: 24 vagas<\/p>\n<p class=\"x_MsoNormal\">\n<p class=\"x_MsoNormal\"><i>OBS: matr\u00edcula at\u00e9 10\/09<\/i><\/p>\n<p class=\"x_MsoNormal\">\n<p class=\"x_MsoNormal\"><b>2 &#8211; Campo Grande<\/b><\/p>\n<p class=\"x_MsoNormal\">\n<p class=\"x_MsoNormal\"><b>\u2022\u00a0\u00a0\u00a0\u00a0\u00a0\u00a0\u00a0\u00a0\u00a0 Senai<\/b><\/p>\n<p class=\"x_MsoNormal\">\n<p class=\"x_MsoNormal\">&#8211; T\u00e9cnico em Administra\u00e7\u00e3o: 26 vagas<\/p>\n<p class=\"x_MsoNormal\">\n<p class=\"x_MsoNormal\">&#8211; T\u00e9cnico em Automa\u00e7\u00e3o Industrial: 19 vagas<\/p>\n<p class=\"x_MsoNormal\">\n<p class=\"x_MsoNormal\">&#8211; T\u00e9cnico em Automa\u00e7\u00e3o Industrial \u2013 EaD (Educa\u00e7\u00e3o a dist\u00e2ncia): 22 vagas<\/p>\n<p class=\"x_MsoNormal\">\n<p class=\"x_MsoNormal\">&#8211;\u00a0 T\u00e9cnico em Log\u00edstica: 31 vagas<\/p>\n<p class=\"x_MsoNormal\">\n<p class=\"x_MsoNormal\">&#8211; T\u00e9cnico em Seguran\u00e7a do Trabalho: 33 vagas<\/p>\n<p class=\"x_MsoNormal\">\n<p class=\"x_MsoNormal\"><i>OBS: matr\u00edcula at\u00e9 03\/09<\/i><\/p>\n<p class=\"x_MsoNormal\">\n<p class=\"x_MsoNormal\"><b>\u2022\u00a0\u00a0\u00a0\u00a0\u00a0\u00a0\u00a0\u00a0\u00a0 Escola Senai da Constru\u00e7\u00e3o<\/b><\/p>\n<p class=\"x_MsoNormal\">\n<p class=\"x_MsoNormal\">&#8211; T\u00e9cnico em Edifica\u00e7\u00f5es: 18 vagas<\/p>\n<p class=\"x_MsoNormal\">\n<p class=\"x_MsoNormal\">OBS: matr\u00edcula at\u00e9 06\/09<\/p>\n<p class=\"x_MsoNormal\">\n<p class=\"x_MsoNormal\"><b>3 \u2013 Corumb\u00e1<\/b><\/p>\n<p class=\"x_MsoNormal\">\n<p class=\"x_MsoNormal\">&#8211; T\u00e9cnico em Mecatr\u00f4nica: 15 vagas<\/p>\n<p class=\"x_MsoNormal\">\n<p class=\"x_MsoNormal\">&#8211; T\u00e9cnico em Manuten\u00e7\u00e3o da M\u00e1quinas Industriais: 12 vagas<\/p>\n<p class=\"x_MsoNormal\">\n<p class=\"x_MsoNormal\">&#8211; T\u00e9cnico em Eletroeletr\u00f4nica &#8211; EaD (Educa\u00e7\u00e3o a dist\u00e2ncia): 13 vagas<\/p>\n<p class=\"x_MsoNormal\">\n<p class=\"x_MsoNormal\"><i>OBS: matr\u00edcula at\u00e9 31\/08<\/i><\/p>\n<p class=\"x_MsoNormal\">\n<p class=\"x_MsoNormal\"><b>4 \u2013 Maracaju<\/b><\/p>\n<p class=\"x_MsoNormal\">\n<p class=\"x_MsoNormal\">&#8211; T\u00e9cnico em Administra\u00e7\u00e3o: 20 vagas<\/p>\n<p class=\"x_MsoNormal\">\n<p class=\"x_MsoNormal\">OBS: matr\u00edcula at\u00e9 06\/09<\/p>\n<p class=\"x_MsoNormal\">\n<p class=\"x_MsoNormal\"><b>5 \u2013 Navira\u00ed<\/b><\/p>\n<p class=\"x_MsoNormal\">\n<p class=\"x_MsoNormal\">&#8211; T\u00e9cnico em Automa\u00e7\u00e3o Industrial &#8211; EaD (Educa\u00e7\u00e3o a dist\u00e2ncia): 24 vagas<\/p>\n<p class=\"x_MsoNormal\">\n<p class=\"x_MsoNormal\"><i>OBS: matr\u00edcula at\u00e9 03\/09<\/i><\/p>\n<p class=\"x_MsoNormal\">\n<p class=\"x_MsoNormal\"><b>6 \u2013 Tr\u00eas Lagoas<\/b><\/p>\n<p class=\"x_MsoNormal\">\n<p class=\"x_MsoNormal\">&#8211; T\u00e9cnico em Automa\u00e7\u00e3o Industrial \u2013 EAD (Educa\u00e7\u00e3o a dist\u00e2ncia): 26 vagas<\/p>\n<p class=\"x_MsoNormal\">\n<p class=\"x_MsoNormal\">&#8211; T\u00e9cnico em Eletrot\u00e9cnica: 18 vagas<\/p>\n<p class=\"x_MsoNormal\">\n<p class=\"x_MsoNormal\">&#8211; T\u00e9cnico em Log\u00edstica: 15 vagas<\/p>\n<p class=\"x_MsoNormal\">\n<p class=\"x_MsoNormal\"><i>OBS: matr\u00edcula at\u00e9 03\/09<\/i><\/p>\n","protected":false},"excerpt":{"rendered":"<p>Ainda d\u00e1 tempo! O Senai prorrogou os prazos finais de matr\u00edculas para preencher 341 vagas&#8230;<\/p>\n","protected":false},"author":1,"featured_media":0,"comment_status":"closed","ping_status":"closed","sticky":false,"template":"","format":"standard","meta":{"footnotes":""},"categories":[10],"tags":[],"class_list":["post-22010","post","type-post","status-publish","format-standard","hentry","category-educacao"],"_links":{"self":[{"href":"https:\/\/www.corumbaonline.com.br\/news\/wp-json\/wp\/v2\/posts\/22010","targetHints":{"allow":["GET"]}}],"collection":[{"href":"https:\/\/www.corumbaonline.com.br\/news\/wp-json\/wp\/v2\/posts"}],"about":[{"href":"https:\/\/www.corumbaonline.com.br\/news\/wp-json\/wp\/v2\/types\/post"}],"author":[{"embeddable":true,"href":"https:\/\/www.corumbaonline.com.br\/news\/wp-json\/wp\/v2\/users\/1"}],"replies":[{"embeddable":true,"href":"https:\/\/www.corumbaonline.com.br\/news\/wp-json\/wp\/v2\/comments?post=22010"}],"version-history":[{"count":1,"href":"https:\/\/www.corumbaonline.com.br\/news\/wp-json\/wp\/v2\/posts\/22010\/revisions"}],"predecessor-version":[{"id":22011,"href":"https:\/\/www.corumbaonline.com.br\/news\/wp-json\/wp\/v2\/posts\/22010\/revisions\/22011"}],"wp:attachment":[{"href":"https:\/\/www.corumbaonline.com.br\/news\/wp-json\/wp\/v2\/media?parent=22010"}],"wp:term":[{"taxonomy":"category","embeddable":true,"href":"https:\/\/www.corumbaonline.com.br\/news\/wp-json\/wp\/v2\/categories?post=22010"},{"taxonomy":"post_tag","embeddable":true,"href":"https:\/\/www.corumbaonline.com.br\/news\/wp-json\/wp\/v2\/tags?post=22010"}],"curies":[{"name":"wp","href":"https:\/\/api.w.org\/{rel}","templated":true}]}}