{"id":22012,"date":"2018-08-30T08:05:38","date_gmt":"2018-08-30T12:05:38","guid":{"rendered":"http:\/\/www.corumbaonline.com.br\/news\/?p=22012"},"modified":"2018-08-29T17:42:59","modified_gmt":"2018-08-29T21:42:59","slug":"ifms-recebe-ate-dia-3-inscricao-de-trabalhos-nas-feiras-cientificas","status":"publish","type":"post","link":"https:\/\/www.corumbaonline.com.br\/news\/ifms-recebe-ate-dia-3-inscricao-de-trabalhos-nas-feiras-cientificas\/","title":{"rendered":"IFMS recebe at\u00e9 dia 3 inscri\u00e7\u00e3o de trabalhos nas feiras cient\u00edficas"},"content":{"rendered":"<p>As inscri\u00e7\u00f5es para as feiras cient\u00edficas do Instituto Federal de Mato Grosso do Sul (IFMS) terminam na pr\u00f3xima segunda-feira, 3. Elas ser\u00e3o realizadas em dez munic\u00edpios em outubro e fazem parte da programa\u00e7\u00e3o da Semana de Ci\u00eancia e Tecnologia da institui\u00e7\u00e3o.<\/p>\n<p>Os trabalhos devem ser produzidos por estudantes do 6\u00ba ao 9\u00ba ano do ensino fundamental, do ensino m\u00e9dio ou do t\u00e9cnico integrado, das institui\u00e7\u00f5es de ensino, p\u00fablicas ou privadas, dos munic\u00edpios da \u00e1rea de\u00a0<a href=\"http:\/\/www.ifms.edu.br:9000\/lists\/lt.php?tid=KxkABlYAWwdbUEtQUQdcTlBcBFtOW10BBxtZUFYKAFUBUQYLBAEfUQBWVVVUUV1OUVMBW04NWgEHGwAAAQZPAFpXBABWD1sCBlMAH1ICAwYCUlcDTghaXAYbDFZQBk8JVlZUH1AKVgBWAgNWVAIABw\" target=\"_blank\" rel=\"noopener noreferrer\">abrang\u00eancia<\/a>\u00a0dos campi do IFMS. \u00a0Os egressos do t\u00e9cnico integrado do Instituto, que tenham conclu\u00eddo seus cursos ap\u00f3s novembro de 2017, tamb\u00e9m podem inscrever seus projetos.<\/p>\n<p>As inscri\u00e7\u00f5es s\u00e3o gratuitas e devem ser feitas pelo orientador do trabalho no\u00a0<a href=\"http:\/\/www.ifms.edu.br:9000\/lists\/lt.php?tid=KxlQAABcVAlWVEsHAQNWTlADVwFOWw0BVxsKUFdXWwJTUgBQVVkfUQBWVVVUUV1OUVMBW04NWgEHGwAAAQZPAFpXBABWD1sCBlMAH1ICAwYCUlcDTghaXAYbDFZQBk8JVlZUH1AKVgBWAgNWVAIABw\" target=\"_blank\" rel=\"noopener noreferrer\">Sistema de Submiss\u00e3o e Avalia\u00e7\u00e3o de Projetos<\/a>.<\/p>\n<p>No processo de submiss\u00e3o, o orientador deve cadastrar informa\u00e7\u00f5es sobre o trabalho e os autores, al\u00e9m de submeter o resumo expandido, elaborado de acordo com os modelos disponibilizados na\u00a0<a href=\"http:\/\/www.ifms.edu.br:9000\/lists\/lt.php?tid=KxkHUFMIVwJQUktbUVQHTlBQC1JOAF0MVBsBXgABVwJTUlYAUwwfUQBWVVVUUV1OUVMBW04NWgEHGwAAAQZPAFpXBABWD1sCBlMAH1ICAwYCUlcDTghaXAYbDFZQBk8JVlZUH1AKVgBWAgNWVAIABw\" target=\"_blank\" rel=\"noopener noreferrer\">Central de Sele\u00e7\u00e3o<\/a>, onde tamb\u00e9m est\u00e1 dispon\u00edvel o edital de abertura do processo seletivo.<\/p>\n<p>As feiras ser\u00e3o promovidas em Aquidauana (Feciaq), Campo Grande (Fecintec), Corumb\u00e1 (Fecipan), Coxim (Fecitecx), Dourados (Fecigran), Jardim (Fecioeste), Navira\u00ed (Fecinavi), Nova Andradina (Fecinova), Ponta Por\u00e3 (Fecifron) e Tr\u00eas Lagoas (Fecitel), conforme cronograma da tabela abaixo.<\/p>\n<p><strong>Normas\u00a0<\/strong>&#8211; Cada trabalho pode ter at\u00e9 tr\u00eas estudantes e um orientador, que deve ser docente com v\u00ednculo empregat\u00edcio com institui\u00e7\u00f5es de ensino. Aos estudantes vinculados ao Programa Institucional de Bolsa de Inicia\u00e7\u00e3o \u00e0 Doc\u00eancia (Pibid), cabe a participa\u00e7\u00e3o como co-orientador, caso haja interesse.<\/p>\n<p>Os trabalhos precisam estar inseridos nas \u00e1reas de conhecimento de Ci\u00eancias Biol\u00f3gicas e da Sa\u00fade, Ci\u00eancias Exatas e da Terra, Ci\u00eancias Humanas\/Sociais Aplicadas e Lingu\u00edstica, Ci\u00eancias Agr\u00e1rias e Engenharias e Multidisciplinar (mais de uma \u00e1rea de conhecimento predominante).<\/p>\n<p>A sele\u00e7\u00e3o ser\u00e1 feita com base na an\u00e1lise das propostas, a partir da inscri\u00e7\u00e3o e da avalia\u00e7\u00e3o dos resumos expandidos, ficando a cargo dos comit\u00eas de pr\u00e9-avalia\u00e7\u00e3o e sele\u00e7\u00e3o de cada feira, formados por professores dos campi.<\/p>\n<p>Na avalia\u00e7\u00e3o dos resumos ser\u00e3o considerados aspectos como criatividade e inova\u00e7\u00e3o, conhecimento cient\u00edfico do tema, organiza\u00e7\u00e3o e clareza de ideias, e adequa\u00e7\u00e3o \u00e0 norma culta de linguagem. Os trabalhos selecionados dever\u00e3o ainda providenciar os itens necess\u00e1rios para apresenta\u00e7\u00e3o nas feiras, conforme descrito no edital de abertura.<\/p>\n<p><strong>Feiras\u00a0<\/strong>&#8211; Nelas, os trabalhos ser\u00e3o analisados por comiss\u00f5es avaliadoras compostas por professores e pesquisadores oriundos de universidades, institutos federais, escolas p\u00fablicas e privadas, institui\u00e7\u00f5es de pesquisa e demais \u00f3rg\u00e3os p\u00fablicos. Os crit\u00e9rios avaliados ser\u00e3o pesquisa cientifica, pesquisa tecnol\u00f3gica e itens comuns as duas categorias.<\/p>\n<p>Ser\u00e3o premiados trabalhos nas categorias n\u00edvel m\u00e9dio\/t\u00e9cnico integrado e n\u00edvel fundamental, al\u00e9m de melhor p\u00f4ster\/banner, maquete\/prot\u00f3tipo, apresenta\u00e7\u00e3o oral, relat\u00f3rio, e projeto na categoria n\u00edvel m\u00e9dio\/t\u00e9cnico.<\/p>\n<p>Todos os autores dos trabalhos receber\u00e3o certificado de participa\u00e7\u00e3o que deve ser retirado no campus respons\u00e1vel pela organiza\u00e7\u00e3o da feira onde o trabalho foi apresentado.<\/p>\n<p><strong>Semana de Ci\u00eancia e Tecnologia<\/strong>\u00a0\u2013 Em 2018, o evento ser\u00e1 realizado de 1\u00ba a 5 de outubro. A edi\u00e7\u00e3o ter\u00e1 como tema \u201cCi\u00eancia para a Redu\u00e7\u00e3o das Desigualdades\u201d. A tem\u00e1tica est\u00e1 relacionada aos Objetivos do Desenvolvimento Sustent\u00e1vel (ODS) estipulados pelas Na\u00e7\u00f5es Unidas.<\/p>\n<p>Na programa\u00e7\u00e3o, al\u00e9m das feiras, est\u00e3o previstas atividades gratuitas e abertas ao p\u00fablico, como palestras, oficinas e mesas-redondas.<\/p>\n<p><strong>Feiras do IFMS 2018<\/strong><\/p>\n<table border=\"1\" width=\"100%\" cellspacing=\"0\" cellpadding=\"0\">\n<tbody>\n<tr>\n<td><strong>Evento<\/strong><\/td>\n<td><strong>Data<\/strong><\/td>\n<\/tr>\n<tr>\n<td>Feira de Ci\u00eancia e Tecnologia de Aquidauana (Feciaq)<\/td>\n<td>01, 02 e 05\/10<\/td>\n<\/tr>\n<tr>\n<td>Feira de Ci\u00eancia e Tecnologia de Campo Grande (Fecintec)<\/td>\n<td>03 a 05\/10<\/td>\n<\/tr>\n<tr>\n<td>Feira de Ci\u00eancia e Tecnologia do Pantanal em Corumb\u00e1 (Fecipan)<\/td>\n<td>04 a 06\/10<\/td>\n<\/tr>\n<tr>\n<td>Feira de Ci\u00eancia e Tecnologia de Coxim (Fecitecx)<\/td>\n<td>03 e 04\/10<\/td>\n<\/tr>\n<tr>\n<td>Feira de Ci\u00eancia e Tecnologia da Grande Dourados (Fecigran)<\/td>\n<td>04 e 05\/10<\/td>\n<\/tr>\n<tr>\n<td>Feira de Ci\u00eancia e Tecnologia da Regi\u00e3o Sudoeste em Jardim (Fecioeste)<\/td>\n<td>03 a 05\/10<\/td>\n<\/tr>\n<tr>\n<td>Feira de Ci\u00eancia e Tecnologia de Navira\u00ed (Fecinavi)<\/td>\n<td>04 e 05\/10<\/td>\n<\/tr>\n<tr>\n<td>Feira de Ci\u00eancia e Tecnologia de Nova Andradina (Fecinova)<\/td>\n<td>02, 03 e 05\/10<\/td>\n<\/tr>\n<tr>\n<td>Feira de Ci\u00eancia e Tecnologia da Fronteira de Ponta Por\u00e3 (Fecifron)<\/td>\n<td>02 e 03\/10<\/td>\n<\/tr>\n<tr>\n<td>Feira de Ci\u00eancia e Tecnologia de Tr\u00eas Lagoas (Fecitel)<\/td>\n<td>02, 03 e 05\/10<\/td>\n<\/tr>\n<\/tbody>\n<\/table>\n","protected":false},"excerpt":{"rendered":"<p>As inscri\u00e7\u00f5es para as feiras cient\u00edficas do Instituto Federal de Mato Grosso do Sul (IFMS)&#8230;<\/p>\n","protected":false},"author":1,"featured_media":0,"comment_status":"closed","ping_status":"closed","sticky":false,"template":"","format":"standard","meta":{"footnotes":""},"categories":[10],"tags":[],"class_list":["post-22012","post","type-post","status-publish","format-standard","hentry","category-educacao"],"_links":{"self":[{"href":"https:\/\/www.corumbaonline.com.br\/news\/wp-json\/wp\/v2\/posts\/22012","targetHints":{"allow":["GET"]}}],"collection":[{"href":"https:\/\/www.corumbaonline.com.br\/news\/wp-json\/wp\/v2\/posts"}],"about":[{"href":"https:\/\/www.corumbaonline.com.br\/news\/wp-json\/wp\/v2\/types\/post"}],"author":[{"embeddable":true,"href":"https:\/\/www.corumbaonline.com.br\/news\/wp-json\/wp\/v2\/users\/1"}],"replies":[{"embeddable":true,"href":"https:\/\/www.corumbaonline.com.br\/news\/wp-json\/wp\/v2\/comments?post=22012"}],"version-history":[{"count":1,"href":"https:\/\/www.corumbaonline.com.br\/news\/wp-json\/wp\/v2\/posts\/22012\/revisions"}],"predecessor-version":[{"id":22013,"href":"https:\/\/www.corumbaonline.com.br\/news\/wp-json\/wp\/v2\/posts\/22012\/revisions\/22013"}],"wp:attachment":[{"href":"https:\/\/www.corumbaonline.com.br\/news\/wp-json\/wp\/v2\/media?parent=22012"}],"wp:term":[{"taxonomy":"category","embeddable":true,"href":"https:\/\/www.corumbaonline.com.br\/news\/wp-json\/wp\/v2\/categories?post=22012"},{"taxonomy":"post_tag","embeddable":true,"href":"https:\/\/www.corumbaonline.com.br\/news\/wp-json\/wp\/v2\/tags?post=22012"}],"curies":[{"name":"wp","href":"https:\/\/api.w.org\/{rel}","templated":true}]}}