{"id":22014,"date":"2018-08-30T08:18:18","date_gmt":"2018-08-30T12:18:18","guid":{"rendered":"http:\/\/www.corumbaonline.com.br\/news\/?p=22014"},"modified":"2018-08-29T17:43:51","modified_gmt":"2018-08-29T21:43:51","slug":"por-decisao-judicial-estado-esta-impedido-de-pavimentar-a-ms-473","status":"publish","type":"post","link":"https:\/\/www.corumbaonline.com.br\/news\/por-decisao-judicial-estado-esta-impedido-de-pavimentar-a-ms-473\/","title":{"rendered":"Por decis\u00e3o judicial, Estado est\u00e1 impedido de pavimentar a MS-473"},"content":{"rendered":"<p>O Governo do Estado de Mato Grosso do Sul diante da reivindica\u00e7\u00e3o dos acad\u00eamicos do Instituto Federal de Mato Grosso do Sul (IFMS) esclarece que est\u00e1 impedido, por decis\u00e3o judicial, de executar a obra de pavimenta\u00e7\u00e3o da rodovia MS-473, no munic\u00edpio de Nova Andradina. A referida via \u00e9 alvo de inqu\u00e9rito civil instaurado pelo Minist\u00e9rio P\u00fablico Estadual (MPE), em meados de 2016, para apura\u00e7\u00e3o de supostos crimes contra a gest\u00e3o anterior do Estado por desvios de recursos na execu\u00e7\u00e3o de obras.<\/p>\n<p>Por esta raz\u00e3o, conforme nota de esclarecimento expedida pela Ag\u00eancia Estadual de Gest\u00e3o de Empreendimentos (Agesul), o Estado aguarda a conclus\u00e3o de per\u00edcias t\u00e9cnicas que far\u00e3o parte do inqu\u00e9rito para licitar a pavimenta\u00e7\u00e3o da rodovia. Um dos trechos previstos no projeto, de 23 km, atender\u00e1 diretamente a comunidade acad\u00eamica do campus do IFMS.<\/p>\n<p>\u201cPor conta da per\u00edcia judicial \u2013 explica a Agesul \u2013 e considerando que a realiza\u00e7\u00e3o da pavimenta\u00e7\u00e3o ir\u00e1 descaracterizar completamente a rodovia objeto dos autos, o que pode impactar sensivelmente no curso da a\u00e7\u00e3o judicial, o Governo do Estado est\u00e1 impedido de dar sequ\u00eancia \u00e0 licita\u00e7\u00e3o para contrata\u00e7\u00e3o da pavimenta\u00e7\u00e3o reivindicada (pela comunidade acad\u00eamica)\u201d.<\/p>\n<p>A Agesul ainda informa que j\u00e1 existe processo administrativo desde 2016 para licita\u00e7\u00e3o e execu\u00e7\u00e3o da obra. Sens\u00edvel \u00e0 quest\u00e3o e \u00e0s reivindica\u00e7\u00f5es dos alunos do IFMS, o Estado enviou diversos expedientes ao MP\/MS e ao Judici\u00e1rio, questionando quanto a celeridade na realiza\u00e7\u00e3o da per\u00edcia, sem a qual, conforme justificativa, n\u00e3o ser\u00e1 poss\u00edvel deflagrar o processo licitat\u00f3ria da obra.<\/p>\n","protected":false},"excerpt":{"rendered":"<p>O Governo do Estado de Mato Grosso do Sul diante da reivindica\u00e7\u00e3o dos acad\u00eamicos do&#8230;<\/p>\n","protected":false},"author":1,"featured_media":0,"comment_status":"closed","ping_status":"closed","sticky":false,"template":"","format":"standard","meta":{"footnotes":""},"categories":[14],"tags":[],"class_list":["post-22014","post","type-post","status-publish","format-standard","hentry","category-geral"],"_links":{"self":[{"href":"https:\/\/www.corumbaonline.com.br\/news\/wp-json\/wp\/v2\/posts\/22014","targetHints":{"allow":["GET"]}}],"collection":[{"href":"https:\/\/www.corumbaonline.com.br\/news\/wp-json\/wp\/v2\/posts"}],"about":[{"href":"https:\/\/www.corumbaonline.com.br\/news\/wp-json\/wp\/v2\/types\/post"}],"author":[{"embeddable":true,"href":"https:\/\/www.corumbaonline.com.br\/news\/wp-json\/wp\/v2\/users\/1"}],"replies":[{"embeddable":true,"href":"https:\/\/www.corumbaonline.com.br\/news\/wp-json\/wp\/v2\/comments?post=22014"}],"version-history":[{"count":1,"href":"https:\/\/www.corumbaonline.com.br\/news\/wp-json\/wp\/v2\/posts\/22014\/revisions"}],"predecessor-version":[{"id":22015,"href":"https:\/\/www.corumbaonline.com.br\/news\/wp-json\/wp\/v2\/posts\/22014\/revisions\/22015"}],"wp:attachment":[{"href":"https:\/\/www.corumbaonline.com.br\/news\/wp-json\/wp\/v2\/media?parent=22014"}],"wp:term":[{"taxonomy":"category","embeddable":true,"href":"https:\/\/www.corumbaonline.com.br\/news\/wp-json\/wp\/v2\/categories?post=22014"},{"taxonomy":"post_tag","embeddable":true,"href":"https:\/\/www.corumbaonline.com.br\/news\/wp-json\/wp\/v2\/tags?post=22014"}],"curies":[{"name":"wp","href":"https:\/\/api.w.org\/{rel}","templated":true}]}}