{"id":22018,"date":"2018-08-30T09:42:46","date_gmt":"2018-08-30T13:42:46","guid":{"rendered":"http:\/\/www.corumbaonline.com.br\/news\/?p=22018"},"modified":"2018-08-29T17:52:12","modified_gmt":"2018-08-29T21:52:12","slug":"base-nacional-comum-curricular-do-ensino-medio-sera-tema-de-debate-nesta-quinta-feira","status":"publish","type":"post","link":"https:\/\/www.corumbaonline.com.br\/news\/base-nacional-comum-curricular-do-ensino-medio-sera-tema-de-debate-nesta-quinta-feira\/","title":{"rendered":"Base Nacional Comum Curricular do Ensino M\u00e9dio ser\u00e1 tema de debate nesta quinta-feira"},"content":{"rendered":"<p class=\"x_MsoNormal\"><span lang=\"PT-BR\"><span style=\"font-family: verdana, sans-serif;\">A Reforma do Ensino M\u00e9dio, que tramita no Congresso Nacional, tem preocupado profissionais ligados \u00e0 educa\u00e7\u00e3o de todo o Pa\u00eds. Para discutir o assunto, o deputado estadual Amarildo Cruz (PT), em parceria com a Federa\u00e7\u00e3o dos Trabalhadores em Educa\u00e7\u00e3o de MS (Fetems), promove nesta quinta-feira, 30 de agosto, a audi\u00eancia p\u00fablica\u00a0<b>&#8220;A Reforma e a BNCC &#8211; Base Nacional Comum Curricular do Ensino M\u00e9dio no Centro das Aten\u00e7\u00f5es &#8211; Reflex\u00f5es e Cr\u00edticas&#8221;<\/b>. O debate \u00e9 aberto para toda a popula\u00e7\u00e3o e est\u00e1 marcado para as 13h30, no plen\u00e1rio da Assembleia Legislativa.<\/span><\/span><\/p>\n<p class=\"x_MsoNormal\"><span lang=\"PT-BR\"><span style=\"font-family: verdana, sans-serif;\">Amarildo Cruz afirma que as propostas atingem diretamente o modelo de educa\u00e7\u00e3o p\u00fablica de qualidade para todos. &#8220;Esse \u00e9 um debate de extrema import\u00e2ncia para toda a sociedade porque tem a finalidade de aprofundarmos as discuss\u00f5es sobre a proposta que tramita no Congresso Nacional de mudan\u00e7as no Ensino M\u00e9dio do Pa\u00eds. Mudan\u00e7as estas, que do meu ponto de vista, enfraquecem a educa\u00e7\u00e3o, retiram investimentos e, inclusive, visa a privatiza\u00e7\u00e3o do ensino p\u00fablico de qualidade&#8221;, pontuou o parlamentar.<\/span><\/span><\/p>\n<p class=\"x_MsoNormal\"><span lang=\"PT-BR\"><span style=\"font-family: verdana, sans-serif;\">A presidenta em exerc\u00edcio da FETEMS, Sueli Veiga, reafirma a import\u00e2ncia de realizar o debate, uma vez que as mudan\u00e7as que vem sendo impostas pelo governo de Michel Temer e pelo Minist\u00e9rio da Educa\u00e7\u00e3o, sem nenhuma discuss\u00e3o, sem verificar condi\u00e7\u00f5es e as estruturas das escolas dos munic\u00edpios nos Estados, \u00e9 motivo de muita preocupa\u00e7\u00e3o pela categoria. &#8220;A reforma fez uma grande mudan\u00e7a no ensino m\u00e9dio e agora a BNCC vem para legitimar essa reforma, de uma maneira que praticamente acaba com o ensino m\u00e9dio da forma que n\u00f3s conhecemos. O ensino m\u00e9dio passa a ter como disciplina obrigat\u00f3ria apenas o portugu\u00eas e a matem\u00e1tica e as demais disciplinas v\u00e3o se dissolver nas chamadas \u00e1reas de conhecimento, que ainda n\u00e3o sabemos como vai ficar. Portanto, \u00e9 uma grande preocupa\u00e7\u00e3o da FETEMS e dos trabalhadores e trabalhadoras em educa\u00e7\u00e3o, especialmente \u00e0queles que atuam no ensino m\u00e9dio&#8221;, esclareceu.<\/span><\/span><\/p>\n<p class=\"x_MsoNormal\"><span lang=\"PT-BR\"><span style=\"font-family: verdana, sans-serif;\">Embora as audi\u00eancias n\u00e3o tenham car\u00e1ter deliberativo, elas s\u00e3o essenciais para que os membros do Conselho Nacional de Educa\u00e7\u00e3o elaborem um documento normativo que reflita necessidades, interesses, diversidade e pluralidade do panorama educacional brasileiro e os desafios a serem enfrentados para a constru\u00e7\u00e3o de uma educa\u00e7\u00e3o de qualidade como direito de todos.<\/span><\/span><\/p>\n<p class=\"x_MsoNormal\"><span lang=\"PT-BR\"><span style=\"font-family: verdana, sans-serif;\">Para discorrer a respeito, foram convidados os docentes Fernando Penna, professor da Universidade Federal Fluminense (UFF), e a professora da Universidade Federal de Mato Grosso do Sul (UFMS) Maria Lima.<\/span><\/span><\/p>\n<p class=\"x_MsoNormal\"><span lang=\"PT-BR\"><span style=\"font-family: verdana, sans-serif;\">A Base foi entregue pelo MEC ao CNE em abril deste ano. Agora, o documento est\u00e1 na \u00faltima fase de debates p\u00fablicos, por meio das audi\u00eancias. A previs\u00e3o \u00e9 que ele seja debatido at\u00e9 o fim de 2018.<\/span><\/span><\/p>\n<p class=\"x_MsoNormal\"><span lang=\"PT-BR\"><span style=\"font-family: verdana, sans-serif;\">Al\u00e9m das manifesta\u00e7\u00f5es nas audi\u00eancias p\u00fablicas, o CNE receber\u00e1 contribui\u00e7\u00f5es fundamentadas e circunstanciadas de pessoas f\u00edsicas, \u00f3rg\u00e3os, associa\u00e7\u00f5es, entidades representativas ou especialistas envolvidos com o tema da Base Nacional Comum Curricular \u2013 Ensino M\u00e9dio, com autoria identificada e qualificada, por meio eletr\u00f4nico na p\u00e1gina\u00a0<a href=\"http:\/\/cnebncc.mec.gov.br\/\" target=\"_blank\" rel=\"noopener noreferrer\">http:\/\/cnebncc.mec.gov.br<\/a>.<\/span><\/span><\/p>\n","protected":false},"excerpt":{"rendered":"<p>A Reforma do Ensino M\u00e9dio, que tramita no Congresso Nacional, tem preocupado profissionais ligados \u00e0&#8230;<\/p>\n","protected":false},"author":1,"featured_media":0,"comment_status":"closed","ping_status":"closed","sticky":false,"template":"","format":"standard","meta":{"footnotes":""},"categories":[10],"tags":[],"class_list":["post-22018","post","type-post","status-publish","format-standard","hentry","category-educacao"],"_links":{"self":[{"href":"https:\/\/www.corumbaonline.com.br\/news\/wp-json\/wp\/v2\/posts\/22018","targetHints":{"allow":["GET"]}}],"collection":[{"href":"https:\/\/www.corumbaonline.com.br\/news\/wp-json\/wp\/v2\/posts"}],"about":[{"href":"https:\/\/www.corumbaonline.com.br\/news\/wp-json\/wp\/v2\/types\/post"}],"author":[{"embeddable":true,"href":"https:\/\/www.corumbaonline.com.br\/news\/wp-json\/wp\/v2\/users\/1"}],"replies":[{"embeddable":true,"href":"https:\/\/www.corumbaonline.com.br\/news\/wp-json\/wp\/v2\/comments?post=22018"}],"version-history":[{"count":1,"href":"https:\/\/www.corumbaonline.com.br\/news\/wp-json\/wp\/v2\/posts\/22018\/revisions"}],"predecessor-version":[{"id":22019,"href":"https:\/\/www.corumbaonline.com.br\/news\/wp-json\/wp\/v2\/posts\/22018\/revisions\/22019"}],"wp:attachment":[{"href":"https:\/\/www.corumbaonline.com.br\/news\/wp-json\/wp\/v2\/media?parent=22018"}],"wp:term":[{"taxonomy":"category","embeddable":true,"href":"https:\/\/www.corumbaonline.com.br\/news\/wp-json\/wp\/v2\/categories?post=22018"},{"taxonomy":"post_tag","embeddable":true,"href":"https:\/\/www.corumbaonline.com.br\/news\/wp-json\/wp\/v2\/tags?post=22018"}],"curies":[{"name":"wp","href":"https:\/\/api.w.org\/{rel}","templated":true}]}}