{"id":22026,"date":"2018-08-30T07:00:09","date_gmt":"2018-08-30T11:00:09","guid":{"rendered":"http:\/\/www.corumbaonline.com.br\/news\/?p=22026"},"modified":"2018-08-30T06:48:36","modified_gmt":"2018-08-30T10:48:36","slug":"temer-e-stf-fecham-acordo-para-elevar-salarios-dos-ministros","status":"publish","type":"post","link":"https:\/\/www.corumbaonline.com.br\/news\/temer-e-stf-fecham-acordo-para-elevar-salarios-dos-ministros\/","title":{"rendered":"Temer e STF fecham acordo para elevar sal\u00e1rios dos ministros"},"content":{"rendered":"<p>Diante da decis\u00e3o do Judici\u00e1rio e do Legislativo de aumentarem os sal\u00e1rios de seus funcion\u00e1rios em 2019, o presidente Michel Temer desistiu de enviar\u00a0ao Congresso Nacional uma medida provis\u00f3ria (MP),\u00a0dada como certa desde\u00a010 de agosto, que adiaria para 2020 o reajuste dos servidores do poder Executivo.<\/p>\n<p>O Pal\u00e1cio do Planalto avaliou que a MP que excluiria apenas o Executivo do benef\u00edcio salarial n\u00e3o teria apoio dos parlamentares.<\/p>\n<p>A decis\u00e3o foi tomada ap\u00f3s conversas do presidente com representantes do Judici\u00e1rio e do Legislativo. Temer tamb\u00e9m negociou com o Supremo Tribunal Federal (STF) a promessa de\u00a0troca do\u00a0aux\u00edlio-moradia, que deixaria de existir no Poder Judici\u00e1rio, pelo reajuste de 16,8% aprovado pela maioria do STF.<\/p>\n<h2>Ajuste fiscal<\/h2>\n<p>A secret\u00e1ria- executiva do Minist\u00e9rio da Fazenda, Ana Paula Vescovi, disse ontem (29) que, mesmo com os reajustes concedidos aos servidores, o ajuste fiscal n\u00e3o ser\u00e1 prejudicado. \u201cO ajuste ser\u00e1 feito de qualquer forma porque\u00a0o teto de gastos baliza as metas fiscais a longo prazo.\u00a0\u00a0Dentro desses espectros,\u00a0as escolhas [de aloca\u00e7\u00e3o de recursos] s\u00e3o feitas num processo do regime democr\u00e1tico, em que existem v\u00e1rios atores fazendo suas escolhas\u201d, justificou.<\/p>\n<p>A secret\u00e1ria informou que o governo\u00a0ter\u00e1 de cortar verbas para bancar os reajustes e reiterou que a discuss\u00e3o se aplica apenas \u00e0 destina\u00e7\u00e3o de recursos, sem alterar o volume total de gastos.<\/p>\n<p>Ana Paula afirmou que a previs\u00e3o dos aumentos salariais do funcionalismo dever\u00e1 constar no Or\u00e7amento da Uni\u00e3o de 2019 que ser\u00e1 enviado ao Congresso nos pr\u00f3ximos dias. A data m\u00e1xima para o envio da lei or\u00e7ament\u00e1ria \u00e9\u00a031 de agosto.<\/p>\n<h2>Impacto<\/h2>\n<p>Os reajustes impactam em\u00a0R$ 11 bilh\u00f5es o or\u00e7amento de 2019, considerando todos os servidores, entre civis e militares. Se o reajuste fosse adiado, como previsto inicialmente, apenas para os civis, a economia seria de R$ 6,9 bilh\u00f5es, segundo o Minist\u00e9rio do Planejamento. A previs\u00e3o \u00e9 que as despesas da Uni\u00e3o com pessoal em 2019, como sal\u00e1rios e encargos, alcancem R$ 322 bilh\u00f5es.<\/p>\n","protected":false},"excerpt":{"rendered":"<p>Diante da decis\u00e3o do Judici\u00e1rio e do Legislativo de aumentarem os sal\u00e1rios de seus funcion\u00e1rios&#8230;<\/p>\n","protected":false},"author":1,"featured_media":0,"comment_status":"closed","ping_status":"closed","sticky":false,"template":"","format":"standard","meta":{"footnotes":""},"categories":[14],"tags":[],"class_list":["post-22026","post","type-post","status-publish","format-standard","hentry","category-geral"],"_links":{"self":[{"href":"https:\/\/www.corumbaonline.com.br\/news\/wp-json\/wp\/v2\/posts\/22026","targetHints":{"allow":["GET"]}}],"collection":[{"href":"https:\/\/www.corumbaonline.com.br\/news\/wp-json\/wp\/v2\/posts"}],"about":[{"href":"https:\/\/www.corumbaonline.com.br\/news\/wp-json\/wp\/v2\/types\/post"}],"author":[{"embeddable":true,"href":"https:\/\/www.corumbaonline.com.br\/news\/wp-json\/wp\/v2\/users\/1"}],"replies":[{"embeddable":true,"href":"https:\/\/www.corumbaonline.com.br\/news\/wp-json\/wp\/v2\/comments?post=22026"}],"version-history":[{"count":1,"href":"https:\/\/www.corumbaonline.com.br\/news\/wp-json\/wp\/v2\/posts\/22026\/revisions"}],"predecessor-version":[{"id":22027,"href":"https:\/\/www.corumbaonline.com.br\/news\/wp-json\/wp\/v2\/posts\/22026\/revisions\/22027"}],"wp:attachment":[{"href":"https:\/\/www.corumbaonline.com.br\/news\/wp-json\/wp\/v2\/media?parent=22026"}],"wp:term":[{"taxonomy":"category","embeddable":true,"href":"https:\/\/www.corumbaonline.com.br\/news\/wp-json\/wp\/v2\/categories?post=22026"},{"taxonomy":"post_tag","embeddable":true,"href":"https:\/\/www.corumbaonline.com.br\/news\/wp-json\/wp\/v2\/tags?post=22026"}],"curies":[{"name":"wp","href":"https:\/\/api.w.org\/{rel}","templated":true}]}}