{"id":22028,"date":"2018-08-30T07:16:20","date_gmt":"2018-08-30T11:16:20","guid":{"rendered":"http:\/\/www.corumbaonline.com.br\/news\/?p=22028"},"modified":"2018-08-30T06:51:46","modified_gmt":"2018-08-30T10:51:46","slug":"numero-de-candidatos-ao-senado-e-o-maior-registrado-em-eleicoes-recentes","status":"publish","type":"post","link":"https:\/\/www.corumbaonline.com.br\/news\/numero-de-candidatos-ao-senado-e-o-maior-registrado-em-eleicoes-recentes\/","title":{"rendered":"N\u00famero de candidatos ao Senado \u00e9 o maior registrado em elei\u00e7\u00f5es recentes"},"content":{"rendered":"<p>Nas elei\u00e7\u00f5es de 2018, dois ter\u00e7os das vagas do Senado \u2014 54 do total de 81 \u2014 podem ser renovadas. S\u00e3o 352 candidatos que concorrem ao cargo de senador em todo o Brasil, n\u00famero maior que o de todas as elei\u00e7\u00f5es com dados consolidados dispon\u00edveis no\u00a0<a href=\"http:\/\/www.tse.jus.br\/eleicoes\/eleicoes-2018\">site do Tribunal Superior Eleitoral\u00a0<\/a>(desde 1994).<\/p>\n<p>Quando considerado o n\u00famero de candidatos por vaga, a \u00a0concorr\u00eancia \u00e9 um pouco menor que a registrada nas \u00faltimas elei\u00e7\u00f5es, quando foram 185 candidaturas para 27 vagas. A m\u00e9dia de candidatos por vaga ficou em 6,51 em 2018, contra 6,85 em 2014.<\/p>\n<p>Das 352 pessoas que registraram candidaturas ao Senado, quase metade (48,3%) t\u00eam entre 50 e 64 anos. Apenas um candidato tem mais de 90 anos e outro candidato, cuja candidatura ainda aguarda julgamento, tem 27 anos, ou seja, est\u00e1 abaixo da idade m\u00ednima para concorrer ao Senado, que \u00e9 de 35 anos. A faixa que concentra os candidatos mais novos com idade suficiente (35 a 39 anos) tem 9% dos que concorrem ao Senado.<\/p>\n<p>A maior parte dos candidatos \u00e9 de homens: 82,7% contra 17,3% de mulheres. Os brancos tamb\u00e9m s\u00e3o maioria entre os que registraram candidaturas ao Senado e representam 65,6% do total, seguidos dos pardos (23,6%) e pretos (9,9%). Os que se declararam como ind\u00edgenas e amarelos ainda s\u00e3o minoria, com 0,57% e 0,28%, respectivamente.<\/p>\n<p>Com rela\u00e7\u00e3o \u00e0 ocupa\u00e7\u00e3o declarada pelos candidatos, 30 j\u00e1 s\u00e3o senadores e buscam a reelei\u00e7\u00e3o. Outras profiss\u00f5es recorrentes entre os que concorrem ao Senado s\u00e3o professor (44), advogado (43), deputado (41), empres\u00e1rio (30) e servidor p\u00fablico (29).<\/p>\n<p>Os n\u00fameros foram calculados com base nos dados dispon\u00edveis na tarde de segunda-feira (27) sobre os pedidos de registro de candidatura, que est\u00e3o em atualiza\u00e7\u00e3o no site do TSE. O total pode ser diferente do registrado no dia da elei\u00e7\u00e3o por causa de ren\u00fancias, cancelamentos e indeferimento de candidaturas, por exemplo.<\/p>\n<h3><strong>Representatividade<\/strong><\/h3>\n<p>Os senadores representam os estados e o Distrito Federal. \u00c9 por esse motivo que o n\u00famero de representantes no Senado \u00e9 fixo, tr\u00eas por unidade da Federa\u00e7\u00e3o. Na C\u00e2mara dos Deputados, que re\u00fane os representantes do povo, o n\u00famero de deputados \u00e9 calculado de acordo com a popula\u00e7\u00e3o de cada estado, por isso a quantidade de deputados n\u00e3o \u00e9 a mesma para todas as unidades da federa\u00e7\u00e3o.<\/p>\n<p>A renova\u00e7\u00e3o no Senado se d\u00e1 por elei\u00e7\u00e3o majorit\u00e1ria, em que o n\u00famero de votos recebidos \u00e9 o que conta, diferentemente do que ocorre na C\u00e2mara, onde a disputa pelas vagas tamb\u00e9m leva em conta o n\u00famero de votos recebido pelo partido. O mandato dos senadores \u00e9 de oito anos e a renova\u00e7\u00e3o se d\u00e1 em um ter\u00e7o das cadeiras em uma elei\u00e7\u00e3o e dois ter\u00e7os na elei\u00e7\u00e3o seguinte, consecutivamente.<\/p>\n<p>Al\u00e9m de elaborar leis e fiscalizar o Poder Executivo, o Senado tem atribui\u00e7\u00f5es como processar e julgar o presidente e o vice-presidente da Rep\u00fablica nos crimes de responsabilidade e aprovar indicados para cargos importantes, como o de ministro do Supremo Tribunal Federal (STF), embaixadores e diretores de ag\u00eancias reguladoras. Tamb\u00e9m \u00e9 respons\u00e1vel por aprovar empr\u00e9stimos no exterior feitos por estados e munic\u00edpios.<\/p>\n<p>Quando escolhe um senador, o eleitor vota em uma chapa composta por ele e dois suplentes. Eles ser\u00e3o os substitutos do senador em caso de licen\u00e7as e situa\u00e7\u00f5es que impossibilitem o titular de exercer o mandato. Os nomes dos suplentes devem ser divulgados no material de campanha de cada candidato.<\/p>\n","protected":false},"excerpt":{"rendered":"<p>Nas elei\u00e7\u00f5es de 2018, dois ter\u00e7os das vagas do Senado \u2014 54 do total de&#8230;<\/p>\n","protected":false},"author":1,"featured_media":0,"comment_status":"closed","ping_status":"closed","sticky":false,"template":"","format":"standard","meta":{"footnotes":""},"categories":[101,19],"tags":[],"class_list":["post-22028","post","type-post","status-publish","format-standard","hentry","category-eleicoes","category-politica"],"_links":{"self":[{"href":"https:\/\/www.corumbaonline.com.br\/news\/wp-json\/wp\/v2\/posts\/22028","targetHints":{"allow":["GET"]}}],"collection":[{"href":"https:\/\/www.corumbaonline.com.br\/news\/wp-json\/wp\/v2\/posts"}],"about":[{"href":"https:\/\/www.corumbaonline.com.br\/news\/wp-json\/wp\/v2\/types\/post"}],"author":[{"embeddable":true,"href":"https:\/\/www.corumbaonline.com.br\/news\/wp-json\/wp\/v2\/users\/1"}],"replies":[{"embeddable":true,"href":"https:\/\/www.corumbaonline.com.br\/news\/wp-json\/wp\/v2\/comments?post=22028"}],"version-history":[{"count":1,"href":"https:\/\/www.corumbaonline.com.br\/news\/wp-json\/wp\/v2\/posts\/22028\/revisions"}],"predecessor-version":[{"id":22029,"href":"https:\/\/www.corumbaonline.com.br\/news\/wp-json\/wp\/v2\/posts\/22028\/revisions\/22029"}],"wp:attachment":[{"href":"https:\/\/www.corumbaonline.com.br\/news\/wp-json\/wp\/v2\/media?parent=22028"}],"wp:term":[{"taxonomy":"category","embeddable":true,"href":"https:\/\/www.corumbaonline.com.br\/news\/wp-json\/wp\/v2\/categories?post=22028"},{"taxonomy":"post_tag","embeddable":true,"href":"https:\/\/www.corumbaonline.com.br\/news\/wp-json\/wp\/v2\/tags?post=22028"}],"curies":[{"name":"wp","href":"https:\/\/api.w.org\/{rel}","templated":true}]}}