{"id":22033,"date":"2018-08-30T07:49:24","date_gmt":"2018-08-30T11:49:24","guid":{"rendered":"http:\/\/www.corumbaonline.com.br\/news\/?p=22033"},"modified":"2018-08-30T07:06:48","modified_gmt":"2018-08-30T11:06:48","slug":"corinthians-vence-o-colo-colo-mas-cai-no-gol-fora-de-casa","status":"publish","type":"post","link":"https:\/\/www.corumbaonline.com.br\/news\/corinthians-vence-o-colo-colo-mas-cai-no-gol-fora-de-casa\/","title":{"rendered":"Corinthians vence o Colo-Colo, mas cai no gol fora de casa"},"content":{"rendered":"<p>Corinthians fez uma boa partida na noite desta quarta-feira, sendo superior ao Colo-Colo em praticamente toda o embate. Um raro momento de desaten\u00e7\u00e3o da zaga, no entanto, fez com que Barrios marcasse o gol que deu a classifica\u00e7\u00e3o aos chilenos para as quartas de final da Copa Libertadores da Am\u00e9rica. Nem mesmo os gols de Jadson, de p\u00eanalti, e Roger, construindo o 2 a 1, foram o bastante.<\/p>\n<p>O Alvinegro, que sofreu ainda com a arbitragem ruim de Nestor Pitana e a infantilidade de Danilo Avelar, sendo expulso nos acr\u00e9scimos, com rigor n\u00e3o apresentado para os advers\u00e1rio, agora foca as suas aten\u00e7\u00f5es para o Campeonato Brasileiro e a Copa do Brasil, na qual est\u00e1 na semifinal. O pr\u00f3ximo jogo ser\u00e1 contra o Atl\u00e9tico-MG, no s\u00e1bado, \u00e0s 21h (de Bras\u00edlia), na Arena Corinthians.<\/p>\n<p class=\"text\">O vencedor do quente embate em Itaquera agora espera a defini\u00e7\u00e3o do confronto entre Palmeiras e Cerro Porte\u00f1o, que se enfrentam no Allianz Parque na noite desta quinta-feira, \u00e0s 21h45 (de Bras\u00edlia). No jogo de ida, o arquirrival corintiano venceu por 2 a 0, no Paraguai, deixando bem encaminhada sua vaga nas quartas de final.<\/p>\n<p class=\"text\"><strong>Corinthians domina, mas vacila<\/strong><\/p>\n<p class=\"text\">O Corinthians teve um come\u00e7o de primeiro tempo muito bom na Arena, talvez o seu melhor sob o comando do t\u00e9cnico Osmar Loss. Intenso e disputando bastante a bola, sem exagerar nas chegadas ou cair na pilha do Colo-Colo, o time da casa n\u00e3o demorou a empurrar o time chileno ao seu time de defesa. O primeiro lance de perigo veio em chute de fora da \u00e1rea de Douglas, que mandou ao lado do gol de Ori\u00f3n.<\/p>\n<div id=\"image_620e20a128a44471a04d28dff4d48540ggjsqgg3\" class=\"expandedElement\">\n<figure>\n<p><figure style=\"width: 460px\" class=\"wp-caption alignnone\"><img loading=\"lazy\" decoding=\"async\" title=\"Roger comemora gol do Corinthians\" src=\"https:\/\/p2.trrsf.com\/image\/fget\/cf\/460\/0\/images.terra.com\/2018\/08\/30\/cc-01-roger-marcelo-machado-de-melo-fotoarena-ae.jpg\" alt=\"Roger comemora gol do Corinthians\" width=\"460\" height=\"306\" \/><figcaption class=\"wp-caption-text\">Roger comemora gol do Corinthians (Foto: Marcelo Machado de Melo \/ Fotoarena \/ Estad\u00e3o Conte\u00fado)<\/figcaption><\/figure><figcaption><\/figcaption><\/figure>\n<\/div>\n<p class=\"caption\">O ritmo alucinante continuou na sequ\u00eancia da tentativa do meio-campista. Ap\u00f3s falta sofrida por Romero na lateral da \u00e1rea, Jadson colocou na \u00e1rea e a zaga afastou. Douglas recolocou a redonda na segunda trave e Pedrinho, na tentativa de jogar para o meio da \u00e1rea, pegou de primeira. A bola explodiu na m\u00e3o de Baeza e o juiz marcou p\u00eanalti, batido e convertido por Jadson. Ori\u00f3n chegou a encostar na bola, mas n\u00e3o impediu o tento.<\/p>\n<p class=\"text\">O Corinthians, aparentemente, viu que podia resolver o placar ainda na etapa inicial e se manteve na frente. Em boa enfiada de bola de Jadson, Roger protegeu bem a chegada de Barroso e sofreu falta na entrada da \u00e1rea. Jadson foi para a batida e mandou no canto do goleiro, que espalmou para o lado. A partir dali, o sonho alvinegro de resolver rapidamente sua situa\u00e7\u00e3o come\u00e7ou a ter seus percal\u00e7os.<\/p>\n<div id=\"image_77c3f465df6ca3a19826f2617c3edeafwnpg9m3p\" class=\"expandedElement\">\n<figure><picture><source srcset=\"https:\/\/p2.trrsf.com\/image\/fget\/cf\/940\/0\/images.terra.com\/2018\/08\/30\/cc-04-jadson-valdivia-marcello-fim-o-fotografico-ae.jpg\" media=\"(min-width:1280px)\" \/><source srcset=\"https:\/\/p2.trrsf.com\/image\/fget\/cf\/620\/0\/images.terra.com\/2018\/08\/30\/cc-04-jadson-valdivia-marcello-fim-o-fotografico-ae.jpg\" media=\"(min-width:1024px)\" \/><source srcset=\"https:\/\/p2.trrsf.com\/image\/fget\/cf\/460\/0\/images.terra.com\/2018\/08\/30\/cc-04-jadson-valdivia-marcello-fim-o-fotografico-ae.jpg\" media=\"(min-width:768px)\" \/><source srcset=\"https:\/\/p2.trrsf.com\/image\/fget\/cf\/320\/0\/images.terra.com\/2018\/08\/30\/cc-04-jadson-valdivia-marcello-fim-o-fotografico-ae.jpg\" media=\"(min-width:300px)\" \/><\/picture>\n<figure style=\"width: 460px\" class=\"wp-caption alignnone\"><img loading=\"lazy\" decoding=\"async\" title=\"Jadson marca Vald\u00edvia\" src=\"https:\/\/p2.trrsf.com\/image\/fget\/cf\/460\/0\/images.terra.com\/2018\/08\/30\/cc-04-jadson-valdivia-marcello-fim-o-fotografico-ae.jpg\" alt=\"Jadson marca Vald\u00edvia\" width=\"460\" height=\"307\" \/><figcaption class=\"wp-caption-text\">Jadson marca Vald\u00edvia (Foto: Marcello Fim \/ O Fotogr\u00e1fico \/ Estad\u00e3o Conte\u00fado)<\/figcaption><\/figure>\n<div class=\"seedtag-gohan seedtag-adunit\">\n<div class=\"st-container\">\n<div class=\"st-adunit-component st-adunit-component_ad-view\">\n<div class=\"st-container\">\n<div class=\"st-ad-wrapper\"><iframe class=\"st-ad-iframe\" name=\"seedtag_creative_aggressive_2\" width=\"0\" height=\"0\" frameborder=\"0\" scrolling=\"no\" sandbox=\"allow-scripts allow-same-origin allow-popups allow-forms allow-popups-to-escape-sandbox\" data-mce-fragment=\"1\"><\/iframe><\/div>\n<\/div>\n<\/div>\n<\/div>\n<\/div><figcaption>\n<div class=\"imageInfo\"><\/div>\n<\/figcaption><\/figure>\n<\/div>\n<p class=\"caption\">At\u00e9 ent\u00e3o t\u00edmido, o Colo-Colo saiu um pouco de tr\u00e1s e, no primeiro chute a gol, conseguiu empatar. Valdivia, com bastante espa\u00e7o, acionou P\u00e9rez, com mais espa\u00e7o ainda na lateral da \u00e1rea. O lateral cruzou bem e Barrios, entre L\u00e9o Santos e Henrique, cabeceou, mandando a bola ainda na trave antes de entrar. A partir dali, o jogo foi mais discutido e brigado do que jogado, caminhando a passos lentos, como o dos chilenos para bater laterais e faltas, para o intervalo.<\/p>\n<p class=\"text\"><strong>Corinthians vence, mas n\u00e3o pelo placar necess\u00e1rio<\/strong><\/p>\n<p class=\"text\">O Alvinegro voltou para o segundo tempo com o mesmo \u00edmpeto do come\u00e7o do segundo, com Pedrinho recebendo uma bola pela ponta direita, cortando para o p\u00e9 esquerdo e chutando forte. Ori\u00f3n espalmou e mandou para escanteio. Jadson, na segunda tentativa do tiro de canto, mandou na primeira trave, Roger bateu e o arqueiro advers\u00e1rio fez linda defesa. No rebote, L\u00e9o Santos tentou finalizar, mas foi travado.<\/p>\n<p class=\"text\">O Alvinegro mais uma vez deu uma diminu\u00edda no ritmo e viu o Colo-Colo tentar passar o tempo, principalmente trocando passes entre os seus meio-campistas, orquestrado principalmente por Valdivia. Faltou ao time chileno, no entanto, mais rapidez no ataque, j\u00e1 que o meia acionou duas boas enfiadas para Barrios, mas o atacante n\u00e3o alcan\u00e7ou. A penaliza\u00e7\u00e3o foi r\u00e1pida: em novo escanteio, batida de Jadson e Roger, com o p\u00e9 direito, fez 2 a 1.<\/p>\n<p class=\"text\">O Corinthians seguiu em cima do advers\u00e1rio e criou diversas chances para fazer o terceiro, apostando sempre numa boa dobradinha de Pedrinho com Fagner pelo lado direito. Em uma boa investida do canhoto corintiano, a bola foi na medida para Romero testar, mas o paraguaio mandou por cima do gol.<\/p>\n<p class=\"text\">O bombardeio corintiano seguiu at\u00e9 o apito final, com muitas bolas sendo al\u00e7adas na \u00e1rea e a maioria delas sendo vencidas pelo time da casa. Em grande noite de Ori\u00f3n e com uma passividade impressionante do \u00e1rbitro com a &#8220;cera&#8221; do advers\u00e1rio, o Corinthians ainda completou sua sina de terminar com um a menos a partida, em expuls\u00e3o de Danilo Avelar.<\/p>\n<div id=\"image_d8a48d978e31b78f467d9312d15de544vzold54s\" class=\"expandedElement\">\n<figure><picture><source srcset=\"https:\/\/p2.trrsf.com\/image\/fget\/cf\/940\/0\/images.terra.com\/2018\/08\/30\/cc-02-danilo-avelar-marcello-fim-o-fotografico-ae.jpg\" media=\"(min-width:1280px)\" \/><source srcset=\"https:\/\/p2.trrsf.com\/image\/fget\/cf\/620\/0\/images.terra.com\/2018\/08\/30\/cc-02-danilo-avelar-marcello-fim-o-fotografico-ae.jpg\" media=\"(min-width:1024px)\" \/><source srcset=\"https:\/\/p2.trrsf.com\/image\/fget\/cf\/460\/0\/images.terra.com\/2018\/08\/30\/cc-02-danilo-avelar-marcello-fim-o-fotografico-ae.jpg\" media=\"(min-width:768px)\" \/><source srcset=\"https:\/\/p2.trrsf.com\/image\/fget\/cf\/320\/0\/images.terra.com\/2018\/08\/30\/cc-02-danilo-avelar-marcello-fim-o-fotografico-ae.jpg\" media=\"(min-width:300px)\" \/><\/picture>\n<figure style=\"width: 460px\" class=\"wp-caption alignnone\"><img loading=\"lazy\" decoding=\"async\" title=\"Danilo Avelar se envolve em confus\u00e3o com jogadores do Colo-Colo\" src=\"https:\/\/p2.trrsf.com\/image\/fget\/cf\/460\/0\/images.terra.com\/2018\/08\/30\/cc-02-danilo-avelar-marcello-fim-o-fotografico-ae.jpg\" alt=\"Danilo Avelar se envolve em confus\u00e3o com jogadores do Colo-Colo\" width=\"460\" height=\"307\" \/><figcaption class=\"wp-caption-text\">Danilo Avelar se envolve em confus\u00e3o com jogadores do Colo-Colo (Foto: Marcello Fim \/ O Fotogr\u00e1fico \/ Estad\u00e3o Conte\u00fado)<\/figcaption><\/figure>\n<div class=\"seedtag-gohan seedtag-adunit\">\n<div class=\"st-container\">\n<div class=\"st-adunit-component st-adunit-component_ad-view\">\n<div class=\"st-container\">\n<div class=\"st-ad-wrapper\"><\/div>\n<\/div>\n<\/div>\n<\/div>\n<\/div><figcaption><\/figcaption><\/figure>\n<\/div>\n","protected":false},"excerpt":{"rendered":"<p>Corinthians fez uma boa partida na noite desta quarta-feira, sendo superior ao Colo-Colo em praticamente&#8230;<\/p>\n","protected":false},"author":1,"featured_media":22034,"comment_status":"closed","ping_status":"closed","sticky":false,"template":"","format":"standard","meta":{"footnotes":""},"categories":[11],"tags":[],"class_list":["post-22033","post","type-post","status-publish","format-standard","has-post-thumbnail","hentry","category-esporte"],"_links":{"self":[{"href":"https:\/\/www.corumbaonline.com.br\/news\/wp-json\/wp\/v2\/posts\/22033","targetHints":{"allow":["GET"]}}],"collection":[{"href":"https:\/\/www.corumbaonline.com.br\/news\/wp-json\/wp\/v2\/posts"}],"about":[{"href":"https:\/\/www.corumbaonline.com.br\/news\/wp-json\/wp\/v2\/types\/post"}],"author":[{"embeddable":true,"href":"https:\/\/www.corumbaonline.com.br\/news\/wp-json\/wp\/v2\/users\/1"}],"replies":[{"embeddable":true,"href":"https:\/\/www.corumbaonline.com.br\/news\/wp-json\/wp\/v2\/comments?post=22033"}],"version-history":[{"count":1,"href":"https:\/\/www.corumbaonline.com.br\/news\/wp-json\/wp\/v2\/posts\/22033\/revisions"}],"predecessor-version":[{"id":22035,"href":"https:\/\/www.corumbaonline.com.br\/news\/wp-json\/wp\/v2\/posts\/22033\/revisions\/22035"}],"wp:featuredmedia":[{"embeddable":true,"href":"https:\/\/www.corumbaonline.com.br\/news\/wp-json\/wp\/v2\/media\/22034"}],"wp:attachment":[{"href":"https:\/\/www.corumbaonline.com.br\/news\/wp-json\/wp\/v2\/media?parent=22033"}],"wp:term":[{"taxonomy":"category","embeddable":true,"href":"https:\/\/www.corumbaonline.com.br\/news\/wp-json\/wp\/v2\/categories?post=22033"},{"taxonomy":"post_tag","embeddable":true,"href":"https:\/\/www.corumbaonline.com.br\/news\/wp-json\/wp\/v2\/tags?post=22033"}],"curies":[{"name":"wp","href":"https:\/\/api.w.org\/{rel}","templated":true}]}}