{"id":22036,"date":"2018-08-30T09:00:51","date_gmt":"2018-08-30T13:00:51","guid":{"rendered":"http:\/\/www.corumbaonline.com.br\/news\/?p=22036"},"modified":"2018-08-30T08:10:26","modified_gmt":"2018-08-30T12:10:26","slug":"as-eleicoes-e-a-seguranca-publica","status":"publish","type":"post","link":"https:\/\/www.corumbaonline.com.br\/news\/as-eleicoes-e-a-seguranca-publica\/","title":{"rendered":"As elei\u00e7\u00f5es e a seguran\u00e7a p\u00fablica"},"content":{"rendered":"<p class=\"x_ydp9bec9f21MsoNormal\">Durante as duas primeiras semanas da campanha eleitoral \u2013 iniciada dia 16 ainda sem r\u00e1dio e TV \u2013 os principais candidatos \u00e0 presid\u00eancia da Rep\u00fablica manifestaram sua preocupa\u00e7\u00e3o com a seguran\u00e7a p\u00fablica. Isso leva \u00e0 expectativa de que o tema seja um dos pontuais durante os 35 dias de exposi\u00e7\u00e3o dos candidatos nos hor\u00e1rios gratuitos de propaganda, nas redes sociais e nos encontros com eleitores e apoiadores. E com absoluta raz\u00e3o, pois n\u00e3o h\u00e1 como se conformar com a triste realidade de viver num pa\u00eds com tantas \u00a0\u00e1reas conflagradas, dono de uma das maiores popula\u00e7\u00f5es carcer\u00e1rias do planeta e, ainda assim, suportando mais de 60 mil homic\u00eddios por ano, um n\u00famero de mortos superior ao registrado nas guerras oficialmente declaradas.<\/p>\n<p class=\"x_ydp9bec9f21MsoNormal\">Os candidatos t\u00eam de saber que, para resolver a seguran\u00e7a p\u00fablica, antes de tudo, \u00e9 preciso acabar com a hipocrisia. Eliminar o clima demag\u00f3gico criado pelas elites pol\u00edticas irrespons\u00e1veis que, para arrebatar o voto, pregam uma sociedade de direitos sem deveres. Governantes, parlamentares e sociedade t\u00eam de cair na realidade e aceitar que direito e dever \u00a0caminham juntos e, quando isso n\u00e3o acontece, ocorre o descontrole em que hoje vivemos. Ainda mais: que todo direito tem ser calcado sobre fundamentos l\u00edcitos e, se n\u00e3o o s\u00e3o, inexistem.<\/p>\n<p class=\"x_ydp9bec9f21MsoNormal\">Os homens e mulheres que governam este pa\u00eds \u2013 de forma eletiva, por for\u00e7a de suas nomea\u00e7\u00f5es ao servi\u00e7o p\u00fablico ou por atribui\u00e7\u00f5es sociais \u00a0\u2013 t\u00eam de trazer consigo a coragem de cumprir com suas obriga\u00e7\u00f5es legais sem modismos nem tergiversa\u00e7\u00f5es. Os falsos democratas que assumiram o poder nas \u00faltimas d\u00e9cadas, visando lucro e carreira eleitoral, deixaram de cumprir suas obriga\u00e7\u00f5es para com a seguran\u00e7a p\u00fablica. Muitos deles, mesmo na posi\u00e7\u00e3o de &#8220;comandante-em-chefe&#8221;, tolheram a mobilidade de suas pol\u00edcias e, com isso, ensejaram a domina\u00e7\u00e3o do crime organizado que hoje escraviza vastas \u00e1reas. Desautorizaram suas pol\u00edcias e at\u00e9 formaram coro ao lado dos inimigos da institui\u00e7\u00e3o, sempre em busca dos malditos votos. Deu no que deu.<\/p>\n<p class=\"x_ydp9bec9f21MsoNormal\">Para vencer a verdadeira guerra em que vivemos e o permanente banho de sangue a que o pa\u00eds \u00e9 submetido, \u00e9 preciso coragem e dignidade. O governo tem de cumprir suas \u00a0obriga\u00e7\u00f5es administrativas e sociais para com o povo. O parlamento h\u00e1 de reformar as leis permissivas que os tempos de demagogia produziram, e o judici\u00e1rio, aplicar o ordenamento jur\u00eddico com crit\u00e9rio e rapidez. \u00c0s pol\u00edcias, como agentes do Estado, deve-se permitir que atuem em defesa da sociedade sem o risco de seus membros serem transformados em vil\u00f5es, como t\u00eam ocorrido diuturnamente em todos esses anos de irresponsabilidade pol\u00edtico-administrativa. S\u00f3 assim o nosso gigante adormecido poder\u00e1 acordar desse torpor \u2013 quase coma induzido \u2013 a que foi relegado.<\/p>\n<p class=\"x_ydp9bec9f21MsoNormal\">\n<p class=\"x_ydp9bec9f21m-5645557960170282381gmail-m-1102854156114576257gmail-msonormal\">Tenente Dirceu Cardoso Gon\u00e7alves &#8211; dirigente da ASPOMIL (Associa\u00e7\u00e3o de\u00a0Assist. Social dos Policiais Militares de S\u00e3o Paulo)<\/p>\n<p class=\"x_ydp9bec9f21m-5645557960170282381gmail-m-1102854156114576257gmail-msonormal\"><a href=\"http:\/\/email.terra.com.br\/cgi-bin\/vlink.exe?Id=CW%2BGTJ2FmcbIwCuYPgo3Ur7xNHTjZ\/oshA6qMrYuuosMiVn5PlePqw%3D%3D&amp;Link=http:\/\/email.terra.com.br\/cgi-bin\/vlink.exe%3FId%3Ds38EYmd\/61ayiWUpNva0gHKJM%252B8r2cv2F0v55HCEZa0T5MfEZtNAqw%253D%253D%26Link%3Dhttp%253A\/\/email.terra.com.br\/cgi%252Dbin\/vlink.exe%253FId%253Dd2vrtxEYessgaZzb6nl7vatZyu1hr2mRWzRVzUfVS2E8HsiGPklYgg%25253D%25253D%2526Link%253Dhttp%25253A\/\/email.terra.com.br\/cgi%25252Dbin\/vlink.exe%25253FId%25253D8Bp8CzXmGkEmnGw\/q7TBwJUMawOZtfFPkvLMRhh%2525252BJYfEdEB1A3\/whQ%2525253D%2525253D%252526Link%25253Dhttp%2525253A\/\/email.terra.com.br\/cgi%2525252Dbin\/vlink.exe%2525253FId%2525253Dd\/oiG6rZgqLjowBxubAllSSZCvbL65CrMVPyT0MnmIB4a3M8\/O7%252525252Btw%252525253D%252525253D%25252526Link%2525253Dhttp%252525253A\/\/email.terra.com.br\/cgi%252525252Dbin\/vlink.exe%252525253FId%252525253Dw\/iMdOzF3uiURAAD58F\/DTy8BjoQSCJ0qrhxZSo5JZZD63P8t2KyQw%25252525253D%25252525253D%2525252526Link%252525253Dhttp%25252525253A\/\/email.terra.com.br\/cgi%25252525252Dbin\/vlink.exe%25252525253FId%25252525253DvMy6S6iImlJAEz0s05f3GjmDHl8BjFduR8yEb3hf5z9U3c7CMkLggQ%2525252525253D%2525252525253D%252525252526Link%25252525253Dhttp%2525252525253A\/\/email.terra.com.br\/cgi%2525252525252Dbin\/vlink.exe%2525252525253FId%2525252525253DvMy6S6iImlJAEz0s05f3GjmDHl8BjFduR8yEb3hf5z9U3c7CMkLggQ%252525252525253D%252525252525253D%25252525252526Link%2525252525253Dhttp%252525252525253A\/\/email.terra.com.br\/cgi%252525252525252Dbin\/vlink.exe%252525252525253FId%252525252525253D9Elh30sO\/CWXSeXs9u5odbsQefrBnDUtT0VbGC\/sK%25252525252525252BioWHSF36io5w%25252525252525253D%25252525252525253D%2525252525252526Link%252525252525253Dhttp%25252525252525253A\/\/email.terra.com.br\/cgi%25252525252525252Dbin\/vlink.exe%25252525252525253FId%25252525252525253Dx5NCVKA5CNTg8wdUofD4wAkDOWuOCnOULn7dTOlrQsmlsYPyUi1Zqg%2525252525252525253D%2525252525252525253D%252525252525252526Link%25252525252525253Dhttp%2525252525252525253A\/\/email.terra.com.br\/cgi%2525252525252525252Dbin\/webmail.exe%2525252525252525253FAct_V_Compo%2525252525252525253D1%25252525252525252526mailto%2525252525252525253Daspom\" target=\"_blank\" rel=\"noopener noreferrer\"><b>aspomilpm@terra.com.br<\/b><\/a><\/p>\n","protected":false},"excerpt":{"rendered":"<p>Durante as duas primeiras semanas da campanha eleitoral \u2013 iniciada dia 16 ainda sem r\u00e1dio&#8230;<\/p>\n","protected":false},"author":1,"featured_media":10213,"comment_status":"closed","ping_status":"closed","sticky":false,"template":"","format":"standard","meta":{"footnotes":""},"categories":[3],"tags":[],"class_list":["post-22036","post","type-post","status-publish","format-standard","has-post-thumbnail","hentry","category-artigo"],"_links":{"self":[{"href":"https:\/\/www.corumbaonline.com.br\/news\/wp-json\/wp\/v2\/posts\/22036","targetHints":{"allow":["GET"]}}],"collection":[{"href":"https:\/\/www.corumbaonline.com.br\/news\/wp-json\/wp\/v2\/posts"}],"about":[{"href":"https:\/\/www.corumbaonline.com.br\/news\/wp-json\/wp\/v2\/types\/post"}],"author":[{"embeddable":true,"href":"https:\/\/www.corumbaonline.com.br\/news\/wp-json\/wp\/v2\/users\/1"}],"replies":[{"embeddable":true,"href":"https:\/\/www.corumbaonline.com.br\/news\/wp-json\/wp\/v2\/comments?post=22036"}],"version-history":[{"count":1,"href":"https:\/\/www.corumbaonline.com.br\/news\/wp-json\/wp\/v2\/posts\/22036\/revisions"}],"predecessor-version":[{"id":22037,"href":"https:\/\/www.corumbaonline.com.br\/news\/wp-json\/wp\/v2\/posts\/22036\/revisions\/22037"}],"wp:featuredmedia":[{"embeddable":true,"href":"https:\/\/www.corumbaonline.com.br\/news\/wp-json\/wp\/v2\/media\/10213"}],"wp:attachment":[{"href":"https:\/\/www.corumbaonline.com.br\/news\/wp-json\/wp\/v2\/media?parent=22036"}],"wp:term":[{"taxonomy":"category","embeddable":true,"href":"https:\/\/www.corumbaonline.com.br\/news\/wp-json\/wp\/v2\/categories?post=22036"},{"taxonomy":"post_tag","embeddable":true,"href":"https:\/\/www.corumbaonline.com.br\/news\/wp-json\/wp\/v2\/tags?post=22036"}],"curies":[{"name":"wp","href":"https:\/\/api.w.org\/{rel}","templated":true}]}}