{"id":22049,"date":"2018-08-30T10:55:09","date_gmt":"2018-08-30T14:55:09","guid":{"rendered":"http:\/\/www.corumbaonline.com.br\/news\/?p=22049"},"modified":"2018-08-30T11:57:01","modified_gmt":"2018-08-30T15:57:01","slug":"caminhada-do-agosto-lilas-acontece-nesta-quinta-feira-em-corumba-2","status":"publish","type":"post","link":"https:\/\/www.corumbaonline.com.br\/news\/caminhada-do-agosto-lilas-acontece-nesta-quinta-feira-em-corumba-2\/","title":{"rendered":"Caminhada do Agosto Lil\u00e1s acontece nesta quinta-feira em Corumb\u00e1"},"content":{"rendered":"<p>A Prefeitura Municipal de Corumb\u00e1, por meio da Secretaria Municipal de Cidadania e Direitos Humanos, promove nesta quinta-feira, 30 de agosto, a \u201cCaminhada do Agosto Lil\u00e1s\u201d. A atividade marca o encerramento das a\u00e7\u00f5es do \u2018Agosto Lil\u00e1s\u2019 na cidade.<\/p>\n<p>&nbsp;<\/p>\n<p>A caminhada ter\u00e1 como ponto de concentra\u00e7\u00e3o o complexo poliesportivo Luc\u00edlio de Medeiros, na rua Porto Carrero, com sa\u00edda \u00e0s 18 horas. A chegada ao complexo, ap\u00f3s o percurso est\u00e1 previsto para 18h30. Quem for participar da caminhada pode usar algum acess\u00f3rio na cor lil\u00e1s. A Funda\u00e7\u00e3o de Esportes de Corumb\u00e1 (FUNEC) promover\u00e1 atividades de gin\u00e1stica, dan\u00e7a e defesa pessoal.<\/p>\n<p>&nbsp;<\/p>\n<p>A Prefeitura de Corumb\u00e1 abriu oficialmente a campanha Agosto Lil\u00e1s no dia 07 de agosto. O objetivo \u00e9 sensibilizar a sociedade para o fim da viol\u00eancia contra mulheres e meninas por meio de a\u00e7\u00f5es de mobiliza\u00e7\u00e3o, palestras, debates, encontros, panfletagens, eventos e semin\u00e1rios visando \u00e0 divulga\u00e7\u00e3o da Lei Maria da Penha, estendendo-se as atividades durante todo o m\u00eas de agosto, para o p\u00fablico em geral.<\/p>\n<p>&nbsp;<\/p>\n<p>Desde a sua cria\u00e7\u00e3o, a Secretaria Especial de Cidadania e Direitos Humanos, atrav\u00e9s de sua Coordenadoria de Pol\u00edticas P\u00fablicas para as Mulheres, tem realizado palestras informativas n\u00e3o s\u00f3 nas escolas, mas em igrejas, associa\u00e7\u00f5es, CRAS, no Pantanal, assentamentos, rural, no estabelecimento penal e empresas.<\/p>\n<p>&nbsp;<\/p>\n<p>A campanha Agosto Lil\u00e1s tornou-se lei estadual (n\u00b0 4.969) em maio de 2016. No ano seguinte, tornou-se lei municipal (n\u00b0 2.583). Tem o objetivo de difundir nas escolas a Lei Maria da Penha.<\/p>\n","protected":false},"excerpt":{"rendered":"<p>A Prefeitura Municipal de Corumb\u00e1, por meio da Secretaria Municipal de Cidadania e Direitos Humanos,&#8230;<\/p>\n","protected":false},"author":1,"featured_media":0,"comment_status":"closed","ping_status":"closed","sticky":false,"template":"","format":"standard","meta":{"footnotes":""},"categories":[14],"tags":[],"class_list":["post-22049","post","type-post","status-publish","format-standard","hentry","category-geral"],"_links":{"self":[{"href":"https:\/\/www.corumbaonline.com.br\/news\/wp-json\/wp\/v2\/posts\/22049","targetHints":{"allow":["GET"]}}],"collection":[{"href":"https:\/\/www.corumbaonline.com.br\/news\/wp-json\/wp\/v2\/posts"}],"about":[{"href":"https:\/\/www.corumbaonline.com.br\/news\/wp-json\/wp\/v2\/types\/post"}],"author":[{"embeddable":true,"href":"https:\/\/www.corumbaonline.com.br\/news\/wp-json\/wp\/v2\/users\/1"}],"replies":[{"embeddable":true,"href":"https:\/\/www.corumbaonline.com.br\/news\/wp-json\/wp\/v2\/comments?post=22049"}],"version-history":[{"count":1,"href":"https:\/\/www.corumbaonline.com.br\/news\/wp-json\/wp\/v2\/posts\/22049\/revisions"}],"predecessor-version":[{"id":22050,"href":"https:\/\/www.corumbaonline.com.br\/news\/wp-json\/wp\/v2\/posts\/22049\/revisions\/22050"}],"wp:attachment":[{"href":"https:\/\/www.corumbaonline.com.br\/news\/wp-json\/wp\/v2\/media?parent=22049"}],"wp:term":[{"taxonomy":"category","embeddable":true,"href":"https:\/\/www.corumbaonline.com.br\/news\/wp-json\/wp\/v2\/categories?post=22049"},{"taxonomy":"post_tag","embeddable":true,"href":"https:\/\/www.corumbaonline.com.br\/news\/wp-json\/wp\/v2\/tags?post=22049"}],"curies":[{"name":"wp","href":"https:\/\/api.w.org\/{rel}","templated":true}]}}