{"id":22056,"date":"2018-08-30T11:33:31","date_gmt":"2018-08-30T15:33:31","guid":{"rendered":"http:\/\/www.corumbaonline.com.br\/news\/?p=22056"},"modified":"2018-08-30T12:03:15","modified_gmt":"2018-08-30T16:03:15","slug":"ministro-do-tse-nega-pedido-para-excluir-lula-de-pesquisas","status":"publish","type":"post","link":"https:\/\/www.corumbaonline.com.br\/news\/ministro-do-tse-nega-pedido-para-excluir-lula-de-pesquisas\/","title":{"rendered":"Ministro do TSE nega pedido para excluir Lula de pesquisas"},"content":{"rendered":"<p>O ministro Tarc\u00edsio Vieira, do Tribunal Superior Eleitoral (TSE), negou hoje (30) um pedido do Instituto Democracia e Liberdade (IDL) para impedir que as pesquisas eleitorais incluam o nome do ex-presidente Luiz In\u00e1cio Lula da Silva em suas sondagens de inten\u00e7\u00e3o de voto.<\/p>\n<p>O instituto havia pedido uma liminar (decis\u00e3o provis\u00f3ria) para \u201cproibir a divulga\u00e7\u00e3o direta ou indireta de pesquisas de opini\u00e3o que incluam o nome do sr. Luiz In\u00e1cio Lula da Silva enquanto preso por ac\u00f3rd\u00e3o un\u00e2nime pela pr\u00e1tica dos crimes de corrup\u00e7\u00e3o e lavagem de dinheiro, e enquanto n\u00e3o suspensos ou extintos os efeitos de tal condena\u00e7\u00e3o\u201d.<\/p>\n<p>Ao negar o pedido, Tarc\u00edsio Vieira disse que ele foi feito em momento inadequado. O ministro escreveu que a resolu\u00e7\u00e3o que prev\u00ea a presen\u00e7a nas pesquisas de todos os candidatos \u00e0 Presid\u00eancia foi aprovada em dezembro, e seu prazo de modifica\u00e7\u00e3o se encerrou em mar\u00e7o, motivo pelo qual n\u00e3o seria poss\u00edvel proferir decis\u00e3o que exclu\u00edsse Lula das pesquisas.<\/p>\n<p>\u201cCom efeito, conforme j\u00e1 decidiu este Tribunal, a altera\u00e7\u00e3o dos crit\u00e9rios exigidos pela resolu\u00e7\u00e3o em fase avan\u00e7ada do processo eleitoral causaria inseguran\u00e7a jur\u00eddica \u00e0s entidades e aos institutos de pesquisa\u201d, escreveu o ministro.<\/p>\n<p>\u201cMesmo que fosse poss\u00edvel alterar a norma a essa altura, no sentido de porventura impedir a presen\u00e7a do nome de Lula nas pesquisas, o Instituto Democracia e Liberdade n\u00e3o teria legitimidade para fazer tal solicita\u00e7\u00e3o, afirmou\u00a0Tarc\u00edsio Vieira.<\/p>\n<p>\u201cTrata-se, portanto, de pedido formalizado por parte ileg\u00edtima, em instrumento processual inid\u00f4neo e fora do per\u00edodo estabelecido na legisla\u00e7\u00e3o eleitoral\u201d, concluiu o ministro.<\/p>\n","protected":false},"excerpt":{"rendered":"<p>O ministro Tarc\u00edsio Vieira, do Tribunal Superior Eleitoral (TSE), negou hoje (30) um pedido do&#8230;<\/p>\n","protected":false},"author":1,"featured_media":0,"comment_status":"closed","ping_status":"closed","sticky":false,"template":"","format":"standard","meta":{"footnotes":""},"categories":[101,19],"tags":[],"class_list":["post-22056","post","type-post","status-publish","format-standard","hentry","category-eleicoes","category-politica"],"_links":{"self":[{"href":"https:\/\/www.corumbaonline.com.br\/news\/wp-json\/wp\/v2\/posts\/22056","targetHints":{"allow":["GET"]}}],"collection":[{"href":"https:\/\/www.corumbaonline.com.br\/news\/wp-json\/wp\/v2\/posts"}],"about":[{"href":"https:\/\/www.corumbaonline.com.br\/news\/wp-json\/wp\/v2\/types\/post"}],"author":[{"embeddable":true,"href":"https:\/\/www.corumbaonline.com.br\/news\/wp-json\/wp\/v2\/users\/1"}],"replies":[{"embeddable":true,"href":"https:\/\/www.corumbaonline.com.br\/news\/wp-json\/wp\/v2\/comments?post=22056"}],"version-history":[{"count":1,"href":"https:\/\/www.corumbaonline.com.br\/news\/wp-json\/wp\/v2\/posts\/22056\/revisions"}],"predecessor-version":[{"id":22057,"href":"https:\/\/www.corumbaonline.com.br\/news\/wp-json\/wp\/v2\/posts\/22056\/revisions\/22057"}],"wp:attachment":[{"href":"https:\/\/www.corumbaonline.com.br\/news\/wp-json\/wp\/v2\/media?parent=22056"}],"wp:term":[{"taxonomy":"category","embeddable":true,"href":"https:\/\/www.corumbaonline.com.br\/news\/wp-json\/wp\/v2\/categories?post=22056"},{"taxonomy":"post_tag","embeddable":true,"href":"https:\/\/www.corumbaonline.com.br\/news\/wp-json\/wp\/v2\/tags?post=22056"}],"curies":[{"name":"wp","href":"https:\/\/api.w.org\/{rel}","templated":true}]}}