{"id":22058,"date":"2018-08-30T11:42:23","date_gmt":"2018-08-30T15:42:23","guid":{"rendered":"http:\/\/www.corumbaonline.com.br\/news\/?p=22058"},"modified":"2018-08-30T12:08:31","modified_gmt":"2018-08-30T16:08:31","slug":"encontro-municipal-marcou-dia-nacional-da-visibilidade-lesbica-em-corumba","status":"publish","type":"post","link":"https:\/\/www.corumbaonline.com.br\/news\/encontro-municipal-marcou-dia-nacional-da-visibilidade-lesbica-em-corumba\/","title":{"rendered":"Encontro municipal marcou Dia Nacional da Visibilidade L\u00e9sbica em Corumb\u00e1"},"content":{"rendered":"<p>Foi realizado na tarde dessa quarta-feira, 29 de agosto, o Primeiro Encontro de Mulheres L\u00e9sbicas de Corumb\u00e1. Com o intuito de debater assuntos importantes para a comunidade l\u00e9sbica da cidade, o evento atraiu cerca de 40 mulheres, al\u00e9m de contar com a presen\u00e7a de simpatizantes a causa.<\/p>\n<p>&nbsp;<\/p>\n<p>A iniciativa realizada pela Prefeitura de Corumb\u00e1, por meio da Secretaria Especial de Cidadanias e Direitos Humanos, atrav\u00e9s da Coordenadoria de Pol\u00edticas P\u00fablicas para LGBT e a Coordenadoria de Pol\u00edticas P\u00fablicas para as Mulheres, tamb\u00e9m marcou o Dia Nacional da Visibilidade L\u00e9sbica, celebrado ontem.<\/p>\n<p>&nbsp;<\/p>\n<p>Iniciando o debate, a assessora executiva Jane Contu, que representou a primeira-dama e secret\u00e1ria especial Amanda Balancieri Iunes, refor\u00e7ou a import\u00e2ncia da uni\u00e3o entre comunidade e o Poder P\u00fablico para que as atividades possam ser planejadas e realizadas ao longo de todo o ano.<\/p>\n<p>&nbsp;<\/p>\n<p>M\u00e1rcio Kalango, coordenador de Pol\u00edticas P\u00fablicas para LGBT, salientou que a Casa da Cidadania \u00e9 um espa\u00e7o aberto para a comunidade l\u00e9sbica e que est\u00e1 pronta para orientar e auxiliar a comunidade. \u201cN\u00f3s estamos procurando fazer um trabalho de uni\u00e3o, queremos ouvir as reivindica\u00e7\u00f5es e procurar criar mecanismos que possam atender essas mulheres. Minha sala est\u00e1 aberta e eu espero contar com o apoio dessas mulheres para que possamos desenvolver politicas publicas voltadas a comunidade l\u00e9sbica\u201d, afirmou.<\/p>\n<p>&nbsp;<\/p>\n<p>A reuni\u00e3o tratou de temas importantes como sa\u00fade e direitos civis, al\u00e9m de debater sobre a necessidade de apoio psicol\u00f3gico \u00e0s jovens e qualifica\u00e7\u00e3o profissional para que a comunidade se desenvolva dentro da sociedade.<\/p>\n<p>&nbsp;<\/p>\n<p>Ainda estiveram presentes W\u00e2nia Alecrim, coordenadora de Politicas P\u00fablicas para as Mulheres e Jo\u00edlson Cruz, diretor-presidente da Funda\u00e7\u00e3o da Cultura e Patrim\u00f4nio Hist\u00f3rico, ambos salientaram a import\u00e2ncia da uni\u00e3o entre poder p\u00fablico e comunidade para garantir os direitos de todas. Finalizando o encontro, ficou definido que novas reuni\u00f5es v\u00e3o acontecer para alinhar projetos e continuar debatendo sobre as necessidades da comunidade l\u00e9sbica da cidade.<\/p>\n<p>&nbsp;<\/p>\n<p><strong>Dia Nacional<\/strong><\/p>\n<p>&nbsp;<\/p>\n<p>O Dia Nacional da Visibilidade L\u00e9sbica \u00e9 comemorado anualmente em 29 de agosto no Brasil. A data tem como principal objetivo o combate contra a lesbofobia, ou seja, o preconceito contra mulheres l\u00e9sbicas. Esta data foi criada em 1996, durante a realiza\u00e7\u00e3o do 1\u00ba Semin\u00e1rio Nacional de L\u00e9sbicas (SENALE), organizado pelo Coletivo de L\u00e9sbicas do Rio de Janeiro (COLERJ).<\/p>\n","protected":false},"excerpt":{"rendered":"<p>Foi realizado na tarde dessa quarta-feira, 29 de agosto, o Primeiro Encontro de Mulheres L\u00e9sbicas&#8230;<\/p>\n","protected":false},"author":1,"featured_media":22059,"comment_status":"closed","ping_status":"closed","sticky":false,"template":"","format":"standard","meta":{"footnotes":""},"categories":[8,14],"tags":[],"class_list":["post-22058","post","type-post","status-publish","format-standard","has-post-thumbnail","hentry","category-destaque","category-geral"],"_links":{"self":[{"href":"https:\/\/www.corumbaonline.com.br\/news\/wp-json\/wp\/v2\/posts\/22058","targetHints":{"allow":["GET"]}}],"collection":[{"href":"https:\/\/www.corumbaonline.com.br\/news\/wp-json\/wp\/v2\/posts"}],"about":[{"href":"https:\/\/www.corumbaonline.com.br\/news\/wp-json\/wp\/v2\/types\/post"}],"author":[{"embeddable":true,"href":"https:\/\/www.corumbaonline.com.br\/news\/wp-json\/wp\/v2\/users\/1"}],"replies":[{"embeddable":true,"href":"https:\/\/www.corumbaonline.com.br\/news\/wp-json\/wp\/v2\/comments?post=22058"}],"version-history":[{"count":1,"href":"https:\/\/www.corumbaonline.com.br\/news\/wp-json\/wp\/v2\/posts\/22058\/revisions"}],"predecessor-version":[{"id":22060,"href":"https:\/\/www.corumbaonline.com.br\/news\/wp-json\/wp\/v2\/posts\/22058\/revisions\/22060"}],"wp:featuredmedia":[{"embeddable":true,"href":"https:\/\/www.corumbaonline.com.br\/news\/wp-json\/wp\/v2\/media\/22059"}],"wp:attachment":[{"href":"https:\/\/www.corumbaonline.com.br\/news\/wp-json\/wp\/v2\/media?parent=22058"}],"wp:term":[{"taxonomy":"category","embeddable":true,"href":"https:\/\/www.corumbaonline.com.br\/news\/wp-json\/wp\/v2\/categories?post=22058"},{"taxonomy":"post_tag","embeddable":true,"href":"https:\/\/www.corumbaonline.com.br\/news\/wp-json\/wp\/v2\/tags?post=22058"}],"curies":[{"name":"wp","href":"https:\/\/api.w.org\/{rel}","templated":true}]}}