{"id":22064,"date":"2018-08-30T14:30:19","date_gmt":"2018-08-30T18:30:19","guid":{"rendered":"http:\/\/www.corumbaonline.com.br\/news\/?p=22064"},"modified":"2018-08-30T15:23:43","modified_gmt":"2018-08-30T19:23:43","slug":"defesa-de-lula-quer-garantir-a-participacao-dele-no-horario-eleitoral","status":"publish","type":"post","link":"https:\/\/www.corumbaonline.com.br\/news\/defesa-de-lula-quer-garantir-a-participacao-dele-no-horario-eleitoral\/","title":{"rendered":"Defesa de Lula quer garantir a participa\u00e7\u00e3o dele no hor\u00e1rio eleitoral"},"content":{"rendered":"<p>Os advogados do ex-presidente Luiz In\u00e1cio Lula da Silva (PT) devem entregar ainda\u00a0hoje\u00a0(30) a defesa contra as 16 contesta\u00e7\u00f5es das quais seu registro de candidatura foi alvo no Tribunal Superior Eleitoral (TSE).<\/p>\n<p>Os advogados insistir\u00e3o que o ex-presidente tem direito de participar do hor\u00e1rio eleitoral de r\u00e1dio e TV, que come\u00e7a amanh\u00e3 (31) para os presidenci\u00e1veis, enquanto seu registro n\u00e3o tiver um julgamento final no TSE.<\/p>\n<p>\u201cA lei nos assegura isso; o Artigo 16-A \u00e9 muito claro, fala inclusive na participa\u00e7\u00e3o de r\u00e1dio e televis\u00e3o\u201d, disse a advogada Maria Claudia Bucchianeri, que representa Lula junto ao TSE, referindo-se ao trecho da Lei das Elei\u00e7\u00f5es que trata do assunto.<\/p>\n<p>O documento da defesa ter\u00e1 mais de 200 p\u00e1ginas, incluindo a recomenda\u00e7\u00e3o do Comit\u00ea de Direitos Humanos das Na\u00e7\u00f5es Unidas a favor da candidatura de Lula, al\u00e9m de outras decis\u00f5es internacionais.<\/p>\n<h2>Ficha-Suja<\/h2>\n<p>Na impugna\u00e7\u00e3o (contesta\u00e7\u00e3o) contra a candidatura de Lula que fez no TSE, a procuradora-geral da Rep\u00fablica, Raquel Dodge, ap\u00f3s afirmar que o ex-presidente \u00e9 ficha-suja devido \u00e0 sua condena\u00e7\u00e3o em\u00a0segunda\u00a0inst\u00e2ncia no caso do triplex em Guaruj\u00e1 (SP), pediu que o tribunal conceda uma liminar (decis\u00e3o provis\u00f3ria) para impedi-lo de participar de qualquer ato de campanha &#8211;\u00a0 o que inclui sua apari\u00e7\u00e3o no hor\u00e1rio eleitoral.<\/p>\n<p>O Partido Novo, que tamb\u00e9m impugnou\u00a0a candidatura de Lula, pediu ao tribunal\u00a0uma liminar especificamente para impedi-lo de participar da campanha eleitoral e de gastar dinheiro do Fundo Eleitoral, mesmo antes do julgamento final do deferimento ou n\u00e3o do registro do ex-presidente.<\/p>\n<p>Bucchianeri destacou que uma liminar do tipo nunca foi deferida pelo TSE, motivo pelo qual a defesa considera essa decis\u00e3o improv\u00e1vel. \u201cN\u00e3o h\u00e1 registro hist\u00f3rico no TSE de decis\u00f5es liminares nesse sentido. Seria uma decis\u00e3o in\u00e9dita\u201d, disse a advogada. Ela acrescentou n\u00e3o acreditar que \u201co entendimento mude de uma hora para outra\u201d.<\/p>\n<h2>Sess\u00e3o extraordin\u00e1ria<\/h2>\n<p>O TSE convocou uma sess\u00e3o extraordin\u00e1ria para amanh\u00e3, sem no entanto divulgar at\u00e9 o momento da publica\u00e7\u00e3o desta reportagem qual ser\u00e1 a pauta de julgamentos. A expectativa \u00e9 que sejam julgados os registros de candidatura ainda pendentes: Eymael (DC), Geraldo Alckmin (PSDB), Jair Bolsonaro (PSL) e Lula (PT).<\/p>\n<p>A defesa de Lula, entretanto, considera que, como juntar\u00e1 novos documentos ao processo nesta\u00a0quinta-feira (30), n\u00e3o seria poss\u00edvel o julgamento do m\u00e9rito do registro j\u00e1 no dia seguinte, pois seria preciso dar tempo para as partes contr\u00e1rias apreciarem as novas pe\u00e7as. Ex-ministros da Corte consideram poss\u00edvel a discuss\u00e3o logo dos pedidos de liminar contra a participa\u00e7\u00e3o de Lula na campanha.<\/p>\n","protected":false},"excerpt":{"rendered":"<p>Os advogados do ex-presidente Luiz In\u00e1cio Lula da Silva (PT) devem entregar ainda\u00a0hoje\u00a0(30) a defesa&#8230;<\/p>\n","protected":false},"author":1,"featured_media":0,"comment_status":"closed","ping_status":"closed","sticky":false,"template":"","format":"standard","meta":{"footnotes":""},"categories":[101,19],"tags":[],"class_list":["post-22064","post","type-post","status-publish","format-standard","hentry","category-eleicoes","category-politica"],"_links":{"self":[{"href":"https:\/\/www.corumbaonline.com.br\/news\/wp-json\/wp\/v2\/posts\/22064","targetHints":{"allow":["GET"]}}],"collection":[{"href":"https:\/\/www.corumbaonline.com.br\/news\/wp-json\/wp\/v2\/posts"}],"about":[{"href":"https:\/\/www.corumbaonline.com.br\/news\/wp-json\/wp\/v2\/types\/post"}],"author":[{"embeddable":true,"href":"https:\/\/www.corumbaonline.com.br\/news\/wp-json\/wp\/v2\/users\/1"}],"replies":[{"embeddable":true,"href":"https:\/\/www.corumbaonline.com.br\/news\/wp-json\/wp\/v2\/comments?post=22064"}],"version-history":[{"count":1,"href":"https:\/\/www.corumbaonline.com.br\/news\/wp-json\/wp\/v2\/posts\/22064\/revisions"}],"predecessor-version":[{"id":22065,"href":"https:\/\/www.corumbaonline.com.br\/news\/wp-json\/wp\/v2\/posts\/22064\/revisions\/22065"}],"wp:attachment":[{"href":"https:\/\/www.corumbaonline.com.br\/news\/wp-json\/wp\/v2\/media?parent=22064"}],"wp:term":[{"taxonomy":"category","embeddable":true,"href":"https:\/\/www.corumbaonline.com.br\/news\/wp-json\/wp\/v2\/categories?post=22064"},{"taxonomy":"post_tag","embeddable":true,"href":"https:\/\/www.corumbaonline.com.br\/news\/wp-json\/wp\/v2\/tags?post=22064"}],"curies":[{"name":"wp","href":"https:\/\/api.w.org\/{rel}","templated":true}]}}