{"id":22077,"date":"2018-08-31T08:30:22","date_gmt":"2018-08-31T12:30:22","guid":{"rendered":"http:\/\/www.corumbaonline.com.br\/news\/?p=22077"},"modified":"2018-08-31T06:45:53","modified_gmt":"2018-08-31T10:45:53","slug":"onze-estados-estao-com-indices-de-vacinacao-contra-polio-e-sarampo-abaixo-da-media-nacional","status":"publish","type":"post","link":"https:\/\/www.corumbaonline.com.br\/news\/onze-estados-estao-com-indices-de-vacinacao-contra-polio-e-sarampo-abaixo-da-media-nacional\/","title":{"rendered":"Onze estados est\u00e3o com \u00edndices de vacina\u00e7\u00e3o contra p\u00f3lio e sarampo abaixo da m\u00e9dia nacional"},"content":{"rendered":"<p>Em todo o pa\u00eds, onze estados est\u00e3o abaixo da m\u00e9dia nacional de cobertura vacinal da Campanha de Vacina\u00e7\u00e3o Contra a\u00a0<a href=\"http:\/\/portalms.saude.gov.br\/saude-de-a-z\/poliomielite\">poliomielite<\/a>\u00a0e\u00a0<a href=\"http:\/\/portalms.saude.gov.br\/saude-de-a-z\/sarampo\">sarampo<\/a>. At\u00e9 esta quinta-feira (30), cerca de 76% das crian\u00e7as brasileiras foram vacinadas. Em todo o pa\u00eds, foram aplicadas mais de 17 milh\u00f5es de doses das vacinas (cerca de 8,5 milh\u00f5es de cada). Segundo a \u00faltima atualiza\u00e7\u00e3o enviada pelos estados, o Rio de Janeiro est\u00e1 com o menor \u00edndice de vacina\u00e7\u00e3o, seguido por Roraima, Distrito Federal, Par\u00e1, Amazonas, Acre, Bahia, Mato Grosso do Sul, Rio Grande do Sul, Piau\u00ed e S\u00e3o Paulo. A campanha termina nesta sexta-feira (31) e o Minist\u00e9rio da Sa\u00fade orienta estados e munic\u00edpios, que n\u00e3o atingiram a meta, a abrir os postos de vacina\u00e7\u00e3o no s\u00e1bado, 1\u00ba de setembro.<\/p>\n<p>A orienta\u00e7\u00e3o \u00e9 para que os gestores locais realizem uma nova mobiliza\u00e7\u00e3o e a vacina consiga ser aplicada em mais de 2,6 milh\u00f5es de crian\u00e7as de um a menores de cinco anos, que ainda n\u00e3o est\u00e3o protegidas contra as duas doen\u00e7as. A organiza\u00e7\u00e3o da mobiliza\u00e7\u00e3o no s\u00e1bado (1\u00ba\/09) \u00e9 de responsabilidade de cada munic\u00edpio, portanto \u00e9 necess\u00e1rio verificar com as Secretarias Municipais de Sa\u00fade quais postos estar\u00e3o abertos neste s\u00e1bado para vacinar contra poliomielite e sarampo.<\/p>\n<p>\u201cEsses 11 estados precisam intensificar suas a\u00e7\u00f5es de vacina\u00e7\u00e3o para alcan\u00e7ar a meta da campanha, de vacinar 95% do p\u00fablico-alvo. \u00c9 por meio da vacina\u00e7\u00e3o que vamos impedir que doen\u00e7as j\u00e1 eliminadas retornem ao Brasil. \u00c9 preciso que os gestores de sa\u00fade, bem como pais e respons\u00e1veis, se conscientizem da import\u00e2ncia da vacina\u00e7\u00e3o contra essas doen\u00e7as\u201d, avalia o ministro da Sa\u00fade, Gilberto Occhi.<\/p>\n<p>At\u00e9 o momento, apenas o estado do Amap\u00e1 atingiu a meta do Minist\u00e9rio da Sa\u00fade, de vacinar 95% do p\u00fablico-alvo. Os dados de algumas capitais mostram que o esfor\u00e7o dos vacinadores e da popula\u00e7\u00e3o nessa reta final tem apresentado bons resultados. No fim de semana passado, os estados de S\u00e3o Paulo, Minas Gerais, Pernambuco, Maranh\u00e3o, Esp\u00edrito Santo e Amap\u00e1 promoveram mais um dia de mobiliza\u00e7\u00e3o para vacina\u00e7\u00e3o. As capitais Macap\u00e1 (AP) e Porto Velho (RO) superaram a meta da campanha. Macap\u00e1 vacinou 100,3% para p\u00f3lio e 99,8% para sarampo e Porto Velho 98,3% p\u00f3lio e 98,3% sarampo. J\u00e1 Manaus, que iniciou a vacina\u00e7\u00e3o antes devido o surto de sarampo na regi\u00e3o, j\u00e1 atingiu a meta de vacina\u00e7\u00e3o para a doen\u00e7a (103%).<\/p>\n<h2><strong>CAMPANHA<\/strong><\/h2>\n<p>Para a poliomielite, as crian\u00e7as que ainda n\u00e3o tomaram nenhuma dose da vacina na vida ser\u00e3o vacinadas com a Vacina Inativada Poliomielite (VIP). As crian\u00e7as que j\u00e1 tiverem tomado uma ou mais doses receber\u00e3o a gotinha (Vacina Oral Poliomielite &#8211; VOP). Em rela\u00e7\u00e3o ao sarampo, todas as crian\u00e7as devem receber uma dose da vacina tr\u00edplice viral, independente da situa\u00e7\u00e3o vacinal. A exce\u00e7\u00e3o \u00e9 para as que tenham sido vacinadas nos \u00faltimos trinta dias, que n\u00e3o necessitam de uma nova dose.<\/p>\n<p>O Minist\u00e9rio da Sa\u00fade oferta todas as vacinas recomendadas pela Organiza\u00e7\u00e3o Mundial da Sa\u00fade (OMS). Ao todo, s\u00e3o 19 para combater mais de 20 doen\u00e7as, em todas as faixas et\u00e1rias. Por ano, s\u00e3o cerca de 300 milh\u00f5es de doses de imunobiol\u00f3gicos distribu\u00eddos em todo o pa\u00eds.<\/p>\n<h2><strong>CASOS DE SARAMPO<\/strong><\/h2>\n<p>At\u00e9 o dia 28 de agosto, foram confirmados 1.553 casos e 6.975 permanecem em investiga\u00e7\u00e3o. Atualmente, o pa\u00eds enfrenta dois surtos de sarampo: no Amazonas que j\u00e1 computa 1.211 casos e 6.905 em investiga\u00e7\u00e3o, e em Roraima, com o registro de 300 casos da doen\u00e7a, sendo que 70 continuam em investiga\u00e7\u00e3o.\u00a0Entre os confirmados em Roraima, 9 casos foram atendidos no Brasil e est\u00e3o recebendo tratamento, mas residem na Venezuela.<\/p>\n<p>Os surtos est\u00e3o relacionados \u00e0 importa\u00e7\u00e3o, j\u00e1 que o gen\u00f3tipo do v\u00edrus (D8) que est\u00e1 circulando no pa\u00eds \u00e9 o mesmo que circula na Venezuela, pa\u00eds que enfrenta um surto da doen\u00e7a desde 2017. \u00a0Alguns casos isolados e relacionados \u00e0 importa\u00e7\u00e3o foram identificados nos estados de S\u00e3o Paulo (2), Rio de Janeiro (18); Rio Grande do Sul (16); Rond\u00f4nia (2), Pernambuco (2) e Par\u00e1 (2). O Minist\u00e9rio da Sa\u00fade permanece acompanhando a situa\u00e7\u00e3o e prestando o apoio necess\u00e1rio aos Estados.<\/p>\n<p>At\u00e9 o momento, no Brasil, foram confirmados 7 \u00f3bitos\u00a0por sarampo, sendo 4 \u00f3bitos no estado de Roraima (3 em estrangeiros e 1 em brasileiro) e 3 \u00f3bitos no estado do Amazonas (todos brasileiros, sendo 2 do munic\u00edpio de Manaus e 1 do munic\u00edpio de Autazes).<\/p>\n<h2><strong>SARAMPO NO MUNDO<\/strong><\/h2>\n<p>Segundo a\u00a0<a href=\"https:\/\/www.paho.org\/bra\/index.php?option=com_content&amp;view=article&amp;id=5740:casos-de-sarampo-chegam-a-numero-recorde-na-regiao-da-europa&amp;Itemid=812\" target=\"_blank\" rel=\"noopener noreferrer\">Organiza\u00e7\u00e3o Mundial da Sa\u00fade (OMS)<\/a>, os casos de sarampo chegaram a um n\u00famero recorde na Europa. Os dados, divulgados pela organiza\u00e7\u00e3o nesta segunda-feira (20\/08), apontam que mais de 41 mil crian\u00e7as e adultos na Regi\u00e3o Europeia foram infectados com sarampo nos primeiros seis meses de 2018. O n\u00famero total de casos para esse per\u00edodo excede os 12 meses reportados em todos os outros anos desta d\u00e9cada.<\/p>\n<p>Desde 2010, o ano de 2017 foi o que teve o maior n\u00famero de casos: 23.927. Em 2016, registrou-se a menor quantidade: 5.273. Al\u00e9m disso, pelo menos 37 pessoas morreram devido \u00e0 doen\u00e7a neste ano. Sete pa\u00edses da regi\u00e3o tiveram mais de uns mil casos neste ano (Fran\u00e7a, Ge\u00f3rgia, Gr\u00e9cia, It\u00e1lia, R\u00fassia, S\u00e9rvia e Ucr\u00e2nia). A Ucr\u00e2nia foi a mais atingida com mais de 23 mil pessoas afetas, o que representa mais da metade da popula\u00e7\u00e3o do pa\u00eds.<\/p>\n<p>Para mais informa\u00e7\u00f5es, acesse a p\u00e1gina especializada sobre\u00a0<a href=\"http:\/\/portalms.saude.gov.br\/acoes-e-programas\/vacinacao\/vacine-se\">vacina\u00e7\u00e3o<\/a>\u00a0no portal do\u00a0<a href=\"http:\/\/portalms.saude.gov.br\/\">Minist\u00e9rio da Sa\u00fade<\/a>.<\/p>\n<table>\n<tbody>\n<tr>\n<td colspan=\"6\"><strong>Balan\u00e7o da Campanha Nacional de Vacina\u00e7\u00e3o at\u00e9 o dia 30 de agosto<\/strong><\/td>\n<\/tr>\n<tr>\n<td><\/td>\n<td><strong>P\u00daBLICO-ALVO<\/strong><\/td>\n<td colspan=\"2\"><strong>POLIOMIELITE<\/strong><\/td>\n<td colspan=\"2\"><strong>SARAMPO<\/strong><\/td>\n<\/tr>\n<tr>\n<td><strong>UF<\/strong><\/td>\n<td><strong>TOTAL<\/strong><\/td>\n<td><strong>DOSES APLICADAS<\/strong><\/td>\n<td><strong>%<\/strong><\/td>\n<td><strong>DOSES APLICADAS<\/strong><\/td>\n<td><strong>%<\/strong><\/td>\n<\/tr>\n<tr>\n<td><strong>RO<\/strong><\/td>\n<td>104.978<\/td>\n<td>99.046<\/td>\n<td>94,84<\/td>\n<td>98.457<\/td>\n<td>93,79<\/td>\n<\/tr>\n<tr>\n<td><strong>AC<\/strong><\/td>\n<td>63.573<\/td>\n<td>43.414<\/td>\n<td>68,29<\/td>\n<td>43.232<\/td>\n<td>68,00<\/td>\n<\/tr>\n<tr>\n<td><strong>AM<\/strong><\/td>\n<td>304.907<\/td>\n<td>204.793<\/td>\n<td>67,17<\/td>\n<td>251.374<\/td>\n<td>82,44<\/td>\n<\/tr>\n<tr>\n<td><strong>RR<\/strong><\/td>\n<td>40.663<\/td>\n<td>24.900<\/td>\n<td>61,24<\/td>\n<td>24.657<\/td>\n<td>60,64<\/td>\n<\/tr>\n<tr>\n<td><strong>PA<\/strong><\/td>\n<td>594.518<\/td>\n<td>392.788<\/td>\n<td>66,07<\/td>\n<td>392.954<\/td>\n<td>66,10<\/td>\n<\/tr>\n<tr>\n<td><strong>AP<\/strong><\/td>\n<td>58.705<\/td>\n<td>59.569<\/td>\n<td>101,47<\/td>\n<td>59.366<\/td>\n<td>101,13<\/td>\n<\/tr>\n<tr>\n<td><strong>TO<\/strong><\/td>\n<td>99.049<\/td>\n<td>76.887<\/td>\n<td>77,63<\/td>\n<td>76.645<\/td>\n<td>77,38<\/td>\n<\/tr>\n<tr>\n<td><strong>MA<\/strong><\/td>\n<td>499.042<\/td>\n<td>417.403<\/td>\n<td>83,64<\/td>\n<td>415.647<\/td>\n<td>83,29<\/td>\n<\/tr>\n<tr>\n<td><strong>PI<\/strong><\/td>\n<td>197.366<\/td>\n<td>146.104<\/td>\n<td>74,03<\/td>\n<td>145.396<\/td>\n<td>73,67<\/td>\n<\/tr>\n<tr>\n<td><strong>CE<\/strong><\/td>\n<td>509.183<\/td>\n<td>432.031<\/td>\n<td>84,85<\/td>\n<td>432.246<\/td>\n<td>84,89<\/td>\n<\/tr>\n<tr>\n<td><strong>RN<\/strong><\/td>\n<td>188.861<\/td>\n<td>147.690<\/td>\n<td>78,20<\/td>\n<td>146.063<\/td>\n<td>77,34<\/td>\n<\/tr>\n<tr>\n<td><strong>PB<\/strong><\/td>\n<td>232.889<\/td>\n<td>193.383<\/td>\n<td>83,04<\/td>\n<td>192.571<\/td>\n<td>82,69<\/td>\n<\/tr>\n<tr>\n<td><strong>PE<\/strong><\/td>\n<td>544.178<\/td>\n<td>488.287<\/td>\n<td>89,73<\/td>\n<td>486.702<\/td>\n<td>89,44<\/td>\n<\/tr>\n<tr>\n<td><strong>AL<\/strong><\/td>\n<td>213.391<\/td>\n<td>171.373<\/td>\n<td>80,31<\/td>\n<td>171.058<\/td>\n<td>80,16<\/td>\n<\/tr>\n<tr>\n<td><strong>SE<\/strong><\/td>\n<td>133.395<\/td>\n<td>113.583<\/td>\n<td>85,15<\/td>\n<td>112.876<\/td>\n<td>84,62<\/td>\n<\/tr>\n<tr>\n<td><strong>BA<\/strong><\/td>\n<td>849.361<\/td>\n<td>602.471<\/td>\n<td>70,53<\/td>\n<td>596.890<\/td>\n<td>70,28<\/td>\n<\/tr>\n<tr>\n<td><strong>MG<\/strong><\/td>\n<td>1.027.305<\/td>\n<td>794.891<\/td>\n<td>77,38<\/td>\n<td>791.165<\/td>\n<td>77,01<\/td>\n<\/tr>\n<tr>\n<td><strong>ES<\/strong><\/td>\n<td>201.833<\/td>\n<td>178.870<\/td>\n<td>88,62<\/td>\n<td>178.116<\/td>\n<td>88,25<\/td>\n<\/tr>\n<tr>\n<td><strong>RJ<\/strong><\/td>\n<td>811.853<\/td>\n<td>446.384<\/td>\n<td>54,98<\/td>\n<td>451.955<\/td>\n<td>55,67<\/td>\n<\/tr>\n<tr>\n<td><strong>SP<\/strong><\/td>\n<td>2.202.964<\/td>\n<td>1.656.592<\/td>\n<td>75,20<\/td>\n<td>1.639.111<\/td>\n<td>74,40<\/td>\n<\/tr>\n<tr>\n<td><strong>PR<\/strong><\/td>\n<td>581.309<\/td>\n<td>464.220<\/td>\n<td>79,86<\/td>\n<td>461.821<\/td>\n<td>79,45<\/td>\n<\/tr>\n<tr>\n<td><strong>SC<\/strong><\/td>\n<td>339.800<\/td>\n<td>311.696<\/td>\n<td>91,73<\/td>\n<td>312.325<\/td>\n<td>91,91<\/td>\n<\/tr>\n<tr>\n<td><strong>RS<\/strong><\/td>\n<td>528.938<\/td>\n<td>391.078<\/td>\n<td>73,94<\/td>\n<td>389.652<\/td>\n<td>73,67<\/td>\n<\/tr>\n<tr>\n<td><strong>MS<\/strong><\/td>\n<td>158.083<\/td>\n<td>116.629<\/td>\n<td>73,78<\/td>\n<td>116.245<\/td>\n<td>73,53<\/td>\n<\/tr>\n<tr>\n<td><strong>MT<\/strong><\/td>\n<td>202.216<\/td>\n<td>157.488<\/td>\n<td>77,88<\/td>\n<td>156.881<\/td>\n<td>77,58<\/td>\n<\/tr>\n<tr>\n<td><strong>GO<\/strong><\/td>\n<td>364.626<\/td>\n<td>207.072<\/td>\n<td>81,72<\/td>\n<td>293.561<\/td>\n<td>80,51<\/td>\n<\/tr>\n<tr>\n<td><strong>DF<\/strong><\/td>\n<td>160.292<\/td>\n<td>102.324<\/td>\n<td>63,84<\/td>\n<td>101.293<\/td>\n<td>63,19<\/td>\n<\/tr>\n<tr>\n<td><strong>BRASIL<\/strong><\/td>\n<td><strong>11.213.278<\/strong><\/td>\n<td><strong>8.532.168<\/strong><\/td>\n<td><strong>76,09<\/strong><\/td>\n<td><strong>8.538.259<\/strong><\/td>\n<td><strong>76,14<\/strong><\/td>\n<\/tr>\n<\/tbody>\n<\/table>\n","protected":false},"excerpt":{"rendered":"<p>Em todo o pa\u00eds, onze estados est\u00e3o abaixo da m\u00e9dia nacional de cobertura vacinal da&#8230;<\/p>\n","protected":false},"author":1,"featured_media":22078,"comment_status":"closed","ping_status":"closed","sticky":false,"template":"","format":"standard","meta":{"footnotes":""},"categories":[21],"tags":[],"class_list":["post-22077","post","type-post","status-publish","format-standard","has-post-thumbnail","hentry","category-saude"],"_links":{"self":[{"href":"https:\/\/www.corumbaonline.com.br\/news\/wp-json\/wp\/v2\/posts\/22077","targetHints":{"allow":["GET"]}}],"collection":[{"href":"https:\/\/www.corumbaonline.com.br\/news\/wp-json\/wp\/v2\/posts"}],"about":[{"href":"https:\/\/www.corumbaonline.com.br\/news\/wp-json\/wp\/v2\/types\/post"}],"author":[{"embeddable":true,"href":"https:\/\/www.corumbaonline.com.br\/news\/wp-json\/wp\/v2\/users\/1"}],"replies":[{"embeddable":true,"href":"https:\/\/www.corumbaonline.com.br\/news\/wp-json\/wp\/v2\/comments?post=22077"}],"version-history":[{"count":1,"href":"https:\/\/www.corumbaonline.com.br\/news\/wp-json\/wp\/v2\/posts\/22077\/revisions"}],"predecessor-version":[{"id":22079,"href":"https:\/\/www.corumbaonline.com.br\/news\/wp-json\/wp\/v2\/posts\/22077\/revisions\/22079"}],"wp:featuredmedia":[{"embeddable":true,"href":"https:\/\/www.corumbaonline.com.br\/news\/wp-json\/wp\/v2\/media\/22078"}],"wp:attachment":[{"href":"https:\/\/www.corumbaonline.com.br\/news\/wp-json\/wp\/v2\/media?parent=22077"}],"wp:term":[{"taxonomy":"category","embeddable":true,"href":"https:\/\/www.corumbaonline.com.br\/news\/wp-json\/wp\/v2\/categories?post=22077"},{"taxonomy":"post_tag","embeddable":true,"href":"https:\/\/www.corumbaonline.com.br\/news\/wp-json\/wp\/v2\/tags?post=22077"}],"curies":[{"name":"wp","href":"https:\/\/api.w.org\/{rel}","templated":true}]}}