{"id":22083,"date":"2018-08-31T08:51:14","date_gmt":"2018-08-31T12:51:14","guid":{"rendered":"http:\/\/www.corumbaonline.com.br\/news\/?p=22083"},"modified":"2018-08-31T06:56:56","modified_gmt":"2018-08-31T10:56:56","slug":"tse-pode-julgar-hoje-registro-da-candidatura-de-lula-a-presidencia","status":"publish","type":"post","link":"https:\/\/www.corumbaonline.com.br\/news\/tse-pode-julgar-hoje-registro-da-candidatura-de-lula-a-presidencia\/","title":{"rendered":"TSE pode julgar hoje registro da candidatura de Lula \u00e0 Presid\u00eancia"},"content":{"rendered":"<p>O Tribunal Superior Eleitoral (TSE) pode julgar\u00a0hoje\u00a0(31) o pedido de registro de candidatura do ex-presidente Luiz In\u00e1cio Lula da Silva \u00e0 Presid\u00eancia da Rep\u00fablica nas elei\u00e7\u00f5es\u00a0de outubro. A an\u00e1lise pode ocorrer durante uma sess\u00e3o extra, convocada pela presidente da Corte, ministra Rosa Weber, para as 14h30.<\/p>\n<p>Apesar de o recurso n\u00e3o estar previsto na pauta de julgamentos, a possibilidade de an\u00e1lise do registro n\u00e3o est\u00e1 descartada. A libera\u00e7\u00e3o para julgamento depende do relator, ministro Lu\u00eds Roberto Barroso, que recebeu na noite de\u00a0ontem\u00a0a manifesta\u00e7\u00e3o da defesa de Lula sobre as 16 impugna\u00e7\u00f5es contra a candidatura.<\/p>\n<p>Lula est\u00e1 preso desde\u00a07 de abril\u00a0na sede da Superintend\u00eancia da Pol\u00edcia Federal (PF) em Curitiba, em fun\u00e7\u00e3o de sua condena\u00e7\u00e3o a 12 anos e um m\u00eas de pris\u00e3o, na a\u00e7\u00e3o penal do caso do tr\u00edplex em Guaruj\u00e1 (SP).<\/p>\n<p>Em tese, o ex-presidente estaria enquadrado no artigo da Lei da Ficha Limpa que impede a candidatura de condenados por \u00f3rg\u00e3os colegiados. No entanto, o pedido de registro e a poss\u00edvel inelegibilidade precisam ser analisados pelo TSE at\u00e9\u00a017 de setembro.<\/p>\n<p>Al\u00e9m de Lula, o tribunal ainda pode analisar os pedidos de registro dos candidatos Geraldo Alckmin (PSDB), Jair Bolsonaro (PSL) e Eymael (DC).<\/p>\n<p><strong>\u00a0Defesa de Lula<\/strong><\/p>\n<p>Na peti\u00e7\u00e3o, os advogados defendem que o ex-presidente tem direito de participar do hor\u00e1rio eleitoral de r\u00e1dio e TV, enquanto seu registro n\u00e3o tiver um julgamento final no TSE.<\/p>\n<p>O documento inclui a recomenda\u00e7\u00e3o do Comit\u00ea de Direitos Humanos da Organiza\u00e7\u00e3o das Na\u00e7\u00f5es Unidas a favor da candidatura de Lula, al\u00e9m de outras decis\u00f5es internacionais.<\/p>\n","protected":false},"excerpt":{"rendered":"<p>O Tribunal Superior Eleitoral (TSE) pode julgar\u00a0hoje\u00a0(31) o pedido de registro de candidatura do ex-presidente&#8230;<\/p>\n","protected":false},"author":1,"featured_media":0,"comment_status":"closed","ping_status":"closed","sticky":false,"template":"","format":"standard","meta":{"footnotes":""},"categories":[101,19],"tags":[],"class_list":["post-22083","post","type-post","status-publish","format-standard","hentry","category-eleicoes","category-politica"],"_links":{"self":[{"href":"https:\/\/www.corumbaonline.com.br\/news\/wp-json\/wp\/v2\/posts\/22083","targetHints":{"allow":["GET"]}}],"collection":[{"href":"https:\/\/www.corumbaonline.com.br\/news\/wp-json\/wp\/v2\/posts"}],"about":[{"href":"https:\/\/www.corumbaonline.com.br\/news\/wp-json\/wp\/v2\/types\/post"}],"author":[{"embeddable":true,"href":"https:\/\/www.corumbaonline.com.br\/news\/wp-json\/wp\/v2\/users\/1"}],"replies":[{"embeddable":true,"href":"https:\/\/www.corumbaonline.com.br\/news\/wp-json\/wp\/v2\/comments?post=22083"}],"version-history":[{"count":1,"href":"https:\/\/www.corumbaonline.com.br\/news\/wp-json\/wp\/v2\/posts\/22083\/revisions"}],"predecessor-version":[{"id":22084,"href":"https:\/\/www.corumbaonline.com.br\/news\/wp-json\/wp\/v2\/posts\/22083\/revisions\/22084"}],"wp:attachment":[{"href":"https:\/\/www.corumbaonline.com.br\/news\/wp-json\/wp\/v2\/media?parent=22083"}],"wp:term":[{"taxonomy":"category","embeddable":true,"href":"https:\/\/www.corumbaonline.com.br\/news\/wp-json\/wp\/v2\/categories?post=22083"},{"taxonomy":"post_tag","embeddable":true,"href":"https:\/\/www.corumbaonline.com.br\/news\/wp-json\/wp\/v2\/tags?post=22083"}],"curies":[{"name":"wp","href":"https:\/\/api.w.org\/{rel}","templated":true}]}}