{"id":22089,"date":"2018-08-31T08:22:41","date_gmt":"2018-08-31T12:22:41","guid":{"rendered":"http:\/\/www.corumbaonline.com.br\/news\/?p=22089"},"modified":"2018-08-31T08:13:02","modified_gmt":"2018-08-31T12:13:02","slug":"forca-tatica-da-policia-militar-prende-foragido-da-justica-na-area-central","status":"publish","type":"post","link":"https:\/\/www.corumbaonline.com.br\/news\/forca-tatica-da-policia-militar-prende-foragido-da-justica-na-area-central\/","title":{"rendered":"For\u00e7a T\u00e1tica da Pol\u00edcia Militar prende foragido da Justi\u00e7a na \u00e1rea central"},"content":{"rendered":"<p>A equipe fazia patrulhamento ostensivo e preventivo nesta quinta-feira (30) quando avistou o indiv\u00edduo em atitude suspeita na alameda Sim\u00e3o Bol\u00edvar, regi\u00e3o central de Corumb\u00e1.<\/p>\n<p>Ele foi abordado, por\u00e9m nada de il\u00edcito foi encontrado. No entanto, ao ter seus dados checados junto ao sistema, foi constatado em seu desfavor um mandado de pris\u00e3o em aberto.<\/p>\n<p>O indiv\u00edduo de 62 anos de idade foi detido e conduzido at\u00e9 a delegacia de pol\u00edcia para provid\u00eancias.<\/p>\n","protected":false},"excerpt":{"rendered":"<p>A equipe fazia patrulhamento ostensivo e preventivo nesta quinta-feira (30) quando avistou o indiv\u00edduo em&#8230;<\/p>\n","protected":false},"author":1,"featured_media":0,"comment_status":"closed","ping_status":"closed","sticky":false,"template":"","format":"standard","meta":{"footnotes":""},"categories":[18],"tags":[],"class_list":["post-22089","post","type-post","status-publish","format-standard","hentry","category-seguranca"],"_links":{"self":[{"href":"https:\/\/www.corumbaonline.com.br\/news\/wp-json\/wp\/v2\/posts\/22089","targetHints":{"allow":["GET"]}}],"collection":[{"href":"https:\/\/www.corumbaonline.com.br\/news\/wp-json\/wp\/v2\/posts"}],"about":[{"href":"https:\/\/www.corumbaonline.com.br\/news\/wp-json\/wp\/v2\/types\/post"}],"author":[{"embeddable":true,"href":"https:\/\/www.corumbaonline.com.br\/news\/wp-json\/wp\/v2\/users\/1"}],"replies":[{"embeddable":true,"href":"https:\/\/www.corumbaonline.com.br\/news\/wp-json\/wp\/v2\/comments?post=22089"}],"version-history":[{"count":1,"href":"https:\/\/www.corumbaonline.com.br\/news\/wp-json\/wp\/v2\/posts\/22089\/revisions"}],"predecessor-version":[{"id":22090,"href":"https:\/\/www.corumbaonline.com.br\/news\/wp-json\/wp\/v2\/posts\/22089\/revisions\/22090"}],"wp:attachment":[{"href":"https:\/\/www.corumbaonline.com.br\/news\/wp-json\/wp\/v2\/media?parent=22089"}],"wp:term":[{"taxonomy":"category","embeddable":true,"href":"https:\/\/www.corumbaonline.com.br\/news\/wp-json\/wp\/v2\/categories?post=22089"},{"taxonomy":"post_tag","embeddable":true,"href":"https:\/\/www.corumbaonline.com.br\/news\/wp-json\/wp\/v2\/tags?post=22089"}],"curies":[{"name":"wp","href":"https:\/\/api.w.org\/{rel}","templated":true}]}}