{"id":22096,"date":"2018-08-31T10:20:38","date_gmt":"2018-08-31T14:20:38","guid":{"rendered":"http:\/\/www.corumbaonline.com.br\/news\/?p=22096"},"modified":"2018-08-31T10:46:58","modified_gmt":"2018-08-31T14:46:58","slug":"analisando-19","status":"publish","type":"post","link":"https:\/\/www.corumbaonline.com.br\/news\/analisando-19\/","title":{"rendered":"Analisando&#8230;"},"content":{"rendered":"<p><strong>Programas<\/strong><\/p>\n<p>Deu a largada nesta sexta- feira os programas eleitorais gratuitos de radio e televis\u00e3o. Talvez nos \u00faltimos anos nunca esse per\u00edodo foi t\u00e3o esperado. E vamos come\u00e7ar a responder algumas d\u00favidas que duram meses. Se Jair Bolsonaro resistira aos m\u00edseros 17 segundos a que tem direito. Se com o caminh\u00e3o de tempo que tem, Geraldo Alckmin vai se recuperar e levantar nas inten\u00e7\u00f5es de voto e se afinal de contas o Lula ira aparecer nos programas do PT como candidato \u00e0 Presidente.<\/p>\n<p><strong>JN x Bolsonaro<\/strong><\/p>\n<p>A t\u00e3o comentada entrevista do Jair Bolsonaro no Jornal Nacional rendeu durante toda semana. Sem entrar no m\u00e9rito da discuss\u00e3o, a emissora cometeu o mesmo erro da Globonews, investir em temas que pouco contribuem para a discuss\u00e3o presidencial e com seus entrevistadores visivelmente envolvidos com os temas. Neste campo o candidato j\u00e1 demostrou que acaba fazendo um discurso forte para o seu eleitor e desqualificando os entrevistadores. Um precioso espa\u00e7o desperdi\u00e7ado para discuss\u00e3o de temas nacionais.<\/p>\n<p><strong>Bolsonaro acuado<\/strong><\/p>\n<p>Ate aqui o melhor debate n\u00e3o foi visto por quase ningu\u00e9m e pouco comentado pelos seguidores do MITO. O debate da rede TV, domingo retrasado, quando o candidato Bolsonaro ficou sem ch\u00e3o ao ser questionado por Reinaldo Azevedo (seu pavor) sobre a rolagem da divida publica e o crescimento da economia. Foi um tal de \u00e9,\u00e9,\u00e9,\u00e9&#8230;.. e n\u00e3o saia nada. O le\u00e3o virou gatinho, pois afinal de contas n\u00e3o entende nada de nada.\u00a0 Espero que nos pr\u00f3ximos debates os grandes temas nacionais possam ser discutidos, ainda n\u00e3o ouvi as propostas do Bolsonaro para reforma da previd\u00eancia, das estatais, pr\u00e9-sal, privatiza\u00e7\u00e3o da Petrobras, privatiza\u00e7\u00e3o do ensino superior, discuss\u00e3o do pacto federativo, imigra\u00e7\u00e3o no norte do pais, e muitos outros.<\/p>\n<p><strong>Ciro, Marina e Alckmin<\/strong><\/p>\n<p>Os tr\u00eas candidatos tamb\u00e9m foram duramente entrevistados pela linha acusat\u00f3ria do telejornal. Entendo que combate a corrup\u00e7\u00e3o \u00e9 importante mas s\u00f3 isso n\u00e3o vai fazer a economia crescer nem gerar empregos. Logo insistir nestes temas de forma intimidadora e acusat\u00f3ria s\u00f3 deve estar alegrando ao faminto MP.<\/p>\n<p><strong>Odilon<\/strong><\/p>\n<p>Parece ter chegado o inferno astral para o juiz aposentado e candidato Odilon de Oliveira. As den\u00fancias feitas por seus ex bra\u00e7o direito e primo s\u00e3o graves e podem abalar a campanha do ate ent\u00e3o \u00fanico advers\u00e1rio do atual governador. O Dr. Odilon, entretanto ganhou pontos quando solicitou que a PF abra imediatamente um inqu\u00e9rito para investigar as denuncias. Ajuda a aliviar as criticas pesadas que recebeu.<\/p>\n<p><strong>\u00a0<\/strong><\/p>\n<p><strong>\u00a0<\/strong><\/p>\n<p><strong>Ruas<\/strong><\/p>\n<p>As ruas de Corumb\u00e1 come\u00e7am a ser tomadas pelas bandeiras e adesivos dos candidatos mostrando que realmente esta ser\u00e1 uma campanha muito curta. Este m\u00eas de setembro as coisas devem se intensificar. Se esta intensifica\u00e7\u00e3o mudara o quadro atual s\u00f3 o tempo ira dizer.<\/p>\n<p><strong>Queda<\/strong><\/p>\n<p>Na ultima semana o \u201c\u00fanico candidato com chances\u201d de se eleger a uma cadeira do legislativo sofreu um duro golpe. Seu homem de confian\u00e7a e bra\u00e7o direito, seu mentor e guru foi arrancado da cadeira que ocupava em importante cargo federal sem aviso pr\u00e9vio, ou seja, descobriu a demiss\u00e3o pelo di\u00e1rio oficial. Dizem que os motivos n\u00e3o s\u00e3o nada republicanos.\u00a0 S\u00e3o esperados para a semana a demiss\u00e3o de todos os apaniguados l\u00e1 encaixados em uma boquinha pra ajudar no processo eleitoral.\u00a0 Gostaria de entender porque tantas pessoas no universo querem atrapalhar esta candidatura?<\/p>\n","protected":false},"excerpt":{"rendered":"<p>Programas Deu a largada nesta sexta- feira os programas eleitorais gratuitos de radio e televis\u00e3o&#8230;.<\/p>\n","protected":false},"author":6,"featured_media":19310,"comment_status":"closed","ping_status":"closed","sticky":false,"template":"","format":"standard","meta":{"footnotes":""},"categories":[3],"tags":[],"class_list":["post-22096","post","type-post","status-publish","format-standard","has-post-thumbnail","hentry","category-artigo"],"_links":{"self":[{"href":"https:\/\/www.corumbaonline.com.br\/news\/wp-json\/wp\/v2\/posts\/22096","targetHints":{"allow":["GET"]}}],"collection":[{"href":"https:\/\/www.corumbaonline.com.br\/news\/wp-json\/wp\/v2\/posts"}],"about":[{"href":"https:\/\/www.corumbaonline.com.br\/news\/wp-json\/wp\/v2\/types\/post"}],"author":[{"embeddable":true,"href":"https:\/\/www.corumbaonline.com.br\/news\/wp-json\/wp\/v2\/users\/6"}],"replies":[{"embeddable":true,"href":"https:\/\/www.corumbaonline.com.br\/news\/wp-json\/wp\/v2\/comments?post=22096"}],"version-history":[{"count":1,"href":"https:\/\/www.corumbaonline.com.br\/news\/wp-json\/wp\/v2\/posts\/22096\/revisions"}],"predecessor-version":[{"id":22097,"href":"https:\/\/www.corumbaonline.com.br\/news\/wp-json\/wp\/v2\/posts\/22096\/revisions\/22097"}],"wp:featuredmedia":[{"embeddable":true,"href":"https:\/\/www.corumbaonline.com.br\/news\/wp-json\/wp\/v2\/media\/19310"}],"wp:attachment":[{"href":"https:\/\/www.corumbaonline.com.br\/news\/wp-json\/wp\/v2\/media?parent=22096"}],"wp:term":[{"taxonomy":"category","embeddable":true,"href":"https:\/\/www.corumbaonline.com.br\/news\/wp-json\/wp\/v2\/categories?post=22096"},{"taxonomy":"post_tag","embeddable":true,"href":"https:\/\/www.corumbaonline.com.br\/news\/wp-json\/wp\/v2\/tags?post=22096"}],"curies":[{"name":"wp","href":"https:\/\/api.w.org\/{rel}","templated":true}]}}