{"id":22100,"date":"2018-08-31T14:10:37","date_gmt":"2018-08-31T18:10:37","guid":{"rendered":"http:\/\/www.corumbaonline.com.br\/news\/?p=22100"},"modified":"2018-08-31T15:24:14","modified_gmt":"2018-08-31T19:24:14","slug":"temer-decide-propor-ao-congresso-adiar-reajuste-de-servidor-para-2020","status":"publish","type":"post","link":"https:\/\/www.corumbaonline.com.br\/news\/temer-decide-propor-ao-congresso-adiar-reajuste-de-servidor-para-2020\/","title":{"rendered":"Temer decide propor ao Congresso adiar reajuste de servidor para 2020"},"content":{"rendered":"<p>O presidente Michel Temer voltou \u00e0 sua posi\u00e7\u00e3o inicial, divulgada no in\u00edcio do m\u00eas, e vai propor ao Congresso o adiamento do reajuste dos servidores do Poder Executivo para 2020. Durante visita ao Rio\u00a0de Janeiro, na\u00a0quinta-feira (30), o presidente havia confirmado que pretendia dar o reajuste em 2019. O governo justificou que assim estaria\u00a0equiparando a situa\u00e7\u00e3o dos funcion\u00e1rios do Executivo aos do Judici\u00e1rio e do Legislativo, que dever\u00e3o\u00a0ter\u00a0os sal\u00e1rios aumentados pelo Congresso.<\/p>\n<p>Temer foi novamente convencido pela equipe econ\u00f4mica a adiar o reajuste para n\u00e3o onerar a folha de pagamentos de 2019 em pelo menos R$ 6,9 bilh\u00f5es \u2013\u00a0o custo do aumento para os servidores civis, sem incluir os militares.\u00a0Somados, os reajustes dos servidores civis e dos ministros do Supremo Tribunal Federal (STF) devem ultrapassar os R$ 7,15 bilh\u00f5es no pr\u00f3ximo ano, conforme informou\u00a0ontem\u00a0a\u00a0<strong>Ag\u00eancia Brasil<\/strong>. Com os militares, o gasto sobe para cerca de R$ 11 bilh\u00f5es.<\/p>\n<p>Os detalhes sobre a decis\u00e3o do governo dever\u00e3o ser conhecidos ainda nesta tarde, quando o Minist\u00e9rio do Planejamento anunciar o envio do Or\u00e7amento da Uni\u00e3o de\u00a02019 ao Congresso, respons\u00e1vel por\u00a0aprovar a proposta.\u00a0Hoje\u00a0\u00e9 o prazo limite para a mat\u00e9ria chegar ao Legislativo.<\/p>\n<h2>Teto dos gastos<\/h2>\n<p>Como a Emenda Constitucional 95 impede o aumento de gastos p\u00fablicos acima da infla\u00e7\u00e3o do ano anterior, o impacto dos reajustes salariais teria que ser absorvido por meio de cortes em outras \u00e1reas, como nos recursos de custeio, que servem para manter os servi\u00e7os p\u00fablicos em funcionamento. Os programas sociais tamb\u00e9m correriam risco de sofrer cortes, bem como os investimentos\u00a0 governamentais.<\/p>\n<p>Na pr\u00e1tica, o\u00a0 teto de gastos imp\u00f5e\u00a0a manuten\u00e7\u00e3o do ajuste fiscal. &#8220;O ajuste\u00a0ter\u00e1 ser\u00e1 feito de qualquer forma, porque o teto de gastos baliza as metas fiscais a longo prazo. Dentro desses espectros, as escolhas [de aloca\u00e7\u00e3o de recursos] s\u00e3o feitas em um processo do regime democr\u00e1tico, em que existem v\u00e1rios atores fazendo suas escolhas\u201d, explicou na\u00a0quarta-feira (29) a\u00a0secret\u00e1ria executiva do Minist\u00e9rio da Fazenda, Ana Paula Vescovi. Ela\u00a0reafirmou que o governo teria mesmo de cortar verbas para bancar os reajustes e reiterou que a discuss\u00e3o se aplicaria apenas \u00e0 destina\u00e7\u00e3o de recursos, sem alterar o volume total de gastos.<\/p>\n","protected":false},"excerpt":{"rendered":"<p>O presidente Michel Temer voltou \u00e0 sua posi\u00e7\u00e3o inicial, divulgada no in\u00edcio do m\u00eas, e&#8230;<\/p>\n","protected":false},"author":1,"featured_media":0,"comment_status":"closed","ping_status":"closed","sticky":false,"template":"","format":"standard","meta":{"footnotes":""},"categories":[19],"tags":[],"class_list":["post-22100","post","type-post","status-publish","format-standard","hentry","category-politica"],"_links":{"self":[{"href":"https:\/\/www.corumbaonline.com.br\/news\/wp-json\/wp\/v2\/posts\/22100","targetHints":{"allow":["GET"]}}],"collection":[{"href":"https:\/\/www.corumbaonline.com.br\/news\/wp-json\/wp\/v2\/posts"}],"about":[{"href":"https:\/\/www.corumbaonline.com.br\/news\/wp-json\/wp\/v2\/types\/post"}],"author":[{"embeddable":true,"href":"https:\/\/www.corumbaonline.com.br\/news\/wp-json\/wp\/v2\/users\/1"}],"replies":[{"embeddable":true,"href":"https:\/\/www.corumbaonline.com.br\/news\/wp-json\/wp\/v2\/comments?post=22100"}],"version-history":[{"count":1,"href":"https:\/\/www.corumbaonline.com.br\/news\/wp-json\/wp\/v2\/posts\/22100\/revisions"}],"predecessor-version":[{"id":22101,"href":"https:\/\/www.corumbaonline.com.br\/news\/wp-json\/wp\/v2\/posts\/22100\/revisions\/22101"}],"wp:attachment":[{"href":"https:\/\/www.corumbaonline.com.br\/news\/wp-json\/wp\/v2\/media?parent=22100"}],"wp:term":[{"taxonomy":"category","embeddable":true,"href":"https:\/\/www.corumbaonline.com.br\/news\/wp-json\/wp\/v2\/categories?post=22100"},{"taxonomy":"post_tag","embeddable":true,"href":"https:\/\/www.corumbaonline.com.br\/news\/wp-json\/wp\/v2\/tags?post=22100"}],"curies":[{"name":"wp","href":"https:\/\/api.w.org\/{rel}","templated":true}]}}