{"id":22105,"date":"2018-08-31T15:33:34","date_gmt":"2018-08-31T19:33:34","guid":{"rendered":"http:\/\/www.corumbaonline.com.br\/news\/?p=22105"},"modified":"2018-08-31T15:33:34","modified_gmt":"2018-08-31T19:33:34","slug":"caminhada-e-aulao-de-danca-marcam-encerramento-do-agosto-lilas-em-corumba","status":"publish","type":"post","link":"https:\/\/www.corumbaonline.com.br\/news\/caminhada-e-aulao-de-danca-marcam-encerramento-do-agosto-lilas-em-corumba\/","title":{"rendered":"Caminhada e aul\u00e3o de dan\u00e7a marcam encerramento do Agosto Lil\u00e1s em Corumb\u00e1"},"content":{"rendered":"<p>Promovida pela Prefeitura de Corumb\u00e1, por meio da Secretaria Especial de Cidadania e Direitos Humanos, a Campanha Agosto Lil\u00e1s foi encerrada nessa quinta-feira, 30, em alt\u00edssimo astral. Uma grande quantidade de mulheres participou da caminhada e do aul\u00e3o de dan\u00e7a realizados no Complexo Poliesportivo. O trabalho foi iniciado no come\u00e7o do m\u00eas com foco principalmente na conscientiza\u00e7\u00e3o da popula\u00e7\u00e3o.<\/p>\n<p>&nbsp;<\/p>\n<p>\u201cEstamos encerrando esta noite com essa linda Caminhada do Agosto Lil\u00e1s no Combate a Viol\u00eancia, onde as mulheres desse projeto de dan\u00e7a maravilhoso da FUNEC (Funda\u00e7\u00e3o de Esportes) est\u00e3o todas unidas tamb\u00e9m com essa causa. Hoje estamos todos em prol do fim da viol\u00eancia contra a mulher. Todas estamos dizendo que sim, metemos a colher\u201d, afirmou a primeira-dama e secret\u00e1ria especial Amanda Balancieri Iunes.<\/p>\n<p>&nbsp;<\/p>\n<p>Amanda refor\u00e7ou que as a\u00e7\u00f5es de combate \u00e0 viol\u00eancia contra a mulher continuar\u00e3o sendo desenvolvidas ao longo de todo o ano. \u201cEnfatizamos essa campanha neste m\u00eas por causa da Lei Maria da Penha, que faz anivers\u00e1rio nesse per\u00edodo. \u00c9 onde trazemos v\u00e1rias atividades em destaques em todos os cantos da cidade, mas esse \u00e9 um trabalho importante que prossegue o ano inteiro\u201d, continuou.<\/p>\n<p>&nbsp;<\/p>\n<p>Na avalia\u00e7\u00e3o da secret\u00e1ria especial de Cidadania e Direitos Humanos, o principal objetivo da campanha foi atingido. \u201cFoi \u00f3timo, muito bem aceito pela comunidade. Estamos tendo um retorno por causa desse movimento, dessa conscientiza\u00e7\u00e3o. Isso mostra que todo esse trabalho \u00e9 gratificante e precisa sim ser intensificado\u201d, finalizou.<\/p>\n<p>&nbsp;<\/p>\n<p><strong>Agosto Lil\u00e1s<\/strong><\/p>\n<p>&nbsp;<\/p>\n<p>A Prefeitura de Corumb\u00e1 abriu oficialmente a campanha Agosto Lil\u00e1s no dia 07 de agosto. O objetivo \u00e9 sensibilizar a sociedade para o fim da viol\u00eancia contra mulheres e meninas por meio de a\u00e7\u00f5es de mobiliza\u00e7\u00e3o, palestras, debates, encontros, panfletagens, eventos e semin\u00e1rios visando \u00e0 divulga\u00e7\u00e3o da Lei Maria da Penha, estendendo-se as atividades durante todo o m\u00eas de agosto, para o p\u00fablico em geral.<\/p>\n<p>&nbsp;<\/p>\n<p>Desde a sua cria\u00e7\u00e3o, a Secretaria Especial de Cidadania e Direitos Humanos, atrav\u00e9s de sua Coordenadoria de Pol\u00edticas P\u00fablicas para as Mulheres, tem realizado palestras informativas n\u00e3o s\u00f3 nas escolas, mas em igrejas, associa\u00e7\u00f5es, CRAS, no Pantanal, assentamentos, rural, no estabelecimento penal e empresas. A campanha Agosto Lil\u00e1s tornou-se lei estadual (n\u00b0 4.969) em maio de 2016. No ano seguinte, tornou-se lei municipal (n\u00b0 2.583). Tem o objetivo de difundir nas escolas a Lei Maria da Penha.<\/p>\n","protected":false},"excerpt":{"rendered":"<p>Promovida pela Prefeitura de Corumb\u00e1, por meio da Secretaria Especial de Cidadania e Direitos Humanos,&#8230;<\/p>\n","protected":false},"author":1,"featured_media":22106,"comment_status":"closed","ping_status":"closed","sticky":false,"template":"","format":"standard","meta":{"footnotes":""},"categories":[19],"tags":[],"class_list":["post-22105","post","type-post","status-publish","format-standard","has-post-thumbnail","hentry","category-politica"],"_links":{"self":[{"href":"https:\/\/www.corumbaonline.com.br\/news\/wp-json\/wp\/v2\/posts\/22105","targetHints":{"allow":["GET"]}}],"collection":[{"href":"https:\/\/www.corumbaonline.com.br\/news\/wp-json\/wp\/v2\/posts"}],"about":[{"href":"https:\/\/www.corumbaonline.com.br\/news\/wp-json\/wp\/v2\/types\/post"}],"author":[{"embeddable":true,"href":"https:\/\/www.corumbaonline.com.br\/news\/wp-json\/wp\/v2\/users\/1"}],"replies":[{"embeddable":true,"href":"https:\/\/www.corumbaonline.com.br\/news\/wp-json\/wp\/v2\/comments?post=22105"}],"version-history":[{"count":1,"href":"https:\/\/www.corumbaonline.com.br\/news\/wp-json\/wp\/v2\/posts\/22105\/revisions"}],"predecessor-version":[{"id":22107,"href":"https:\/\/www.corumbaonline.com.br\/news\/wp-json\/wp\/v2\/posts\/22105\/revisions\/22107"}],"wp:featuredmedia":[{"embeddable":true,"href":"https:\/\/www.corumbaonline.com.br\/news\/wp-json\/wp\/v2\/media\/22106"}],"wp:attachment":[{"href":"https:\/\/www.corumbaonline.com.br\/news\/wp-json\/wp\/v2\/media?parent=22105"}],"wp:term":[{"taxonomy":"category","embeddable":true,"href":"https:\/\/www.corumbaonline.com.br\/news\/wp-json\/wp\/v2\/categories?post=22105"},{"taxonomy":"post_tag","embeddable":true,"href":"https:\/\/www.corumbaonline.com.br\/news\/wp-json\/wp\/v2\/tags?post=22105"}],"curies":[{"name":"wp","href":"https:\/\/api.w.org\/{rel}","templated":true}]}}