{"id":22108,"date":"2018-09-01T11:00:37","date_gmt":"2018-09-01T15:00:37","guid":{"rendered":"http:\/\/www.corumbaonline.com.br\/news\/?p=22108"},"modified":"2018-09-01T11:03:52","modified_gmt":"2018-09-01T15:03:52","slug":"impugnacao-de-candidatura-de-lula-repercute-no-exterior","status":"publish","type":"post","link":"https:\/\/www.corumbaonline.com.br\/news\/impugnacao-de-candidatura-de-lula-repercute-no-exterior\/","title":{"rendered":"Impugna\u00e7\u00e3o de candidatura de Lula repercute no exterior"},"content":{"rendered":"<p>A decis\u00e3o do Tribunal Superior Eleitoral (TSE) de impugnar a candidatura de Luiz In\u00e1cio Lula da Silva (PT) \u00e0 Presid\u00eancia nas elei\u00e7\u00f5es de outubro no Brasil repercutiu na imprensa internacional neste s\u00e1bado (1). O jornal\u00a0<em>La Nacion<\/em>, da vizinha Argentina, chamou a candidatura de Lula de &#8220;pol\u00eamica&#8221; e comentou que a decis\u00e3o do TSE &#8220;encerra as especula\u00e7\u00f5es&#8221; sobre o petista.<\/p>\n<p>&#8220;J\u00e1 passava da meia-noite, em uma sess\u00e3o extraordin\u00e1ria em Bras\u00edlia que se estendeu por mais de 10 horas, a maioria do TSE, por seis votos contra um, decidiu impugnar a pol\u00eamica candidatura do l\u00edder m\u00e1ximo do PT ao considerar que ia contra a legisla\u00e7\u00e3o que pro\u00edbe que uma pessoa condenada em segunda inst\u00e2ncia concorra a um cargo eletivo&#8221;, escreveu o jornal.<\/p>\n<p class=\"text\">Na It\u00e1lia, o\u00a0<em>La Repubblica<\/em>\u00a0destacou que, &#8220;durante a longa sess\u00e3o do TSE, os magistrados se convenceram de que n\u00e3o h\u00e1 d\u00favidas quanto ao fato de Lula ficar ineleg\u00edvel com base na &#8216;lei da ficha limpa'&#8221;, e que o \u00fanico ministro que votou a favor do petista, Edson Fachin, &#8220;se fez com base na carta do Comit\u00ea de Direitos Humanos da ONU que pedia o direito de Lula de se candidatar at\u00e9 que todos os recursos de sua condena\u00e7\u00e3o fossem votados&#8221;. J\u00e1 o\u00a0<em>Corriere dela Sera<\/em>\u00a0afirmou que, apesar da decis\u00e3o do TSE, Lula &#8220;continua sendo o mais amado pelo voto&#8221;, liderando as pesquisas de inten\u00e7\u00e3o de voto. &#8220;A esquerda agora se encontra sem um candidato e o pa\u00eds corre o risco de cair nas m\u00e3os de um perigoso fascista como o ex-militar Jair Bolsonaro&#8221;, ressaltou o di\u00e1rio.<\/p>\n<p class=\"text\">O franc\u00eas\u00a0<em>Le Monde<\/em>, por sua vez, noticiou a decis\u00e3o do TSE e relembrou o processo no qual Lula foi condenado a 12 anos de pris\u00e3o pelo caso de um tr\u00edplex no Guaruj\u00e1. O petista cumpre pena em Curitiba desde abril.<\/p>\n<p class=\"text\">O\u00a0<em>El Pa\u00eds<\/em>, na Espanha, comentou que a Justi\u00e7a brasileira &#8220;estreitou o cerco legal contra o ex-presidente Luiz In\u00e1cio Lula da Silva praticamente at\u00e9 o limite&#8221;. A brit\u00e2nica\u00a0<em>BBC<\/em>\u00a0citou que o ex-prefeito de S\u00e3o Paulo Fernando Haddad dever\u00e1 substituir Lula como candidato do PT \u00e0s elei\u00e7\u00f5es de 7 de outubro \u00e0 Presid\u00eancia, enquanto o americano\u00a0<em>The New York Times<\/em>\u00a0disse que a decis\u00e3o do TSE &#8220;aumenta a incerteza da corrida presidencial no maior pa\u00eds da Am\u00e9rica Latina, sem favoritos ao pleito&#8221;.<\/p>\n","protected":false},"excerpt":{"rendered":"<p>A decis\u00e3o do Tribunal Superior Eleitoral (TSE) de impugnar a candidatura de Luiz In\u00e1cio Lula&#8230;<\/p>\n","protected":false},"author":1,"featured_media":0,"comment_status":"closed","ping_status":"closed","sticky":false,"template":"","format":"standard","meta":{"footnotes":""},"categories":[101,19],"tags":[],"class_list":["post-22108","post","type-post","status-publish","format-standard","hentry","category-eleicoes","category-politica"],"_links":{"self":[{"href":"https:\/\/www.corumbaonline.com.br\/news\/wp-json\/wp\/v2\/posts\/22108","targetHints":{"allow":["GET"]}}],"collection":[{"href":"https:\/\/www.corumbaonline.com.br\/news\/wp-json\/wp\/v2\/posts"}],"about":[{"href":"https:\/\/www.corumbaonline.com.br\/news\/wp-json\/wp\/v2\/types\/post"}],"author":[{"embeddable":true,"href":"https:\/\/www.corumbaonline.com.br\/news\/wp-json\/wp\/v2\/users\/1"}],"replies":[{"embeddable":true,"href":"https:\/\/www.corumbaonline.com.br\/news\/wp-json\/wp\/v2\/comments?post=22108"}],"version-history":[{"count":1,"href":"https:\/\/www.corumbaonline.com.br\/news\/wp-json\/wp\/v2\/posts\/22108\/revisions"}],"predecessor-version":[{"id":22109,"href":"https:\/\/www.corumbaonline.com.br\/news\/wp-json\/wp\/v2\/posts\/22108\/revisions\/22109"}],"wp:attachment":[{"href":"https:\/\/www.corumbaonline.com.br\/news\/wp-json\/wp\/v2\/media?parent=22108"}],"wp:term":[{"taxonomy":"category","embeddable":true,"href":"https:\/\/www.corumbaonline.com.br\/news\/wp-json\/wp\/v2\/categories?post=22108"},{"taxonomy":"post_tag","embeddable":true,"href":"https:\/\/www.corumbaonline.com.br\/news\/wp-json\/wp\/v2\/tags?post=22108"}],"curies":[{"name":"wp","href":"https:\/\/api.w.org\/{rel}","templated":true}]}}