{"id":22112,"date":"2018-09-01T11:15:16","date_gmt":"2018-09-01T15:15:16","guid":{"rendered":"http:\/\/www.corumbaonline.com.br\/news\/?p=22112"},"modified":"2018-09-01T11:11:26","modified_gmt":"2018-09-01T15:11:26","slug":"novos-membros-do-comped-tomam-posse-para-bienio-20182020","status":"publish","type":"post","link":"https:\/\/www.corumbaonline.com.br\/news\/novos-membros-do-comped-tomam-posse-para-bienio-20182020\/","title":{"rendered":"Novos membros do COMPED tomam posse para bi\u00eanio 2018\/2020"},"content":{"rendered":"<p>Empossados na manh\u00e3 desta sexta-feira, 31 de agosto, o membro do Conselho Municipal de Defesa dos Direitos da Pessoa com Defici\u00eancia (COMPED) para o bi\u00eanio 2018\/2020. A secret\u00e1ria Municipal de Assist\u00eancia Social, Gla\u00facia Fonseca Iunes, representou o prefeito Marcelo Iunes na solenidade realizada na Casa dos Conselhos.<\/p>\n<p>&nbsp;<\/p>\n<p>Criado pela Lei Municipal n\u00b0 2060\/2008, de 18 de junho de 2008,\u00a0o COMPED tem por finalidade\u00a0 viabilizar a pol\u00edtica de preven\u00e7\u00e3o, atendimento e inclus\u00e3o da pessoa com defici\u00eancia.<\/p>\n<p>&nbsp;<\/p>\n<p>O Conselho busca a efetiva\u00e7\u00e3o de pol\u00edticas p\u00fablicas em defesa da pessoa com defici\u00eancia; articular, formar e implementar propostas com \u00f3rg\u00e3os da administra\u00e7\u00e3o p\u00fablica municipal, estadual e federal, bem como a sociedade civil de apoio \u00e0s pessoas com defici\u00eancia; promover e apoiar atividades que contribuam para a inclus\u00e3o social, pol\u00edtica, econ\u00f4mica e cultural da pessoa com defici\u00eancia; promover a efetiva participa\u00e7\u00e3o da pessoa com defici\u00eancia na formula\u00e7\u00e3o e no controle das pol\u00edticas p\u00fablicas; implementar e apoiar iniciativas da fam\u00edlia na defesa de direitos e bem-estar da pessoa com defici\u00eancia; estimular a participa\u00e7\u00e3o da sociedade no processo de inclus\u00e3o das pessoas com defici\u00eancia; fornecer subs\u00eddios \u00e0 sociedade atrav\u00e9s da m\u00eddia para esclarecimentos de quest\u00f5es relativas \u00e0 sa\u00fade, \u00e0 educa\u00e7\u00e3o, \u00e0 forma\u00e7\u00e3o profissional, ao transporte, \u00e0 habilita\u00e7\u00e3o, ao lazer, \u00e0 acessibilidade e ao trabalho, da pessoa com defici\u00eancia; entre outros.<\/p>\n<p>&nbsp;<\/p>\n<p>\u00c9 composto por oito membros titulares e oito membros suplentes, na propor\u00e7\u00e3o de 50% representantes do segmento governamental e 50% do segmento n\u00e3o governamental, que exercer\u00e3o mandato de 2 anos, sendo permitida a recondu\u00e7\u00e3o por igual per\u00edodo.<\/p>\n<p>&nbsp;<\/p>\n<p>A designa\u00e7\u00e3o n\u00e3o implicar\u00e1 em remunera\u00e7\u00e3o aos seus membros, n\u00e3o ensejando v\u00ednculos ou quaisquer outros direitos contra o Munic\u00edpio, sendo sua presta\u00e7\u00e3o considerada servi\u00e7o p\u00fablico relevante. Confira abaixo a composi\u00e7\u00e3o do Conselho Municipal de Defesa dos Direitos da Pessoa com Defici\u00eancia (COMPED).<\/p>\n<p><strong>\u00a0<\/strong><\/p>\n<p><strong>Representantes governamentais<\/strong><\/p>\n<p>&nbsp;<\/p>\n<p><strong>Secretaria Municipal de Assist\u00eancia Social<\/strong><\/p>\n<p>Christiane Mendez Carrapateira Neto e Victor Raphael de Almeida (Titulares)<\/p>\n<p>Ruzymar Campos Echeverria e Marcelle Andrade Teixeira (Suplentes)<\/p>\n<p>&nbsp;<\/p>\n<p><strong>Secretaria Municipal de Educa\u00e7\u00e3o<\/strong><\/p>\n<p>Lilia Giovana da Silva Cabrera (Titular)<\/p>\n<p>Marilza da Silva Pinheiro (Suplente)<\/p>\n<p>&nbsp;<\/p>\n<p><strong>Secretaria Municipal de Sa\u00fade<\/strong><\/p>\n<p>Viviane Campos Ametlla de Figueiredo (Titular)<\/p>\n<p>Moacir Candido Louveira (Suplente)<\/p>\n<p><strong>\u00a0<\/strong><\/p>\n<p><strong>Representantes n\u00e3o governamentais<\/strong><\/p>\n<p>&nbsp;<\/p>\n<p><strong>Associa\u00e7\u00e3o de Pais e Amigos dos Excepcionais\/APAE<\/strong><\/p>\n<p>Arilson Junior Coelho Moraes (Titular)<\/p>\n<p>Maria Estella Kerr de Souza (Suplente)<\/p>\n<p>&nbsp;<\/p>\n<p><strong>Associa\u00e7\u00e3o do Centro de Equoterapia Odilza Miranda de Barros<\/strong><\/p>\n<p>Adina Cleia Botazzo Delbem (Titular)<\/p>\n<p>Juliana Paula Reis (Suplente)<\/p>\n<p>&nbsp;<\/p>\n<p><strong>Casa de Recupera\u00e7\u00e3o Infantil Padre Antonio Miller\/CRIPAM<\/strong><\/p>\n<p>Jacqueline de Campos Rojas (Titular)<\/p>\n<p>Nadia Renata da Silva (Suplente)<\/p>\n<p>&nbsp;<\/p>\n<p><strong>PESDPAN &#8211; Instituto de Pessoas Com S\u00edndrome de Down do Pantanal<\/strong><\/p>\n<p>Rosa Maria Guimar\u00e3es Costa (Titular)<\/p>\n<p>M\u00e1rcia Arruda da Silva (Suplente)<\/p>\n","protected":false},"excerpt":{"rendered":"<p>Empossados na manh\u00e3 desta sexta-feira, 31 de agosto, o membro do Conselho Municipal de Defesa&#8230;<\/p>\n","protected":false},"author":1,"featured_media":22113,"comment_status":"closed","ping_status":"closed","sticky":false,"template":"","format":"standard","meta":{"footnotes":""},"categories":[14],"tags":[],"class_list":["post-22112","post","type-post","status-publish","format-standard","has-post-thumbnail","hentry","category-geral"],"_links":{"self":[{"href":"https:\/\/www.corumbaonline.com.br\/news\/wp-json\/wp\/v2\/posts\/22112","targetHints":{"allow":["GET"]}}],"collection":[{"href":"https:\/\/www.corumbaonline.com.br\/news\/wp-json\/wp\/v2\/posts"}],"about":[{"href":"https:\/\/www.corumbaonline.com.br\/news\/wp-json\/wp\/v2\/types\/post"}],"author":[{"embeddable":true,"href":"https:\/\/www.corumbaonline.com.br\/news\/wp-json\/wp\/v2\/users\/1"}],"replies":[{"embeddable":true,"href":"https:\/\/www.corumbaonline.com.br\/news\/wp-json\/wp\/v2\/comments?post=22112"}],"version-history":[{"count":1,"href":"https:\/\/www.corumbaonline.com.br\/news\/wp-json\/wp\/v2\/posts\/22112\/revisions"}],"predecessor-version":[{"id":22114,"href":"https:\/\/www.corumbaonline.com.br\/news\/wp-json\/wp\/v2\/posts\/22112\/revisions\/22114"}],"wp:featuredmedia":[{"embeddable":true,"href":"https:\/\/www.corumbaonline.com.br\/news\/wp-json\/wp\/v2\/media\/22113"}],"wp:attachment":[{"href":"https:\/\/www.corumbaonline.com.br\/news\/wp-json\/wp\/v2\/media?parent=22112"}],"wp:term":[{"taxonomy":"category","embeddable":true,"href":"https:\/\/www.corumbaonline.com.br\/news\/wp-json\/wp\/v2\/categories?post=22112"},{"taxonomy":"post_tag","embeddable":true,"href":"https:\/\/www.corumbaonline.com.br\/news\/wp-json\/wp\/v2\/tags?post=22112"}],"curies":[{"name":"wp","href":"https:\/\/api.w.org\/{rel}","templated":true}]}}