{"id":22115,"date":"2018-09-01T11:28:58","date_gmt":"2018-09-01T15:28:58","guid":{"rendered":"http:\/\/www.corumbaonline.com.br\/news\/?p=22115"},"modified":"2018-09-01T11:32:35","modified_gmt":"2018-09-01T15:32:35","slug":"corumba-inicia-na-segunda-feira-dia-03-comemoracoes-da-semana-da-patria","status":"publish","type":"post","link":"https:\/\/www.corumbaonline.com.br\/news\/corumba-inicia-na-segunda-feira-dia-03-comemoracoes-da-semana-da-patria\/","title":{"rendered":"Corumb\u00e1 inicia na segunda-feira, dia 03, comemora\u00e7\u00f5es da Semana da P\u00e1tria"},"content":{"rendered":"<p>Come\u00e7am na segunda-feira, 03 de setembro, as atividades c\u00edvicas da Semana da P\u00e1tria 2018 em Corumb\u00e1. At\u00e9 o dia 07 de setembro \u2013 Dia da Independ\u00eancia do Brasil \u2013, o Jardim da Independ\u00eancia, na \u00e1rea central da cidade, concentrar\u00e1 as a\u00e7\u00f5es de hasteamento e arriamento do Pavilh\u00e3o Nacional. O hasteamento acontecer\u00e1 sempre \u00e0s 08 horas e o arriamento \u00e0s 18 horas.<\/p>\n<p>&nbsp;<\/p>\n<p>Na segunda-feira, 03 de setembro, o hasteamento da bandeira nacional contar\u00e1 com participa\u00e7\u00e3o da Banda do Ex\u00e9rcito Brasileiro; de alunos da Escola Municipal Tilma Fernandes Veiga e do Col\u00e9gio Salesiano de Santa Teresa; al\u00e9m de representantes de entidades governamentais e n\u00e3o governamentais. O arriamento ser\u00e1 feito com presen\u00e7a de representantes da Secretaria Municipal de Educa\u00e7\u00e3o.<\/p>\n<p>&nbsp;<\/p>\n<p>A cerim\u00f4nia de hasteamento na ter\u00e7a-feira, dia 04, ter\u00e1 participa\u00e7\u00f5es de representa\u00e7\u00f5es da Secretaria Especial de Cidadania e Direitos Humanos; Secretaria Municipal de Assist\u00eancia Social; das Escolas Municipais Luiz Feitosa Rodrigues e Eutr\u00f3pia Gomes Pedrozo e da Banda Manoel Flor\u00eancio. O arriar do Pavilh\u00e3o contar\u00e1 com membros da Secretaria Municipal de Governo; Funda\u00e7\u00e3o do Meio Ambiente e Funda\u00e7\u00e3o de Turismo.<\/p>\n<p>&nbsp;<\/p>\n<p>Na quarta-feira, 05 de setembro, a solenidade matinal ser\u00e1 com servidores da Secretaria Municipal de Sa\u00fade; Secretaria Municipal de Desenvolvimento Econ\u00f4mico e Sustent\u00e1vel; Secretaria Especial de Agricultura Familiar; alunos das Escolas Municipais Pedro Paulo de Medeiros e Monta Azul; da Escola Estadual Dom Bosco e participa\u00e7\u00e3o da Banda da Marinha. Para o arriamento estar\u00e3o presentes funcion\u00e1rios da Ag\u00eancia Municipal de Seguran\u00e7a P\u00fablica; Ag\u00eancia Municipal de Prote\u00e7\u00e3o e Defesa do Consumidor (Procon) e Ag\u00eancia Municipal de Tr\u00e2nsito e Transporte (Agetrat).<\/p>\n<p>&nbsp;<\/p>\n<p>Estudantes das escolas Cyr\u00edaco F\u00e9lix de Toledo (Municipal); Jo\u00e3o Leite de Barros e J\u00falia Gin\u00e7alves Passarinho (ambas estaduais), com a Banda Manoel Flor\u00eancio, participam da solenidade de hasteamento na quinta-feira, dia 06. Representantes da Funda\u00e7\u00e3o de Esportes de Corumb\u00e1 (Funec) e da Funda\u00e7\u00e3o da Cultura e do Patrim\u00f4nio Hist\u00f3rico de Corumb\u00e1 acompanham o arriar da bandeira brasileira.<\/p>\n<p>&nbsp;<\/p>\n<p>Para a sexta-feira, 07 de setembro, data em que s\u00e3o completados 196 anos da Independ\u00eancia do Brasil, a solenidade ser\u00e1 \u00e0s 09h30, seguida do desfile c\u00edvico-militar da Independ\u00eancia na avenida General Rondon \u00e0s 10 horas.<\/p>\n","protected":false},"excerpt":{"rendered":"<p>Come\u00e7am na segunda-feira, 03 de setembro, as atividades c\u00edvicas da Semana da P\u00e1tria 2018 em&#8230;<\/p>\n","protected":false},"author":1,"featured_media":0,"comment_status":"closed","ping_status":"closed","sticky":false,"template":"","format":"standard","meta":{"footnotes":""},"categories":[14],"tags":[],"class_list":["post-22115","post","type-post","status-publish","format-standard","hentry","category-geral"],"_links":{"self":[{"href":"https:\/\/www.corumbaonline.com.br\/news\/wp-json\/wp\/v2\/posts\/22115","targetHints":{"allow":["GET"]}}],"collection":[{"href":"https:\/\/www.corumbaonline.com.br\/news\/wp-json\/wp\/v2\/posts"}],"about":[{"href":"https:\/\/www.corumbaonline.com.br\/news\/wp-json\/wp\/v2\/types\/post"}],"author":[{"embeddable":true,"href":"https:\/\/www.corumbaonline.com.br\/news\/wp-json\/wp\/v2\/users\/1"}],"replies":[{"embeddable":true,"href":"https:\/\/www.corumbaonline.com.br\/news\/wp-json\/wp\/v2\/comments?post=22115"}],"version-history":[{"count":1,"href":"https:\/\/www.corumbaonline.com.br\/news\/wp-json\/wp\/v2\/posts\/22115\/revisions"}],"predecessor-version":[{"id":22116,"href":"https:\/\/www.corumbaonline.com.br\/news\/wp-json\/wp\/v2\/posts\/22115\/revisions\/22116"}],"wp:attachment":[{"href":"https:\/\/www.corumbaonline.com.br\/news\/wp-json\/wp\/v2\/media?parent=22115"}],"wp:term":[{"taxonomy":"category","embeddable":true,"href":"https:\/\/www.corumbaonline.com.br\/news\/wp-json\/wp\/v2\/categories?post=22115"},{"taxonomy":"post_tag","embeddable":true,"href":"https:\/\/www.corumbaonline.com.br\/news\/wp-json\/wp\/v2\/tags?post=22115"}],"curies":[{"name":"wp","href":"https:\/\/api.w.org\/{rel}","templated":true}]}}