{"id":22146,"date":"2018-09-01T14:40:39","date_gmt":"2018-09-01T18:40:39","guid":{"rendered":"http:\/\/www.corumbaonline.com.br\/news\/?p=22146"},"modified":"2018-09-01T14:31:19","modified_gmt":"2018-09-01T18:31:19","slug":"confira-ordem-de-apresentacao-da-noite-final-do-festival-estudantil-da-cancao-de-corumba","status":"publish","type":"post","link":"https:\/\/www.corumbaonline.com.br\/news\/confira-ordem-de-apresentacao-da-noite-final-do-festival-estudantil-da-cancao-de-corumba\/","title":{"rendered":"Confira ordem de apresenta\u00e7\u00e3o da noite final do Festival Estudantil da Can\u00e7\u00e3o de Corumb\u00e1"},"content":{"rendered":"<p>Ap\u00f3s segunda noite de apresenta\u00e7\u00f5es, na sexta-feira, 31 de agosto,\u00a0Festival Estudantil da Can\u00e7\u00e3o de Corumb\u00e1 (FECC 2018) definiu todos os 43 finalistas. Final acontece hoje, 1\u00ba de setembro, no gin\u00e1sio poliesportivo de\u00a0Luc\u00edlio de Medeiros, da rua Porto Carrero, a partir das 18h30.\u00a0Confira abaixo os classificados e a ordem de apresenta\u00e7\u00e3o da noite de hoje, dia 1\u00ba.<\/p>\n<p>&nbsp;<\/p>\n<p>&nbsp;<\/p>\n<p>1. E.M. CYR\u00cdACO FELIX DE<\/p>\n<div>TOLEDO<\/div>\n<div>INFANTIL INDIVIDUAL AMANDA DA SILVA<\/div>\n<div>PINHO DE LIMA<\/div>\n<div>O CADERNO<\/div>\n<div>2. CLIO PROEN\u00c7A ESPECIAL LAURETH APARECIDA MEU BARQUINHO<\/div>\n<div>3. E.M. DELC\u00cdDIO DO<\/div>\n<div>AMARAL<\/div>\n<div>INFANTIL INDIVIDUAL MA\u00cdSA MOREIRA PROMETE<\/div>\n<div>4. LUIZ DE<\/div>\n<div>ALBUQUERQUE<\/div>\n<div>GOSPEL DARIANNY VICT\u00d3RIA<\/div>\n<div>MOTTA DE OLIVEIRA<\/div>\n<div>HEY PAI<\/div>\n<div>5. E.M. PEDRO PAULO DE<\/div>\n<div>MEDEIROS<\/div>\n<div>JUVENIL INDIVIDUAL GABRIEL MORAES DE<\/div>\n<div>OLIVEIRA<\/div>\n<div>LARGADO \u00c0S TRA\u00c7AS<\/div>\n<div>6. NATH\u00c9RCIA ADULTO INDIVIDUAL DENIZ SOUZA NEM DORMINDO N\u00c3O<\/div>\n<div>CONSIGO TE ESQUECER<\/div>\n<div>7. ALMIRANTE PROFISSIONAIS DA<\/div>\n<div>EDUCA\u00c7\u00c3OINDIVIDUAL<\/div>\n<div>LORRAYNE CUNHA J\u00d3<\/div>\n<div>8. E.M. BAR\u00c3O DO RIO<\/div>\n<div>BRANCO<\/div>\n<div>INFANTIL INDIVIDUAL CAMILLY APARECIDA<\/div>\n<div>PEREIRA RIBEIRO<\/div>\n<div>PRA VER SE COLA<\/div>\n<div>9. E.M. PEDRO PAULO DE<\/div>\n<div>MEDEIROS<\/div>\n<div>INFANTIL INDIVIDUAL NAT\u00c1LIA TOLEDO<\/div>\n<div>ROCHA<\/div>\n<div>TREVO DE QUATRO<\/div>\n<div>FOLHAS<\/div>\n<div>10. E.ESPECIAL REINO DO<\/div>\n<div>AMOR APAE<\/div>\n<div>ESPECIAL INDIVIDUAL EVENIR ANDRADE<\/div>\n<div>RODIGUES<\/div>\n<div>SACRIF\u00cdCIE<\/div>\n<div>11. E.ESPECIAL REINO DO<\/div>\n<div>AMOR APAE<\/div>\n<div>ESPECIAL INDIVIDUAL CLAUDIO DA CRUZ ESTOU APAIXONADO<\/div>\n<div>12. E.M.RURAL MONTE AZUL GOSPEL JO\u00c3O VITOR MOLINA<\/div>\n<div>DE SOUZA ARA\u00daJO<\/div>\n<div>AQUELE OUTRO DIA<\/div>\n<div>13. SESI GOSPEL GABRIELE PINHEIRO<\/div>\n<div>DOS SANTOS<\/div>\n<div>O MAIOR VIL\u00c3O SOU<\/div>\n<div>EU<\/div>\n<div>14. JO\u00c3O LEITE DE<\/div>\n<div>BARROS<\/div>\n<div>JUVENIL INDIVIDUAL J\u00daLIA CASTEDO O B\u00caBADO E O<\/div>\n<div>EQUILIBRISTA<\/div>\n<div>15. ESCOLA DA AUTORIA<\/div>\n<div>JGP<\/div>\n<div>JUVENIL -INDIVIDUAL BRUNA VELASQUEZ ME ABRA\u00c7A E ME BEIJA<\/div>\n<div>16. ESCOLA DA AUTORIA<\/div>\n<div>JGP<\/div>\n<div>PROFISSIONAIS DE<\/div>\n<div>EDUCA\u00c7\u00c3OINDIVIDUAL<\/div>\n<div>RITA C\u00c1SSIA RESSUSCITA-ME<\/div>\n<div>17. E.M. IZABEL CORR\u00caA<\/div>\n<div>DE OLIVEIRA<\/div>\n<div>PROFISSIONAL DE<\/div>\n<div>EDUCA\u00c7\u00c3O<\/div>\n<div>ALESSI RAUL DE<\/div>\n<div>CASTRO NETO<\/div>\n<div>O ESCUDO<\/div>\n<div>18. BAR\u00c3O DO RIO<\/div>\n<div>BRANCO<\/div>\n<div>INFANTIL-INDIVIDUAL VITOR EMANOEL<\/div>\n<div>RODRIGUES DOS<\/div>\n<div>SANTOS<\/div>\n<div>PROPAGANDA<\/div>\n<div>19. E.M. RURAL PAIOLZINHO INFANTIL CONJUNTO PEDRO LUCAS<\/div>\n<div>JO\u00c3O LUCAS<\/div>\n<div>RYAN<\/div>\n<div>EU ESCOLHO DEUS<\/div>\n<div>20. IFMS GOSPEL SARA DANIELLY<\/div>\n<div>ARRUDA NEVES DIAS<\/div>\n<div>TEU SANTO NOME<\/div>\n<div>Secretaria Especial de Cidadania e Direitos Humanos<\/div>\n<div>\u00a0Coordenadoria de Pol\u00edticas P\u00fablicas para a Juventude<\/div>\n<div>21. E.E. GABRIEL VANDONI DE<\/div>\n<div>BARROS<\/div>\n<div>GOSPEL JOVANA DE BRITO<\/div>\n<div>DUARTE<\/div>\n<div>ME LEVA PRA CASA<\/div>\n<div>22. ESCOLA DA AUTORIA<\/div>\n<div>JGP<\/div>\n<div>JUVENIL -INDIVIDUAL LUMA YASMIN<\/div>\n<div>SANTOS<\/div>\n<div>EU SEI DE COR<\/div>\n<div>23. E.E. DR. JO\u00c3O LEITE DE<\/div>\n<div>BARROS<\/div>\n<div>ADULTO INDIVIDUAL GUSTAVO LOPES<\/div>\n<div>MESSIAS<\/div>\n<div>O SOL<\/div>\n<div>24. E.E. OCATC\u00cdLO FAUSTINO<\/div>\n<div>DA SILVA<\/div>\n<div>ADULTO INDIVIDUAL LAURA MAIARA SET FIRE TO THE RAIN<\/div>\n<div>25. IZABEL CORREA PROFISSIONAIS DE<\/div>\n<div>EDUCA\u00c7\u00c3O<\/div>\n<div>ANDERSON TENTEI SER INCR\u00cdVEL<\/div>\n<div>26. IFMS PROFISSIONAL DE<\/div>\n<div>EDUCA\u00c7\u00c3O<\/div>\n<div>ANDR\u00c9 FREIRE<\/div>\n<div>MASTROROCO<\/div>\n<div>TODA FORMA DE<\/div>\n<div>AMOR<\/div>\n<div>27. E.E. DOM BOSCO GOSPEL THAELSON CRUZ MORRER PRA VIVER<\/div>\n<div>28. VANDONI GOSPEL TAMARA FABIANE J\u00d3<\/div>\n<div>29. IFMS ADULTO INDIVIDUAL YANARA MARIELLE<\/div>\n<div>ROCHA<\/div>\n<div>DEVOLVA-ME<\/div>\n<div>30. IZABEL CORREIA PROFISSIONAIS DE<\/div>\n<div>EDUCA\u00c7\u00c3O<\/div>\n<div>IVANETE DELIRIOS DE<\/div>\n<div>AMOR<\/div>\n<div>31. E.M. DELC\u00cdDIO DO<\/div>\n<div>AMARAL<\/div>\n<div>PROFISSIONAL DE<\/div>\n<div>EDUCA\u00c7\u00c3O<\/div>\n<div>DURVALINO LEITE DA<\/div>\n<div>SILVA<\/div>\n<div>BOATE AZUL<\/div>\n<div>32. E.M. JOS\u00c9 DE SOUZA<\/div>\n<div>DAMY<\/div>\n<div>PROFISSIONAL DE<\/div>\n<div>EDUCA\u00c7\u00c3O<\/div>\n<div>KAREN SILVA SIM\u00d5ES PRICE TAG<\/div>\n<div>33. E.M. CLIO PROEN\u00c7A PROFISSIONAL DE<\/div>\n<div>EDUCA\u00c7\u00c3O<\/div>\n<div>REGINA YARA DA<\/div>\n<div>SILVA AMORIM<\/div>\n<div>JEOV\u00c1 JIR\u00ca<\/div>\n<div>34. IFMS JUVENIL CONJUNTO KATHELEN PAULO<\/div>\n<div>EMANOELLY<\/div>\n<div>RISE UP<\/div>\n<div>35. ESCOLA SANTA TERESA JUVENIL CONJUNTO GUSTAVO HENRIQUE<\/div>\n<div>GUILHERME AUGUSTO<\/div>\n<div>LARGADO \u00c0S TRA\u00c7AS<\/div>\n<div>36. E.M. CYR\u00cdACO FELIX D0E<\/div>\n<div>TOLEDO<\/div>\n<div>JUVENIL CONJUNTO KAROLAYNE<\/div>\n<div>TAINAN<\/div>\n<div>QUANDO O MEL \u00c9 BOM<\/div>\n<div>37. E.E. DR GABRIEL<\/div>\n<div>VANDONI DE BARROS<\/div>\n<div>GOSPEL LUANY BEATRIZ DEUS DO SECRETO<\/div>\n<div>38. SESI JUVENIL INDIVIDUAL LAURA OLIVEIRA<\/div>\n<div>SCHERRER<\/div>\n<div>EU SEI DE COR<\/div>\n<div>39. E.M. JOS\u00c9 DE SOUZA<\/div>\n<div>DAMY<\/div>\n<div>JUVENIL INDIVIDUAL KAROLAINE BARBOSA TREM BALA<\/div>\n<div>40. E.E. NATH\u00c9RCIA POMPEO<\/div>\n<div>DOS SANTOS<\/div>\n<div>JUVENIL INDIVIDUAL ELO\u00cdSE LEITE BRAND\u00c3O 126 CABIDES<\/div>\n<div>41. E.M. DELC\u00cdDIO DO<\/div>\n<div>AMARAL<\/div>\n<div>PROFISSIONAL DE<\/div>\n<div>EDUCA\u00c7\u00c3O<\/div>\n<div>GEIZA MARIA A LUA QUE TE DEI<\/div>\n<div>42. E.E. RURAL MONTE AZUL PROFISSIONAIS DE<\/div>\n<div>EDUCA\u00c7\u00c3O<\/div>\n<div>SOLANGE MOLINA TUDO QUE EU TENHO<\/div>\n<div>43. ESCOLA DA AUTORIA<\/div>\n<div>J\u00daLIA GON\u00c7ALVES<\/div>\n<div>PASSARINHO<\/div>\n<div>PROFISSIONAL DE<\/div>\n<div>EDUCA\u00c7\u00c3O<\/div>\n<div>KRISLEINE SIM\u00d5ES ANUNCIA\u00c7\u00c3O<\/div>\n","protected":false},"excerpt":{"rendered":"<p>Ap\u00f3s segunda noite de apresenta\u00e7\u00f5es, na sexta-feira, 31 de agosto,\u00a0Festival Estudantil da Can\u00e7\u00e3o de Corumb\u00e1&#8230;<\/p>\n","protected":false},"author":1,"featured_media":0,"comment_status":"closed","ping_status":"closed","sticky":false,"template":"","format":"standard","meta":{"footnotes":""},"categories":[7],"tags":[],"class_list":["post-22146","post","type-post","status-publish","format-standard","hentry","category-cultura"],"_links":{"self":[{"href":"https:\/\/www.corumbaonline.com.br\/news\/wp-json\/wp\/v2\/posts\/22146","targetHints":{"allow":["GET"]}}],"collection":[{"href":"https:\/\/www.corumbaonline.com.br\/news\/wp-json\/wp\/v2\/posts"}],"about":[{"href":"https:\/\/www.corumbaonline.com.br\/news\/wp-json\/wp\/v2\/types\/post"}],"author":[{"embeddable":true,"href":"https:\/\/www.corumbaonline.com.br\/news\/wp-json\/wp\/v2\/users\/1"}],"replies":[{"embeddable":true,"href":"https:\/\/www.corumbaonline.com.br\/news\/wp-json\/wp\/v2\/comments?post=22146"}],"version-history":[{"count":1,"href":"https:\/\/www.corumbaonline.com.br\/news\/wp-json\/wp\/v2\/posts\/22146\/revisions"}],"predecessor-version":[{"id":22147,"href":"https:\/\/www.corumbaonline.com.br\/news\/wp-json\/wp\/v2\/posts\/22146\/revisions\/22147"}],"wp:attachment":[{"href":"https:\/\/www.corumbaonline.com.br\/news\/wp-json\/wp\/v2\/media?parent=22146"}],"wp:term":[{"taxonomy":"category","embeddable":true,"href":"https:\/\/www.corumbaonline.com.br\/news\/wp-json\/wp\/v2\/categories?post=22146"},{"taxonomy":"post_tag","embeddable":true,"href":"https:\/\/www.corumbaonline.com.br\/news\/wp-json\/wp\/v2\/tags?post=22146"}],"curies":[{"name":"wp","href":"https:\/\/api.w.org\/{rel}","templated":true}]}}