{"id":22155,"date":"2018-09-02T09:25:43","date_gmt":"2018-09-02T13:25:43","guid":{"rendered":"http:\/\/www.corumbaonline.com.br\/news\/?p=22155"},"modified":"2018-09-02T09:46:49","modified_gmt":"2018-09-02T13:46:49","slug":"decisao-da-copa-integracao-de-futebol-comeca-neste-domingo-no-roseiral-2","status":"publish","type":"post","link":"https:\/\/www.corumbaonline.com.br\/news\/decisao-da-copa-integracao-de-futebol-comeca-neste-domingo-no-roseiral-2\/","title":{"rendered":"Decis\u00e3o da Copa Integra\u00e7\u00e3o de Futebol come\u00e7a neste domingo no Roseiral"},"content":{"rendered":"<p>A Copa Integra\u00e7\u00e3o de Futebol come\u00e7a a ser decidida neste domingo, 2 de setembro, na regi\u00e3o do Centro Esportivo do Bairro Dom Bosco. \u00c0s 10 horas, se enfrentam Mundial e Associa\u00e7\u00e3o Castro. Os dois times voltam a campo na pr\u00f3xima semana. Quem somar mais pontos nos dois confrontos \u00e9 o campe\u00e3o. Em caso de dois resultados iguais, a decis\u00e3o ser\u00e1 nos p\u00eanaltis.<\/p>\n<p>&nbsp;<\/p>\n<p>Ainda no domingo, a bola tamb\u00e9m rola no Universit\u00e1rio, mas pela categoria Feminina. As Quilombelas enfrentam o Alianza Lima \u00e0s 8h45. Logo em seguida entram em campo Universit\u00e1rio e Atl\u00e9tico Nova Alian\u00e7a. A Copa Integra\u00e7\u00e3o \u00e9 organizada pela Prefeitura, por meio da Funda\u00e7\u00e3o de Esportes de Corumb\u00e1 (FUNEC).<\/p>\n<p>&nbsp;<\/p>\n<p>Neste ano, a premia\u00e7\u00e3o \u00e9 composta por trof\u00e9us e medalhas \u00e0s equipes campe\u00e3s e vice-campe\u00e3s de cada regional, assim como o melhor goleiro e o artilheiro. Cada time campe\u00e3o tamb\u00e9m leva para casa um pr\u00eamio em dinheiro no valor de R$ 2.400, enquanto o vice fatura R$ 1.200. O melhor goleiro e o artilheiro de cada regional ficam com R$ 200 cada.<\/p>\n<p>&nbsp;<\/p>\n<p>No Cravo, o campe\u00e3o foi o Fam\u00edlia Moraes, com o Santa Catarina em segundo; no Universit\u00e1rio o Bar\u00e3o ficou em primeiro com o Universit\u00e1rio em segundo; No Primavera, o Gal\u00e1cticos venceu a Primavera na decis\u00e3o; enquanto no Paiolzinho o Bolivar foi o campe\u00e3o com o Taquaral em segundo.<\/p>\n","protected":false},"excerpt":{"rendered":"<p>A Copa Integra\u00e7\u00e3o de Futebol come\u00e7a a ser decidida neste domingo, 2 de setembro, na&#8230;<\/p>\n","protected":false},"author":1,"featured_media":0,"comment_status":"closed","ping_status":"closed","sticky":false,"template":"","format":"standard","meta":{"footnotes":""},"categories":[11],"tags":[],"class_list":["post-22155","post","type-post","status-publish","format-standard","hentry","category-esporte"],"_links":{"self":[{"href":"https:\/\/www.corumbaonline.com.br\/news\/wp-json\/wp\/v2\/posts\/22155","targetHints":{"allow":["GET"]}}],"collection":[{"href":"https:\/\/www.corumbaonline.com.br\/news\/wp-json\/wp\/v2\/posts"}],"about":[{"href":"https:\/\/www.corumbaonline.com.br\/news\/wp-json\/wp\/v2\/types\/post"}],"author":[{"embeddable":true,"href":"https:\/\/www.corumbaonline.com.br\/news\/wp-json\/wp\/v2\/users\/1"}],"replies":[{"embeddable":true,"href":"https:\/\/www.corumbaonline.com.br\/news\/wp-json\/wp\/v2\/comments?post=22155"}],"version-history":[{"count":1,"href":"https:\/\/www.corumbaonline.com.br\/news\/wp-json\/wp\/v2\/posts\/22155\/revisions"}],"predecessor-version":[{"id":22156,"href":"https:\/\/www.corumbaonline.com.br\/news\/wp-json\/wp\/v2\/posts\/22155\/revisions\/22156"}],"wp:attachment":[{"href":"https:\/\/www.corumbaonline.com.br\/news\/wp-json\/wp\/v2\/media?parent=22155"}],"wp:term":[{"taxonomy":"category","embeddable":true,"href":"https:\/\/www.corumbaonline.com.br\/news\/wp-json\/wp\/v2\/categories?post=22155"},{"taxonomy":"post_tag","embeddable":true,"href":"https:\/\/www.corumbaonline.com.br\/news\/wp-json\/wp\/v2\/tags?post=22155"}],"curies":[{"name":"wp","href":"https:\/\/api.w.org\/{rel}","templated":true}]}}