{"id":22186,"date":"2018-09-04T08:04:13","date_gmt":"2018-09-04T12:04:13","guid":{"rendered":"http:\/\/www.corumbaonline.com.br\/news\/?p=22186"},"modified":"2018-09-04T08:18:57","modified_gmt":"2018-09-04T12:18:57","slug":"pt-recorrera-de-novo-a-onu-e-ao-stf-para-garantir-lula-como-candidato","status":"publish","type":"post","link":"https:\/\/www.corumbaonline.com.br\/news\/pt-recorrera-de-novo-a-onu-e-ao-stf-para-garantir-lula-como-candidato\/","title":{"rendered":"PT recorrer\u00e1 de novo \u00e0 ONU e ao STF para garantir Lula como candidato"},"content":{"rendered":"<p>A dire\u00e7\u00e3o do PT anunciou ontem (3) que pretende recorrer novamente ao Comit\u00ea de Direitos Humanos da Organiza\u00e7\u00e3o das Na\u00e7\u00f5es Unidas (ONU) para que o ex-presidente Luiz In\u00e1cio Lula da Silva consiga ser registrado como candidato \u00e0 Presid\u00eancia da Rep\u00fablica nas elei\u00e7\u00f5es de outubro.<\/p>\n<p>O PT prepara ainda dois recursos ao\u00a0Supremo Tribunal Federal (STF), abordando quest\u00f5es eleitorais e criminais, para que n\u00e3o ocorra a necessidade de substitui\u00e7\u00e3o do nome na chapa no prazo\u00a0de dez\u00a0dias, conforme definido pelo Tribunal Superior Eleitoral (TSE), que negou o pedido de candidatura na \u00faltima sexta-feira (31).<\/p>\n<p>De acordo com o TSE, Lula n\u00e3o pode aparecer em propaganda pol\u00edtica como candidato e est\u00e1 exclu\u00eddo da c\u00e9dula eleitoral.<\/p>\n<p>A decis\u00e3o de recorrer \u00e0 ONU e ao STF foi tomada ap\u00f3s reuni\u00e3o de Lula com o ex-ministro e vice na chapa Fernando Haddad e a presidente nacional do PT, senadora Gleisi Hoffmann (PR).<\/p>\n<p>\u201cDenunciaremos \u00e0 ONU o n\u00e3o cumprimento do que determinou em rela\u00e7\u00e3o \u00e0 candidatura de Lula, assim como entraremos com recursos judiciais cab\u00edveis para defender essa candidatura\u201d, afirmou Gleisi nas redes sociais. As informa\u00e7\u00f5es s\u00e3o do Partido dos Trabalhadores.<\/p>\n","protected":false},"excerpt":{"rendered":"<p>A dire\u00e7\u00e3o do PT anunciou ontem (3) que pretende recorrer novamente ao Comit\u00ea de Direitos&#8230;<\/p>\n","protected":false},"author":1,"featured_media":0,"comment_status":"closed","ping_status":"closed","sticky":false,"template":"","format":"standard","meta":{"footnotes":""},"categories":[101,19],"tags":[],"class_list":["post-22186","post","type-post","status-publish","format-standard","hentry","category-eleicoes","category-politica"],"_links":{"self":[{"href":"https:\/\/www.corumbaonline.com.br\/news\/wp-json\/wp\/v2\/posts\/22186","targetHints":{"allow":["GET"]}}],"collection":[{"href":"https:\/\/www.corumbaonline.com.br\/news\/wp-json\/wp\/v2\/posts"}],"about":[{"href":"https:\/\/www.corumbaonline.com.br\/news\/wp-json\/wp\/v2\/types\/post"}],"author":[{"embeddable":true,"href":"https:\/\/www.corumbaonline.com.br\/news\/wp-json\/wp\/v2\/users\/1"}],"replies":[{"embeddable":true,"href":"https:\/\/www.corumbaonline.com.br\/news\/wp-json\/wp\/v2\/comments?post=22186"}],"version-history":[{"count":1,"href":"https:\/\/www.corumbaonline.com.br\/news\/wp-json\/wp\/v2\/posts\/22186\/revisions"}],"predecessor-version":[{"id":22187,"href":"https:\/\/www.corumbaonline.com.br\/news\/wp-json\/wp\/v2\/posts\/22186\/revisions\/22187"}],"wp:attachment":[{"href":"https:\/\/www.corumbaonline.com.br\/news\/wp-json\/wp\/v2\/media?parent=22186"}],"wp:term":[{"taxonomy":"category","embeddable":true,"href":"https:\/\/www.corumbaonline.com.br\/news\/wp-json\/wp\/v2\/categories?post=22186"},{"taxonomy":"post_tag","embeddable":true,"href":"https:\/\/www.corumbaonline.com.br\/news\/wp-json\/wp\/v2\/tags?post=22186"}],"curies":[{"name":"wp","href":"https:\/\/api.w.org\/{rel}","templated":true}]}}