{"id":22194,"date":"2018-09-04T08:26:03","date_gmt":"2018-09-04T12:26:03","guid":{"rendered":"http:\/\/www.corumbaonline.com.br\/news\/?p=22194"},"modified":"2018-09-04T08:26:03","modified_gmt":"2018-09-04T12:26:03","slug":"deputados-devem-votar-veto-do-executivo-e-dois-projetos-de-lei-na-sessao-desta-terca-feira","status":"publish","type":"post","link":"https:\/\/www.corumbaonline.com.br\/news\/deputados-devem-votar-veto-do-executivo-e-dois-projetos-de-lei-na-sessao-desta-terca-feira\/","title":{"rendered":"Deputados devem votar veto do Executivo e dois projetos de lei na sess\u00e3o desta ter\u00e7a-feira"},"content":{"rendered":"<p>Os deputados estaduais devem votar, durante sess\u00e3o ordin\u00e1ria desta ter\u00e7a-feira (04) da Assembleia Legislativa de Mato Grosso do Sul, veto total do Executivo \u00e0 proposta que obriga institui\u00e7\u00f5es de ensino a disponibilizarem m\u00f3veis adequados a alunos com defici\u00eancia f\u00edsica, mobilidade reduzida, obesos e canhotos. Tamb\u00e9m est\u00e1 prevista a aprecia\u00e7\u00e3o de dois projetos de lei.<\/p>\n<p>Na justificativa do veto ao\u00a0<a href=\"http:\/\/consulta.projleis.al.ms.gov.br:8080\/sistema_legislativo\/Proposicao.do?idDocumento=61634&amp;modo=L&amp;tab=1&amp;metodo=exibirDocumento\" target=\"_blank\" rel=\"noopener noreferrer\">Projeto de Lei (PL) 268\/2017<\/a>, de autoria do deputado Felipe Orro (PSDB), o governador Reinaldo Azambuja afirma que a legisla\u00e7\u00e3o brasileira (Leis\u00a0<a href=\"http:\/\/www.planalto.gov.br\/ccivil_03\/LEIS\/L10098.htm\" target=\"_blank\" rel=\"noopener noreferrer\">10.098\/2000<\/a>\u00a0e\u00a0<a href=\"http:\/\/www.planalto.gov.br\/ccivil_03\/_ato2015-2018\/2015\/lei\/l13146.htm\" target=\"_blank\" rel=\"noopener noreferrer\">13.146\/2015<\/a>) &#8220;j\u00e1 exige diversas condutas dos estabelecimentos de ensino de qualquer n\u00edvel, etapa ou modalidade, p\u00fablicos ou privados, voltadas a proporcionar condi\u00e7\u00f5es de acesso e utiliza\u00e7\u00e3o de todos os seus ambientes ou compartimentos\u201d a pessoas com defici\u00eancia ou com mobilidade reduzida, inclusive salas de aula. O veto foi publicado na\u00a0<a href=\"http:\/\/www.spdo.ms.gov.br\/diariodoe\/Index\/Download\/DO9685_28_06_2018\" target=\"_blank\" rel=\"noopener noreferrer\">p\u00e1gina 2 do Di\u00e1rio Oficial do Estado no dia 28 de junho deste ano<\/a>.<\/p>\n<p>O veto, que tem parecer favor\u00e1vel da Comiss\u00e3o de Constitui\u00e7\u00e3o, Justi\u00e7a e Reda\u00e7\u00e3o (CCJR), tamb\u00e9m afirma que a proposta afronta a compet\u00eancia do Executivo por interferir na organiza\u00e7\u00e3o das escolas da da Rede Estadual de Ensino.<\/p>\n<p>Em segunda discuss\u00e3o, os parlamentares devem votar o\u00a0<a href=\"http:\/\/consulta.projleis.al.ms.gov.br:8080\/sistema_legislativo\/Proposicao.do?idDocumento=68070&amp;modo=L&amp;tab=1&amp;metodo=exibirDocumento\" target=\"_blank\" rel=\"noopener noreferrer\">PL 98\/2018<\/a>, de autoria do deputado Barbosinha (DEM), que inclui no calend\u00e1rio oficial de eventos de Mato Grosso do Sul a Festa do Pe\u00e3o de Boiadeiro de Ang\u00e9lica, realizada na primeira quinzena de maio. A mat\u00e9ria tem parecer favor\u00e1vel da CCJR e da Comiss\u00e3o de Educa\u00e7\u00e3o, Cultura, Desporto, Ci\u00eancia e Tecnologia.<\/p>\n<p>Est\u00e1 prevista, ainda, a vota\u00e7\u00e3o, em primeira discuss\u00e3o, do\u00a0<a href=\"http:\/\/consulta.projleis.al.ms.gov.br:8080\/sistema_legislativo\/Proposicao.do?idDocumento=69486&amp;modo=L&amp;tab=1&amp;metodo=exibirDocumento\" target=\"_blank\" rel=\"noopener noreferrer\">PL 163\/2018<\/a>, do deputado Maur\u00edcio Picarelli (PSDB), que denomina Rio Verde de Mato Grosso como capital do turismo da Rota Norte do Estado. A proposta recebeu parecer favor\u00e1vel da CCJR.<\/p>\n","protected":false},"excerpt":{"rendered":"<p>Os deputados estaduais devem votar, durante sess\u00e3o ordin\u00e1ria desta ter\u00e7a-feira (04) da Assembleia Legislativa de&#8230;<\/p>\n","protected":false},"author":1,"featured_media":21960,"comment_status":"closed","ping_status":"closed","sticky":false,"template":"","format":"standard","meta":{"footnotes":""},"categories":[19],"tags":[],"class_list":["post-22194","post","type-post","status-publish","format-standard","has-post-thumbnail","hentry","category-politica"],"_links":{"self":[{"href":"https:\/\/www.corumbaonline.com.br\/news\/wp-json\/wp\/v2\/posts\/22194","targetHints":{"allow":["GET"]}}],"collection":[{"href":"https:\/\/www.corumbaonline.com.br\/news\/wp-json\/wp\/v2\/posts"}],"about":[{"href":"https:\/\/www.corumbaonline.com.br\/news\/wp-json\/wp\/v2\/types\/post"}],"author":[{"embeddable":true,"href":"https:\/\/www.corumbaonline.com.br\/news\/wp-json\/wp\/v2\/users\/1"}],"replies":[{"embeddable":true,"href":"https:\/\/www.corumbaonline.com.br\/news\/wp-json\/wp\/v2\/comments?post=22194"}],"version-history":[{"count":1,"href":"https:\/\/www.corumbaonline.com.br\/news\/wp-json\/wp\/v2\/posts\/22194\/revisions"}],"predecessor-version":[{"id":22195,"href":"https:\/\/www.corumbaonline.com.br\/news\/wp-json\/wp\/v2\/posts\/22194\/revisions\/22195"}],"wp:featuredmedia":[{"embeddable":true,"href":"https:\/\/www.corumbaonline.com.br\/news\/wp-json\/wp\/v2\/media\/21960"}],"wp:attachment":[{"href":"https:\/\/www.corumbaonline.com.br\/news\/wp-json\/wp\/v2\/media?parent=22194"}],"wp:term":[{"taxonomy":"category","embeddable":true,"href":"https:\/\/www.corumbaonline.com.br\/news\/wp-json\/wp\/v2\/categories?post=22194"},{"taxonomy":"post_tag","embeddable":true,"href":"https:\/\/www.corumbaonline.com.br\/news\/wp-json\/wp\/v2\/tags?post=22194"}],"curies":[{"name":"wp","href":"https:\/\/api.w.org\/{rel}","templated":true}]}}