{"id":22201,"date":"2018-09-04T08:47:24","date_gmt":"2018-09-04T12:47:24","guid":{"rendered":"http:\/\/www.corumbaonline.com.br\/news\/?p=22201"},"modified":"2018-09-04T09:18:33","modified_gmt":"2018-09-04T13:18:33","slug":"entidades-que-vao-desfilar-no-21-precisam-preencher-formulario-online","status":"publish","type":"post","link":"https:\/\/www.corumbaonline.com.br\/news\/entidades-que-vao-desfilar-no-21-precisam-preencher-formulario-online\/","title":{"rendered":"Entidades que v\u00e3o desfilar no 21 precisam preencher formul\u00e1rio online"},"content":{"rendered":"<p>A Prefeitura de Corumb\u00e1, por meio da Secretaria Municipal de Governo, divulgou no dia 15 de agosto, o regulamento geral do desfile c\u00edvico-militar alusivo aos 240 anos de Corumb\u00e1, celebrado no pr\u00f3ximo dia 21 de setembro na avenida General Rondon.<\/p>\n<p>&nbsp;<\/p>\n<p>O desfile tem por objetivos valorizar atitudes c\u00edvicas, colaborando para o exerc\u00edcio da cidadania por meio do respeito ao munic\u00edpio e contribuir para a express\u00e3o c\u00edvica de diferentes segmentos da popula\u00e7\u00e3o, bem como possibilitar a participa\u00e7\u00e3o coletiva da comunidade e valorizar diferentes identidades do munic\u00edpio.<\/p>\n<p>&nbsp;<\/p>\n<p>A participa\u00e7\u00e3o de representantes da comunidade no evento de 21 de setembro ser\u00e1 definida da seguinte forma: institui\u00e7\u00f5es militares; institui\u00e7\u00f5es educacionais municipais, estaduais, federais, particulares e filantr\u00f3picas; movimentos culturais organizados; e institui\u00e7\u00f5es sociais representativas da comunidade corumbaense.<\/p>\n<p>&nbsp;<\/p>\n<p>Conforme a resolu\u00e7\u00e3o, que tamb\u00e9m est\u00e1 dispon\u00edvel no link da REME no site oficial da Prefeitura, o ato c\u00edvico ter\u00e1 in\u00edcio com a \u201cAlvorada Festiva\u201d \u00e0s 05h30, nas unidades escolares, exceto \u00e0s Escolas Municipais Rurais. O desfile ter\u00e1 in\u00edcio \u00e0s 16 horas, impreterivelmente, com uma representa\u00e7\u00e3o de, no m\u00ednimo 40 e no m\u00e1ximo 60 participantes, com idade a partir de 10 anos, por escola ou institui\u00e7\u00e3o, excetuando-se neste n\u00famero os integrantes de bandas ou fanfarras.<\/p>\n<p>&nbsp;<\/p>\n<p>A seguran\u00e7a dos que desfilarem em ve\u00edculos automotores ser\u00e1 de total responsabilidade da institui\u00e7\u00e3o participante. As institui\u00e7\u00f5es que se utilizarem de ve\u00edculos durante o Desfile C\u00edvico-militar dever\u00e3o respeitar as regras de circula\u00e7\u00e3o, conforme orienta\u00e7\u00f5es da AGETRAT. A Secretaria Municipal de Educa\u00e7\u00e3o (SEMED) em parceria com a FUNEC e Ex\u00e9rcito Brasileiro, ser\u00e3o respons\u00e1veis pelo acompanhamento e ordem do desfile c\u00edvico-militar do dia 21 de setembro.<\/p>\n<p>&nbsp;<\/p>\n<p><em><strong><a href=\"https:\/\/sites.google.com\/site\/portaldaremecorumbams\/home\/desfile-240-anos-de-corumba-ms\" target=\"_blank\" rel=\"noopener noreferrer\">Todas as institui\u00e7\u00f5es participantes dever\u00e3o preencher um formul\u00e1rio online que ser\u00e1 disponibilizado no link da REME\u00a0<\/a><\/strong><\/em>no site da Prefeitura de Corumb\u00e1 a partir das 8h do dia 20 de agosto de 2018, impreterivelmente at\u00e9 as 16 h (hor\u00e1rio de MS), do dia 09 de setembro de 2018.<\/p>\n<p>&nbsp;<\/p>\n<p>A ordem das apresenta\u00e7\u00f5es ser\u00e1 definida por meio de sorteio no dia 10 e setembro (segunda-feira), \u00e0s 14 h, no CENPER, situado \u00e0 Rua Marechal Deodoro, n\u00ba 368, no bairro Dom Bosco, respeitando-se as peculiaridades das institui\u00e7\u00f5es participantes. A concentra\u00e7\u00e3o das institui\u00e7\u00f5es ocorrer\u00e1 a partir das 14 h, conforme a distribui\u00e7\u00e3o na ordem do sorteio e o croqui de divulga\u00e7\u00e3o.<\/p>\n<p>&nbsp;<\/p>\n<p>N\u00e3o ser\u00e1 permitida a qualquer institui\u00e7\u00e3o e escolas participantes a divulga\u00e7\u00e3o de qualquer esp\u00e9cie de propaganda de partidos pol\u00edticos ou seus candidatos, mediante a publica\u00e7\u00e3o de cartazes, camisas, bon\u00e9s, faixas, broches em vestu\u00e1rios e afins, carro de som ou d\u00edsticos. Considerando o esp\u00edrito c\u00edvico e comemorativo do desfile c\u00edvico-militar, \u00e9 vedado \u00e0s institui\u00e7\u00f5es participantes promoverem manifesta\u00e7\u00f5es de car\u00e1ter pol\u00edtico-partid\u00e1rio e desrespeito a pessoas e\/ou institui\u00e7\u00f5es.<\/p>\n<p>&nbsp;<\/p>\n<p>Tamb\u00e9m \u00e9 vedado o consumo de bebidas alco\u00f3licas pelos participantes do Desfile e o uso de vestimentas n\u00e3o apropriadas ao contexto. A unidade escolar ou institui\u00e7\u00e3o que desrespeitar ao disposto no par\u00e1grafo anterior n\u00e3o participar\u00e1 do desfile.<\/p>\n","protected":false},"excerpt":{"rendered":"<p>A Prefeitura de Corumb\u00e1, por meio da Secretaria Municipal de Governo, divulgou no dia 15&#8230;<\/p>\n","protected":false},"author":1,"featured_media":0,"comment_status":"closed","ping_status":"closed","sticky":false,"template":"","format":"standard","meta":{"footnotes":""},"categories":[14],"tags":[],"class_list":["post-22201","post","type-post","status-publish","format-standard","hentry","category-geral"],"_links":{"self":[{"href":"https:\/\/www.corumbaonline.com.br\/news\/wp-json\/wp\/v2\/posts\/22201","targetHints":{"allow":["GET"]}}],"collection":[{"href":"https:\/\/www.corumbaonline.com.br\/news\/wp-json\/wp\/v2\/posts"}],"about":[{"href":"https:\/\/www.corumbaonline.com.br\/news\/wp-json\/wp\/v2\/types\/post"}],"author":[{"embeddable":true,"href":"https:\/\/www.corumbaonline.com.br\/news\/wp-json\/wp\/v2\/users\/1"}],"replies":[{"embeddable":true,"href":"https:\/\/www.corumbaonline.com.br\/news\/wp-json\/wp\/v2\/comments?post=22201"}],"version-history":[{"count":1,"href":"https:\/\/www.corumbaonline.com.br\/news\/wp-json\/wp\/v2\/posts\/22201\/revisions"}],"predecessor-version":[{"id":22202,"href":"https:\/\/www.corumbaonline.com.br\/news\/wp-json\/wp\/v2\/posts\/22201\/revisions\/22202"}],"wp:attachment":[{"href":"https:\/\/www.corumbaonline.com.br\/news\/wp-json\/wp\/v2\/media?parent=22201"}],"wp:term":[{"taxonomy":"category","embeddable":true,"href":"https:\/\/www.corumbaonline.com.br\/news\/wp-json\/wp\/v2\/categories?post=22201"},{"taxonomy":"post_tag","embeddable":true,"href":"https:\/\/www.corumbaonline.com.br\/news\/wp-json\/wp\/v2\/tags?post=22201"}],"curies":[{"name":"wp","href":"https:\/\/api.w.org\/{rel}","templated":true}]}}