{"id":22206,"date":"2018-09-04T09:15:15","date_gmt":"2018-09-04T13:15:15","guid":{"rendered":"http:\/\/www.corumbaonline.com.br\/news\/?p=22206"},"modified":"2018-09-04T09:36:46","modified_gmt":"2018-09-04T13:36:46","slug":"debate-midiamax-tem-discussao-e-embate-de-dados-entre-os-seis-candidatos","status":"publish","type":"post","link":"https:\/\/www.corumbaonline.com.br\/news\/debate-midiamax-tem-discussao-e-embate-de-dados-entre-os-seis-candidatos\/","title":{"rendered":"Debate Midiamax tem discuss\u00e3o e embate de dados entre os seis candidatos"},"content":{"rendered":"<p>Os seis candidatos ao governo do Estado de Mato Grosso do Sul que participaram do\u00a0<strong>Debate Midiamax<\/strong>\u00a0nesta segunda-feira (3) apresentaram as propostas dos seus projetos, mas sem deixar de atacar os advers\u00e1rios com discuss\u00f5es e, principalmente, d\u00favidas sobre os dados apresentados.<\/p>\n<p>Muitos candidatos resolveram n\u00e3o passar despercebidos e usaram memes para atacar. Marcelo Bluma (PV) chegou a dizer que Reinaldo Azambuja e Junior Mochi (MDB) eram como Cosme e Dami\u00e3o, \u2018mas hoje est\u00e3o aqui se enfrentando em um debate\u2019, ironizou.<\/p>\n<p>J\u00e1 na apresenta\u00e7\u00e3o, Jo\u00e3o Alfredo (Psol) alfinetou os concorrentes ao deixar claro que algumas coliga\u00e7\u00f5es impugnaram temas como Lama Asf\u00e1ltica, Aqu\u00e1rio do Pantanal, Dela\u00e7\u00e3o da JBS e Crime Organizado.<\/p>\n<p>Alvo por ser o governador em exerc\u00edcio, Reinaldo Azambuja (PSDB) n\u00e3o deixou barato e se defendeu. \u201cAlgumas pessoas erroneamente n\u00e3o t\u00eam conhecimento e falam ao bel prazer\u201d.<\/p>\n<p>Junior Mochi (MDB) questionou a troca de ofensas ao inv\u00e9s da apresenta\u00e7\u00e3o de propostas no debate, mas questionou a falta de di\u00e1logo franco de Reinaldo com os servidores p\u00fablicos. \u201cFaltou di\u00e1logo franco, olho no olho\u201d.<\/p>\n<p>Humberto Amaducci (PT) citou o ex-presidente Lula ao lembrar sobre governar sem se atentar a bandeiras partid\u00e1rias e relembrou gest\u00f5es anteriores em MS.<\/p>\n<p>O Juiz Odilon (PDT) foi questionado sobre o Crime Organizado e a atua\u00e7\u00e3o do Jogo do Bicho em Campo Grande. \u201cPassei aproximadamente 40 anos no Estado e parte do mundo documentou, inclusive a ONU, meu combate \u00e0 criminalidade. Tem sim que combater o crime organizado, seja um delito de contraven\u00e7\u00e3o ou seja qual for, independente da figura que o pratique, e o Governo do Estado sempre foi omisso nesse sentido\u201d.<\/p>\n<h1>Bloco a bloco<\/h1>\n<p>No primeiro bloco, os candidatos se apresentaram ao p\u00fablico com tempo de tr\u00eas minutos.<\/p>\n<figure id=\"attachment_889224\" class=\"wp-caption alignright\"><img loading=\"lazy\" decoding=\"async\" class=\"size-medium wp-image-889224\" src=\"https:\/\/cdn.midiamax.com.br\/elasticbeanstalk-us-west-2-809048387867\/uploads\/2018\/09\/Joao-alfredo-320x213.jpeg\" sizes=\"auto, (max-width: 320px) 100vw, 320px\" srcset=\"https:\/\/cdn.midiamax.com.br\/elasticbeanstalk-us-west-2-809048387867\/uploads\/2018\/09\/Joao-alfredo-320x213.jpeg 320w, https:\/\/cdn.midiamax.com.br\/elasticbeanstalk-us-west-2-809048387867\/uploads\/2018\/09\/Joao-alfredo-768x512.jpeg 768w, https:\/\/cdn.midiamax.com.br\/elasticbeanstalk-us-west-2-809048387867\/uploads\/2018\/09\/Joao-alfredo-450x300.jpeg 450w, https:\/\/cdn.midiamax.com.br\/elasticbeanstalk-us-west-2-809048387867\/uploads\/2018\/09\/Joao-alfredo.jpeg 1280w\" alt=\"\" width=\"320\" height=\"213\" \/><figcaption class=\"wp-caption-text\">Foto: Marcos Erm\u00ednio<\/figcaption><\/figure>\n<p>Com temas escolhidos previamente e candidatos definidos por sorteio, o\u00a0primeiro a perguntar no segundo bloco foi o candidato do PSDB, Reinaldo Azambuja, ao candidato do PSOL, Jo\u00e3o Alfredo, sobre \u2018Obras\u201d. Ele disse que investiu mais de R$ 736 milh\u00f5es para concluir obras inacabadas deixadas por seu antecessor.<\/p>\n<p>\u201cToda administra\u00e7\u00e3o republicana deve ter sequ\u00eancia, o que infelizmente n\u00e3o ocorreu no seu mandato, exemplo disso \u00e9 o Aqu\u00e1rio do Pantanal. Or\u00e7amento inicial de R$ 80 milh\u00f5es e j\u00e1 se gastou R$ 300 milh\u00f5es e a atual administra\u00e7\u00e3o n\u00e3o deu conta de seu t\u00e9rmino\u201d, respondeu Danieze. Segundo ele, investimento em obras p\u00fablicas vai gerar emprego em Mato Grosso do Sul.<\/p>\n<p>Reinaldo disse que seu governo concluiu 209 e fez mais de 1000 obras nos 79 munic\u00edpios de MS. \u201cO Aqu\u00e1rio do Pantanal me posicionei contr\u00e1rio desde 2014, s\u00f3 n\u00e3o conclu\u00edmos porque tem problema de ordem jur\u00eddica. Assim que for liberado tamb\u00e9m essa ser\u00e1 conclu\u00edda\u201d, replicou.<\/p>\n<p>O candidato do PSOL afirmou que existem dois Estados, o \u2018Parque dos Poderes\u2019 e as outras cidades com 357 mil km2 de todo MS. \u201cH\u00e1 um superdimensionamento em obras que n\u00e3o representa a verdade. Prometeu choque de gest\u00e3o para distribuir recursos \u2018a quem necessita\u201d, disse o Psolista.<\/p>\n<p>Com o tema \u2018Combate \u00e0 Corrup\u00e7\u00e3o\u2019, Danieze questionou Marcelo Bluma, do PV, como combater corrup\u00e7\u00e3o com partidos envolvidos em corrup\u00e7\u00e3o e citou a coliga\u00e7\u00e3o de Azambuja.<\/p>\n<p>\u201cDessa turma ningu\u00e9m vai combater corrup\u00e7\u00e3o. Esquece. Olho essa coliga\u00e7\u00e3o e fico impressionado: h\u00e1 Branca de Neve com Saci Perer\u00ea, arcanjo Gabriel com o capeta\u201d, ironizou Bluma em sua resposta.<\/p>\n<p>Disse que h\u00e1 \u2018orgias e festas\u2019 no Parque dos Poderes, com festas. Chamou Reinaldo e Junior Mochi (MDB) de \u2018Cosme e Dami\u00e3o\u2019, respons\u00e1veis por \u2018impostos perversos\u2019. \u201cO tarifa\u00e7o do IPVA feito por governo e assembleia\u201d, disparou Bluma.<\/p>\n<p>Danieze disse que foi vice-prefeito em Ribas do Rio Pardo por 1 ano e 8 meses e renunciou por \u2018n\u00e3o concordar com irregularidades\u2019, revelou que renunciaria ao \u2018foro privilegiado\u2019 caso eleito.<\/p>\n<p>Bluma disse que brasileiro paga 30% do que ganha com imposto e destacou que os pol\u00edticos eleitos s\u00e3o \u2018funcion\u00e1rios\u2019 do povo.<\/p>\n<figure id=\"attachment_889205\" class=\"wp-caption alignright\"><img loading=\"lazy\" decoding=\"async\" class=\"wp-image-889205 size-medium\" src=\"https:\/\/cdn.midiamax.com.br\/elasticbeanstalk-us-west-2-809048387867\/uploads\/2018\/09\/odilon_33-320x213.jpeg\" sizes=\"auto, (max-width: 320px) 100vw, 320px\" srcset=\"https:\/\/cdn.midiamax.com.br\/elasticbeanstalk-us-west-2-809048387867\/uploads\/2018\/09\/odilon_33-320x213.jpeg 320w, https:\/\/cdn.midiamax.com.br\/elasticbeanstalk-us-west-2-809048387867\/uploads\/2018\/09\/odilon_33-768x512.jpeg 768w, https:\/\/cdn.midiamax.com.br\/elasticbeanstalk-us-west-2-809048387867\/uploads\/2018\/09\/odilon_33-450x300.jpeg 450w, https:\/\/cdn.midiamax.com.br\/elasticbeanstalk-us-west-2-809048387867\/uploads\/2018\/09\/odilon_33.jpeg 1280w\" alt=\"\" width=\"320\" height=\"213\" \/><figcaption class=\"wp-caption-text\">Foto: Marcos Erm\u00ednio<\/figcaption><\/figure>\n<p>O terceiro candidato a fazer perguntas no primeiro bloco foi Odilon de Oliveira (PDT), que perguntou a Junior Mochi (MDB) sobre o tema sorteado: Emprego.<\/p>\n<p>\u201cO Brasil vive uma crise, Mato Grosso do Sul tamb\u00e9m experimenta crise de desemprego. Eu perguntou ao Junior Mochi qual ser\u00e1 a posi\u00e7\u00e3o dele para combater o desemprego?\u201d.<\/p>\n<p>Mochi respondeu que \u201ctemos uma proposta clara, trocar imposto por emprego. \u00c9 por exemplo pegar R$ 8 bilh\u00f5es de d\u00edvida dos empres\u00e1rios e descontar na gera\u00e7\u00e3o de emprego. Al\u00e9m dessa, temos outras. Vincular toda proposta de incentivos a empresas que ofere\u00e7am ao mercado empregos com carteira assinada\u201d, disse.<\/p>\n<p>Na r\u00e9plica, Odilon de Oliveira falou sobre desemprego no setor do turismo. Afirmou que o governo atual gerou 118 mil desempregos. \u201cTem que aquecer o mercado de trabalho, a pol\u00edtica fiscal sem propina\u201d.<\/p>\n<p>Mochi afirmou, em sua tr\u00e9plica, que Mato Grosso do Sul adotou pol\u00edtica de benef\u00edcios fiscais. \u201cDevemos ter modelos novos, iniciativas novas atrav\u00e9s de recursos vincular empresas a gera\u00e7\u00e3o de emprego e renda\u201d.<\/p>\n<figure id=\"attachment_889230\" class=\"wp-caption alignleft\"><img loading=\"lazy\" decoding=\"async\" class=\"wp-image-889230 size-medium\" src=\"https:\/\/cdn.midiamax.com.br\/elasticbeanstalk-us-west-2-809048387867\/uploads\/2018\/09\/mochi-1-320x213.jpeg\" sizes=\"auto, (max-width: 320px) 100vw, 320px\" srcset=\"https:\/\/cdn.midiamax.com.br\/elasticbeanstalk-us-west-2-809048387867\/uploads\/2018\/09\/mochi-1-320x213.jpeg 320w, https:\/\/cdn.midiamax.com.br\/elasticbeanstalk-us-west-2-809048387867\/uploads\/2018\/09\/mochi-1-768x512.jpeg 768w, https:\/\/cdn.midiamax.com.br\/elasticbeanstalk-us-west-2-809048387867\/uploads\/2018\/09\/mochi-1-450x300.jpeg 450w, https:\/\/cdn.midiamax.com.br\/elasticbeanstalk-us-west-2-809048387867\/uploads\/2018\/09\/mochi-1.jpeg 1280w\" alt=\"\" width=\"320\" height=\"213\" \/><figcaption class=\"wp-caption-text\">Foto: Marcos Erm\u00ednio<\/figcaption><\/figure>\n<p>Na sequ\u00eancia, conforme sorteio pr\u00e9vio, Junior Mochi perguntou a Humberto Amaducci (PT) sobre sa\u00fade. \u201cA sa\u00fade p\u00fablica \u00e9 dividida em regi\u00f5es e microrregi\u00f5es, sabemos que n\u00e3o h\u00e1 um fortalecimento dessas regi\u00f5es. Quais s\u00e3o as suas propostas efetivas para melhorar o atendimento em sa\u00fade para a popula\u00e7\u00e3o?\u201d.<\/p>\n<p>Na resposta, Amaducci afirmou que o Estado possui problema s\u00e9rio na sa\u00fade. Ele citou alguns hospitais do Estado que est\u00e3o com problemas, criticou a Caravana da Sa\u00fade, que n\u00e3o cumpre o que promete. \u201cTrabalhamos com a possiblidade do SUS 100%, atendimento p\u00fablico que o Estado cumpra com sua fun\u00e7\u00e3o e seu papel. Que a gente converse com prefeitos, vereadores e conselhos de sa\u00fade\u201d.<\/p>\n<p>Em sua r\u00e9plica, Mochi tamb\u00e9m defendeu o SUS, mas falou em fortalecimento de cons\u00f3rcios intermunicipais para que as cidades deem contrapartida ao Estado. \u201cPara a gente evitar que as sedes n\u00e3o se superlotem (sic)\u201d.<\/p>\n<p>Humberto Amaducci disse, em sua tr\u00e9plica, que as grandes regi\u00f5es do Estado est\u00e3o sobrecarregadas. \u201cChega a ser desumano com os profissionais da \u00e1rea\u201d.<\/p>\n<p>Humberto Amaducci (PT) perguntou ao Juiz Odilon (PDT), dentro do tema Educa\u00e7\u00e3o, sobre a UEMS (Universidade Estadual de Mato Grosso do Sul). Destacou que o governo Zeca concedeu um aporte de R$ 70 milh\u00f5es e que hoje a Universidade recebe pouco menos de R$ 7 milh\u00f5es. Qual a sua proposta para a Educa\u00e7\u00e3o?<\/p>\n<p>Odilon afirmou que a Universidade est\u00e1 sucateada. \u201cS\u00e3o R$ 194 milh\u00f5es e por piedade alguns deputados que mandam emendas. A UEMS precisa de autonomia administrativa e did\u00e1tico-cient\u00edfica, fixar or\u00e7amento maior, que corresponda a pelo menos 3% da receita tribut\u00e1ria. N\u00f3s ter\u00edamos R$ 220 milh\u00f5es ao menos. Repassar ao tempo certo esse dinheiro \u00e9 fundamental\u201d.<\/p>\n<p>Para o candidato, tamb\u00e9m \u00e9 preciso aumentar de 0,25 para 0,5% dos recursos arrecadados para ci\u00eancia e tecnologia, como prev\u00ea a Constitui\u00e7\u00e3o Estadual. \u201cA UEMS est\u00e1 sucateada por omiss\u00e3o do governo. Queremos investir na UEMS\u201d.<\/p>\n<figure id=\"attachment_889228\" class=\"wp-caption alignleft\"><img loading=\"lazy\" decoding=\"async\" class=\"wp-image-889228 size-medium\" src=\"https:\/\/cdn.midiamax.com.br\/elasticbeanstalk-us-west-2-809048387867\/uploads\/2018\/09\/amaducci-320x213.jpeg\" sizes=\"auto, (max-width: 320px) 100vw, 320px\" srcset=\"https:\/\/cdn.midiamax.com.br\/elasticbeanstalk-us-west-2-809048387867\/uploads\/2018\/09\/amaducci-320x213.jpeg 320w, https:\/\/cdn.midiamax.com.br\/elasticbeanstalk-us-west-2-809048387867\/uploads\/2018\/09\/amaducci-768x512.jpeg 768w, https:\/\/cdn.midiamax.com.br\/elasticbeanstalk-us-west-2-809048387867\/uploads\/2018\/09\/amaducci-450x300.jpeg 450w, https:\/\/cdn.midiamax.com.br\/elasticbeanstalk-us-west-2-809048387867\/uploads\/2018\/09\/amaducci.jpeg 1280w\" alt=\"\" width=\"320\" height=\"213\" \/><figcaption class=\"wp-caption-text\">Foto: Marcos Erm\u00ednio<\/figcaption><\/figure>\n<p>Na r\u00e9plica, Amaducci afirmou que \u00e9 preciso ter liberdade de pensamento. Que n\u00e3o haja interfer\u00eancia da classe pol\u00edtica, que n\u00e3o interfira na forma de pensar dos alunos. Odilon afirmou que j\u00e1 havia proposto o mesmo com a autonomia did\u00e1tico-cient\u00edfica. \u201cE a valoriza\u00e7\u00e3o dos professores da UEMS, que n\u00e3o tiveram reajuste nenhum corpo administrativo tamb\u00e9m. Como se trata um patrim\u00f4nio nosso com esse descaso? E as pessoas que n\u00e3o podem pagar a Universidade?\u201d.<\/p>\n<p>Marcelo Bluma (PV) pergunta ao candidato Reinaldo Azambuja (PSDB) sobre Turismo. Ele diz que entende o potencial tur\u00edstico do Pantanal e dos s\u00edtios arqueol\u00f3gicos. \u201cO dinheiro destinado pelo governo tem sido p\u00edfio, este ano n\u00e3o chega a R$ 20 milh\u00f5es. Mas j\u00e1 gastou R$ 250 milh\u00f5es com verba publicit\u00e1ria\u201d.<\/p>\n<p>Para Reinaldo, o candidato Bluma estaria desinformado. \u201cGastamos nas campanhas, muitas vezes educativas, e n\u00e3o chega a R$ 160 milh\u00f5es. Turismo tamb\u00e9m, completamente equivocado. Maior investimento nos roteiros tur\u00edsticos. Somente Bonito tem R$ 90 milh\u00f5es para melhorar o acesso. Algumas pessoas erroneamente n\u00e3o t\u00eam conhecimento e falam ao bel prazer. N\u00f3s aumentamos a visita\u00e7\u00e3o\u201d.<\/p>\n<figure id=\"attachment_889219\" class=\"wp-caption alignleft\"><img loading=\"lazy\" decoding=\"async\" class=\"size-medium wp-image-889219\" src=\"https:\/\/cdn.midiamax.com.br\/elasticbeanstalk-us-west-2-809048387867\/uploads\/2018\/09\/Mj-1-320x197.jpg\" sizes=\"auto, (max-width: 320px) 100vw, 320px\" srcset=\"https:\/\/cdn.midiamax.com.br\/elasticbeanstalk-us-west-2-809048387867\/uploads\/2018\/09\/Mj-1-320x197.jpg 320w, https:\/\/cdn.midiamax.com.br\/elasticbeanstalk-us-west-2-809048387867\/uploads\/2018\/09\/Mj-1-768x473.jpg 768w, https:\/\/cdn.midiamax.com.br\/elasticbeanstalk-us-west-2-809048387867\/uploads\/2018\/09\/Mj-1.jpg 1280w\" alt=\"\" width=\"320\" height=\"197\" \/><figcaption class=\"wp-caption-text\">Foto: Marcos Erm\u00ednio<\/figcaption><\/figure>\n<p>Para Bluma, o Portal da Transpar\u00eancia do Governo mostra n\u00fameros maiores. \u201cVai fazer programa educativo assim! O MS \u00e9 o Estaco mais educado, ent\u00e3o. \u00c9 publicidade, sim senhor!\u201d.<\/p>\n<p>Reinaldo treplicou afirmando que se foi bom ou n\u00e3o, n\u00e3o era o candidato quem deveria decidir, mas sim a popula\u00e7\u00e3o. \u201cNosso governo aumentou em at\u00e9 15% a visita\u00e7\u00e3o a MS\u201d.<\/p>\n<p>O terceiro bloco do\u00a0<strong>Debate Midiamax<\/strong>\u00a0contou com os seis candidatos fazendo perguntas sobre temas livres, sem sorteio sobre as perguntas, apenas com pr\u00e9-defini\u00e7\u00e3o sobre os candidatos que perguntam. Cada um escolheu a quem dirigir os questionamentos.<\/p>\n<p>Logo no come\u00e7o, Reinaldo Azambuja (PSDB) solicitou impugna\u00e7\u00e3o sobre o termo \u201corgia\u201d, usado anteriormente por Marcelo Bluma (PV). A equipe t\u00e9cnica que analisa os pedidos n\u00e3o deferiu.<\/p>\n<p>O atual governador, Reinaldo, foi o primeiro a perguntar, ele questionou Humberto Amaducci (PT) sobre o princ\u00edpio de governar para 79 munic\u00edpios independente de \u201ccolora\u00e7\u00e3o partid\u00e1ria\u201d.<\/p>\n<p>Amaducci citou o ex-presidente Lula ao lembrar sobre governar sem se atentar a bandeiras partid\u00e1rias. Humberto lembrou de governos anteriores e tamb\u00e9m falou que Reinaldo n\u00e3o cumpriu promessas feitas a Mundo Novo, cidade que ele comandou como prefeito. \u201cN\u00e3o queremos ser um governo que fala e n\u00e3o faz, que visita munic\u00edpios e n\u00e3o cumpre com aquilo que dedica fazer\u201d. O candidato tamb\u00e9m falou que a marca de Reinaldo \u00e9 inoper\u00e2ncia e JBS.<\/p>\n<figure id=\"attachment_889237\" class=\"wp-caption alignleft\"><img loading=\"lazy\" decoding=\"async\" class=\"size-medium wp-image-889237\" src=\"https:\/\/cdn.midiamax.com.br\/elasticbeanstalk-us-west-2-809048387867\/uploads\/2018\/09\/reinaldo_45-320x213.jpeg\" sizes=\"auto, (max-width: 320px) 100vw, 320px\" srcset=\"https:\/\/cdn.midiamax.com.br\/elasticbeanstalk-us-west-2-809048387867\/uploads\/2018\/09\/reinaldo_45-320x213.jpeg 320w, https:\/\/cdn.midiamax.com.br\/elasticbeanstalk-us-west-2-809048387867\/uploads\/2018\/09\/reinaldo_45-768x512.jpeg 768w, https:\/\/cdn.midiamax.com.br\/elasticbeanstalk-us-west-2-809048387867\/uploads\/2018\/09\/reinaldo_45-450x300.jpeg 450w, https:\/\/cdn.midiamax.com.br\/elasticbeanstalk-us-west-2-809048387867\/uploads\/2018\/09\/reinaldo_45.jpeg 1280w\" alt=\"\" width=\"320\" height=\"213\" \/><figcaption class=\"wp-caption-text\">Foto: Marcos Erm\u00ednio<\/figcaption><\/figure>\n<p>Reinaldo se defendeu, em sua r\u00e9plica, dizendo que JBS \u00e9 a marca de \u201cpicaretas que nunca pagaram imposto e passaram a pagar em Mato Grosso do Sul\u201d. O atual governador tamb\u00e9m lembrou que investiu em Mundo Novo mesmo com o PT no comando da cidade e mesmo com cr\u00edticas \u00e1cidas de Amaducci ao Governo.<\/p>\n<p>Na tr\u00e9plica, Amaducci afirmou que executar obras \u00e9 a obriga\u00e7\u00e3o do Governo e tamb\u00e9m lembrou que a sensa\u00e7\u00e3o para os sul-mato-grossenses \u00e9 que o Estado est\u00e1 parado.<\/p>\n<p>O pr\u00f3ximo a perguntar, Jo\u00e3o Alfredo Danieze (PSOL) questionou Odilon de Oliveira (PDT) sobre a seguran\u00e7a na fronteira e o jogo do bicho. \u201cSomos corredor de contrabando e armas, mas n\u00e3o fiscalizamos. Como acabar com o jogo do bicho em Mato Grosso do Sul?\u201d.<\/p>\n<p>Odilon respondeu afirmando que essa pergunta deveria ser respondida a quem comanda o Estado e n\u00e3o a pessoas de inst\u00e2ncias federais. \u201cPassei aproximadamente 40 anos no Estado e parte do mundo documentou, inclusive a ONU, meu combate \u00e0 criminalidade. Mas tem que ser combatido sim, qualquer delito tem que ser combatido\u201d.<\/p>\n<p>Odilon continuou \u201ctemos sim que combater o crime organizado, seja um delito de contraven\u00e7\u00e3o ou seja qual for, independente da figura que o pratique, e o Governo do Estado sempre foi omisso nesse sentido\u201d.<\/p>\n<p>Em sua r\u00e9plica, Danieze continuou discorrendo sobre o tema \u201cjogo do bicho\u201d, afirmando que \u201ca mulher de C\u00e9sar n\u00e3o basta ser honesta, ela precisa ser honesta, ent\u00e3o \u00e9 preciso combater, n\u00e3o se pode omitir\u201d.<\/p>\n<p>Na tr\u00e9plica, Odilon continuou se defendendo sobre o questionamento de Jo\u00e3o Alfredo. \u201cA hist\u00f3ria de Mato Grosso do Sul, a hist\u00f3ria policial do Brasil e do judici\u00e1rio n\u00e3o registra nenhuma omiss\u00e3o da minha parte, o que registra \u00e9 a minha garra e a minha valentia ao enfrentamento ao crime organizado. Perdi a minha liberdade e ningu\u00e9m tem autoridade moral para dizer o contr\u00e1rio. Nem o CNJ em que os integrantes nunca colocaram o p\u00e9 na fronteira. Eu nunca fui omisso e jamais serei\u201d, completou.<\/p>\n<p>Na terceira pergunta, o candidato Juiz Odilon (PDT) perguntou ao candidato Marcelo Bluma (PV) sobre corrup\u00e7\u00e3o e citou a JBS. \u201cNo Brasil inteiro est\u00e1 sendo veiculado nome de pessoas. O que o senhor far\u00e1 para combater corrup\u00e7\u00e3o em Mato Grosso do Sul se for eleito?<\/p>\n<p>Na resposta Bluma disse que combater corrup\u00e7\u00e3o na pol\u00edtica de Mato Grosso do Sul \u00e9 \u2018trabalho de H\u00e9rcules\u201d. \u201cUm cidad\u00e3o com sal\u00e1rio m\u00ednimo, est\u00e1 mandado aos cofres R$ 400 de ICMS. \u00c9 desumano o que acontece. O dinheiro vai ao cofre p\u00fablico e voc\u00ea liga a televis\u00e3o e v\u00ea opera\u00e7\u00e3o e opera\u00e7\u00e3o PF [de combate \u00e0 corrup\u00e7\u00e3o]. A PF vai usar nomes em ingl\u00eas, pois em portugu\u00eas j\u00e1 n\u00e3o tem mais nomes\u201d.<\/p>\n<p>Como solu\u00e7\u00e3o, Bluma pontuou que o eleitor tem papel fundamental. \u201cComo podemos mudar isso? O eleitor no momento da elei\u00e7\u00e3o, mandar para casa essa turma. \u00c9 preciso construir uma nova ordem pol\u00edtica. Acabar com o \u2018toma l\u00e1 d\u00e1 c\u00e1\u2019 e apostar na transpar\u00eancia.<\/p>\n<p>Na tr\u00e9plica, o juiz Odilon acrescentou que, com base, no que os olhos de observam, em \u201c40 anos ao combate do crime organizado\u201d. A primeira coisa a fazer o chefe do executivo dar o exemplo. Bluma concordou que o chefe do executivo tem que ser o primeiro a dar exemplo.<\/p>\n<p>\u201cN\u00e3o tem nada de rei [o governante]. Ele \u00e9 um servidor. Escolhemos ele para administrar o dinheiro, com transpar\u00eancia. N\u00e3o ficar l\u00e1 rodeado de cupincha e n\u00e3o assistindo a\u00e7\u00f5es da PF.<\/p>\n<p>Na quarta pergunta, Junior Mocchi (MDB) disse que estava havendo troca de ofensas m\u00fatuas e que os candidatos estavam l\u00e1 para apresentar propostas em cada \u00e1rea de atua\u00e7\u00e3o. Questionou por que o governo n\u00e3o dialogou com os servidores com \u201cdi\u00e1logo franco, olho no olho\u201d.<\/p>\n<p>Reinado alegou que fez o governo que mais dialogou com o servidor. \u201cDemos 33% de aumento para uma infla\u00e7\u00e3o que n\u00e3o chegou a 16%. \u201cVemos o esfor\u00e7o que tivemos que fazer para avan\u00e7ar no plano de cargos e carreiras, pagar melhor sal\u00e1rio dos professores. Aumentamos em 60% os repasse para UEMS.\u00a0S\u00e3o n\u00fameros que mostram rela\u00e7\u00e3o de di\u00e1logo com os servidores\u201d, disse. Ressaltou ainda o F\u00f3rum Dialoga e as promo\u00e7\u00f5es e progress\u00f5es de policiais.<\/p>\n<p>Mocchi disse na tr\u00e9plica que a grande reclama\u00e7\u00e3o dos servidores, \u00e9 com o governador, que ele n\u00e3o tomou para si a responsabilidade do di\u00e1logo. Azambuja disse que muitas discuss\u00f5es foram feitas por ele, mesmo as leis que vieram do governo anterior. \u201cSentamos, dialogamos e encaminhamos \u00e0 Assembleia. Houve momentos de discuss\u00e3o, mas nunca estancamos o di\u00e1logo\u201d.<\/p>\n<p>O candidato do PT, Humberto Amaducci, questionou o Marcelo Bluma (PV) sobre cultura, e disse que o governo de Azambuja \u2018abandonou\u2019 quest\u00e3o cultural em MS, lembrando de uma a\u00e7\u00e3o de governo do ex-governador Zeca do PT.<\/p>\n<p>Bluma respondeu que na gest\u00e3o petista em MS houve v\u00e1rios festivais de cultura. Disse que o governo atual n\u00e3o deixou \u2018nenhuma marca\u2019, e afirmou que vai retomar pol\u00edticas de cultura que foram colocadas em pr\u00e1ticas no governo de Zeca. Destacou a riqueza cultura do Estado, e falou em fazer grande trabalho. \u201cN\u00e3o \u00e9 s\u00f3 das coisas materiais que um povo pode viver\u201d, afirmou.<\/p>\n<p>Amaducci, em sua r\u00e9plica, lembrou que havia Fundos de Investimento em cultura, esporta e na assist\u00eancia social, al\u00e9m da cria\u00e7\u00e3o do Fundersul. J\u00e1 o candidato do PV frisou que o Estado produziu o sertanejo universit\u00e1rio, que pode gerar riqueza para o povo. Resgatar autoestima com a quest\u00e3o cultural.<\/p>\n<p>Na sequ\u00eancia, coube a Bluma perguntar a Junior Mochi, do MDB. R$ 1,2 milh\u00e3o por deputado por m\u00eas. E reclamou que houve uso de for\u00e7a policial em vota\u00e7\u00f5es da Assembleia.<\/p>\n<p>Disse que pela primeira vez a Assembleia devolveu dinheiro do duod\u00e9cimo ao Estado, devolveu R$ 76 milh\u00f5es ao Estado, e neste ano deve devolver mais de R$ 100 milh\u00f5es. Destacou que houve instala\u00e7\u00e3o do ponto eletr\u00f4nico, do painel eletr\u00f4nico para parlamentares, e realiza\u00e7\u00e3o do primeiro concurso p\u00fablico da hist\u00f3ria do legislativo estadual.<\/p>\n<p>O quarto bloco tem rodada de perguntas com tema livre e um candidato sorteado para comentar o assunto. Na primeira delas, Reinaldo Azambuja (PSDB) perguntou para Marcelo Bluma (PV) e com coment\u00e1rios de Humberto Amaducci (PT) sobre gera\u00e7\u00e3o de empregos. Como eles fariam para melhorar o desenvolvimento do Estado?<\/p>\n<p>Bluma destacou que primeiro \u00e9 preciso fazer auditoria dos \u00faltimos 15 anos dos incentivos fiscais. \u201cN\u00e3o \u00e9 justo que o cidad\u00e3o pague imposto e a\u00ed quem deveria pagar n\u00e3o pagou. Com essas den\u00fancias de propina incentivos fiscais n\u00e3o tem como o contribuinte dormir tranquilo. Se for para ficar maquiando propina, a\u00ed n\u00e3o d\u00e1 para aceitar. N\u00e3o tem jeito. Tem den\u00fancia de incentivo at\u00e9 de farelo de milho rolando por a\u00ed. Precisamos moralizar administra\u00e7\u00e3o p\u00fablica\u201d.<\/p>\n<p>Amaducci afirmou que o Brasil n\u00e3o suporta mais a corrup\u00e7\u00e3o. \u201cMas definha porque falta responsabilidade da administra\u00e7\u00e3o p\u00fablica. Eu considero fundamental at\u00e9 para tirar todas as d\u00favidas que pairam sobre a JBS. Mas outra coisa importante \u00e9 investir forte e cooperativismo, fazer com que o homem do campo receba incentivos para poder produzir o doce de leite junto com seus filhos, produzir coisas do campo\u201d.<\/p>\n<p>Bluma concordou com o posicionamento do petista. \u201cPor que n\u00e3o dar ent\u00e3o incentivo fiscal pro pequeno agricultor? Esse que t\u00e1 a\u00ed tem que se lascar? Na constru\u00e7\u00e3o civil n\u00e3o tem nenhum grande programa habitacional, com imposto caro n\u00e3o tem apoio nenhum\u201d.<\/p>\n<p>Na segunda pergunta, Jo\u00e3o Alfredo (Psol) pediu para o Juiz Odilon (PDT) e Reinaldo Azambuja (PSDB) comentarem sobre o sal\u00e1rio de professores e do administrativo. Alfredo afirma que existem informa\u00e7\u00f5es erradas de campanha de que o sal\u00e1rio do professor no Estado \u00e9 o maior do pa\u00eds.<\/p>\n<p>Odilon afirmou ter sido alfabetizado com 17 anos e que o conhecimento \u00e9 fundamental para todos. \u201cConhe\u00e7o as 96 escolas municipais, dando palestra para retribuir parte daquilo que eu devo. O administrativo ganha R$ 900 por m\u00eas. Se tiver n\u00edvel superior, R$ 1,1 mil. \u00c9 uma desconsidera\u00e7\u00e3o. O Estado de MS n\u00e3o paga o maior sal\u00e1rio de professore. Quem paga \u00e9 um Estado mais pobre, R$ 5.750 e quem \u00e9 que dirige? Fl\u00e1vio Dino, meu colega de magistratura, saiu e \u00e9 governador que ser\u00e1 reeleito\u201d.<\/p>\n<p>Reinaldo rebateu as informa\u00e7\u00f5es. \u201cQuem vem ao debate tem que vir com conhecimento. Para toda a categoria, quem paga o maior \u00e9 o nosso Estado. Maranh\u00e3o paga isso para uma minoria. Avan\u00e7amos com tecnologia nas escolas, matr\u00edcula digital. Das 366 escolas, mesmo enfrentando a crise, 246 passaram por melhorias. Entregamos centros profissionalizantes\u201d.<\/p>\n<p>Na r\u00e9plica, Odilon disse que o Ensino M\u00e9dio \u00e9 de responsabilidade direta do Estado, \u2018e ca\u00edram nas notas divulgadas pelo Ideb hoje\u2019. A Fetems cita R$ 3701 sal\u00e1rio. Na realidade, o sal\u00e1rio do professor n\u00e3o chega ao sal\u00e1rio que \u00e9 pago pelo juiz federal Fl\u00e1vio Dino no Maranh\u00e3o\u201d.<\/p>\n<p>Terceira e quarta pergunta Em seguida, o sorteio definiu Juiz Odilon para perguntar, e Humberto Amaducci para responder, com coment\u00e1rio de Junior Mochi. O pedetista citou que quase 3 mil empresas fecharam as portas em MS, e questionou sobre projeto de desenvolvimento econ\u00f4mico para o Estado. Cooperativismo e associativismo, investir na economia solid\u00e1ria, e em pequenas e m\u00e9dias empresas. Vamos investir no grande, incentivo e apoio, com fiscaliza\u00e7\u00e3o. Para que o pequeno cres\u00e7a, e que o m\u00e9dio empres\u00e1rio se torne grande.<\/p>\n<p>Mochi teceu coment\u00e1rios atrelado a quest\u00f5es tribut\u00e1rias. \u201cEntendo que al\u00e9m de incentivos (fiscais), com fiscaliza\u00e7\u00e3o, temos que pensar nos investimentos para o micro e pequeno empres\u00e1rio, vinculando incentivo \u00e0 cria\u00e7\u00e3o de emprego\u201d, disse o emedebista. O petista disse que por todo Estado h\u00e1 um sentimento de inoper\u00e2ncia do governo tucano. \u201cPrecisamos democratizar o or\u00e7amento e radicalizar na participa\u00e7\u00e3o popular\u201d<\/p>\n<p>Na quarta pergunta, Junior Mochi perguntou a Jo\u00e3o Alfredo, com coment\u00e1rio de Marcelo Bluma. A quest\u00e3o foi sobre log\u00edstica e infraestrutura. Danieze disse que h\u00e1 141 rodovias estaduais com 14,4 mil km de rodovias em MS, entre pavimentas e n\u00e3o pavimentadas. \u201cTemos ferrovia parada h\u00e1 v\u00e1rios anos. N\u00e3o houve uma vontade pol\u00edtica do governo do Estado para mudar essa realidade\u201d, pontuou. Ele ainda destacou que a arrecada\u00e7\u00e3o de R$ 700 milh\u00f5es do Fundersul n\u00e3o s\u00e3o aplicados corretamente, al\u00e9m de serem gerenciados por um comit\u00ea, e afirmou que a \u2018Agricultura Familiar\u2019 n\u00e3o foi lembrada no governo de Reinaldo.<\/p>\n<p>E, por fim, disse que \u00e9 preciso ir atr\u00e1s da RUMO, concession\u00e1ria da ferrovia, para que ela volte a operar. Bluma comentou que a lei de cria\u00e7\u00e3o do Fundersul nasceu para atender estradas vicinais, Assembleia alterou a lei para permitir que recurso pudesse ser usado em recapeamento em \u00e1rea urbana. Retomar isso para fazer justi\u00e7a ao produtor rural. Jo\u00e3o Alfredo destacou que \u00e9 preciso retomar o funcionamento da malha ferrovi\u00e1ria. Disse que n\u00e3o houve incremento em log\u00edstica. \u201cPrecisamos fazer com que recursos cheguem realmente a quem precise\u201d, disse o Psolista.<\/p>\n<p>O \u00faltimo bloco foi dedicado \u00e0s considera\u00e7\u00f5es finais dos candidatos.<\/p>\n","protected":false},"excerpt":{"rendered":"<p>Os seis candidatos ao governo do Estado de Mato Grosso do Sul que participaram do\u00a0Debate&#8230;<\/p>\n","protected":false},"author":1,"featured_media":22207,"comment_status":"closed","ping_status":"closed","sticky":false,"template":"","format":"standard","meta":{"footnotes":""},"categories":[101,19],"tags":[],"class_list":["post-22206","post","type-post","status-publish","format-standard","has-post-thumbnail","hentry","category-eleicoes","category-politica"],"_links":{"self":[{"href":"https:\/\/www.corumbaonline.com.br\/news\/wp-json\/wp\/v2\/posts\/22206","targetHints":{"allow":["GET"]}}],"collection":[{"href":"https:\/\/www.corumbaonline.com.br\/news\/wp-json\/wp\/v2\/posts"}],"about":[{"href":"https:\/\/www.corumbaonline.com.br\/news\/wp-json\/wp\/v2\/types\/post"}],"author":[{"embeddable":true,"href":"https:\/\/www.corumbaonline.com.br\/news\/wp-json\/wp\/v2\/users\/1"}],"replies":[{"embeddable":true,"href":"https:\/\/www.corumbaonline.com.br\/news\/wp-json\/wp\/v2\/comments?post=22206"}],"version-history":[{"count":1,"href":"https:\/\/www.corumbaonline.com.br\/news\/wp-json\/wp\/v2\/posts\/22206\/revisions"}],"predecessor-version":[{"id":22208,"href":"https:\/\/www.corumbaonline.com.br\/news\/wp-json\/wp\/v2\/posts\/22206\/revisions\/22208"}],"wp:featuredmedia":[{"embeddable":true,"href":"https:\/\/www.corumbaonline.com.br\/news\/wp-json\/wp\/v2\/media\/22207"}],"wp:attachment":[{"href":"https:\/\/www.corumbaonline.com.br\/news\/wp-json\/wp\/v2\/media?parent=22206"}],"wp:term":[{"taxonomy":"category","embeddable":true,"href":"https:\/\/www.corumbaonline.com.br\/news\/wp-json\/wp\/v2\/categories?post=22206"},{"taxonomy":"post_tag","embeddable":true,"href":"https:\/\/www.corumbaonline.com.br\/news\/wp-json\/wp\/v2\/tags?post=22206"}],"curies":[{"name":"wp","href":"https:\/\/api.w.org\/{rel}","templated":true}]}}