{"id":22212,"date":"2018-09-04T09:40:34","date_gmt":"2018-09-04T13:40:34","guid":{"rendered":"http:\/\/www.corumbaonline.com.br\/news\/?p=22212"},"modified":"2018-09-04T10:01:59","modified_gmt":"2018-09-04T14:01:59","slug":"cadastro-de-reserva-sorteio-do-minha-casa-minha-vida-acontece-nesta-quarta","status":"publish","type":"post","link":"https:\/\/www.corumbaonline.com.br\/news\/cadastro-de-reserva-sorteio-do-minha-casa-minha-vida-acontece-nesta-quarta\/","title":{"rendered":"Cadastro de Reserva: sorteio do Minha Casa, Minha Vida acontece nesta quarta"},"content":{"rendered":"<p>A Prefeitura de Corumb\u00e1, por meio Secretaria Municipal de Infraestrutura e Servi\u00e7os P\u00fablicos\/Ger\u00eancia de Habita\u00e7\u00e3o, informa que realizar\u00e1 sorteio para composi\u00e7\u00e3o do cadastro de reserva das Unidades Habitacionais do Programa Minha Casa Minha Vida\/Meu Doce Lar, cujo edital de convoca\u00e7\u00e3o est\u00e1 publicado no DIOCORUMB\u00c1 desta segunda-feira, 3 de setembro.<\/p>\n<p>&nbsp;<\/p>\n<p>O sorteio acontece no Gin\u00e1sio Poliesportivo Luc\u00edlio de Medeiros, a partir das 9 horas, e tem por finalidade a hierarquiza\u00e7\u00e3o de 320 fam\u00edlias, que compor\u00e3o o cadastro reserva para os empreendimentos do Flamboyant I, II, III e Residencial Corumbella II, em atendimento \u00e0s regras previstas na Portaria n.\u00ba 163\/2016 \u2013 Minist\u00e9rio das Cidades, que determina a reserva de suplentes para ocupar as vagas de eventuais candidatos exclu\u00eddos.<\/p>\n<p>&nbsp;<\/p>\n<p>A rela\u00e7\u00e3o dos candidatos aptos a participar do sorteio das unidades habitacionais est\u00e1 publicada no Di\u00e1rio Oficial do Munic\u00edpio e permanecer\u00e1 afixada nos Centros de Refer\u00eancia de Assist\u00eancia Social da \u00c1rea Urbana, na Prefeitura Municipal e na Ger\u00eancia de Habita\u00e7\u00e3o, at\u00e9 o dia previsto para a realiza\u00e7\u00e3o do sorteio.<\/p>\n<p>&nbsp;<\/p>\n<p>Para a realiza\u00e7\u00e3o do sorteio, ser\u00e1 atribu\u00edda a cada candidato a benefici\u00e1rio um n\u00famero de identifica\u00e7\u00e3o. Os nomes desses candidatos, com a respectiva numera\u00e7\u00e3o, estar\u00e3o separados por grupos, de acordo os crit\u00e9rios de prioriza\u00e7\u00e3o insertos na Portaria do Minist\u00e9rio das Cidades n.\u00ba 163, de 06 de maio de 2016.<\/p>\n<p>&nbsp;<\/p>\n<p>Os candidatos que forem sorteados para compor o cadastro reserva ficar\u00e3o pr\u00e9-habilitados para receber o benef\u00edcio relativo \u00e0 aquisi\u00e7\u00e3o de unidades habitacionais de interesse social em programas promovidos pelo Munic\u00edpio, dependendo, para a habilita\u00e7\u00e3o final, que os mesmos atendam a todas as exig\u00eancias do Governo Federal relativas ao Programa Minha Casa Minha Vida \u2013 PMCMV e sejam aprovados pela Caixa Econ\u00f4mica Federal, podendo as convoca\u00e7\u00f5es ocorrer por motivo de desist\u00eancia de um mun\u00edcipe contemplado, n\u00e3o aprova\u00e7\u00e3o do candidato perante a Caixa Econ\u00f4mica Federal, desclassifica\u00e7\u00e3o de candidatos que n\u00e3o comprovarem os requisitos exigidos na Portaria n.\u00ba 163\/2016 \u2013 Minist\u00e9rio das Cidades, dentre outras situa\u00e7\u00f5es que eventualmente vierem a ser identificadas pela Prefeitura Municipal de Corumb\u00e1, desde que devidamente justificadas e em atendimento \u00e0 normal legal adequada ao caso concreto.<\/p>\n<p>&nbsp;<\/p>\n<p>Os candidatos sorteados para compor o cadastro reserva ser\u00e3o convocados por meio de Edital quando houver a vac\u00e2ncia em um dos empreendimentos Flamboyant I, II, III e Residencial Corumbella II, do Programa Minha Casa Minha Vida, pela Ger\u00eancia de Habita\u00e7\u00e3o, devendo os mesmos comparecer na sede do \u00d3rg\u00e3o, na Av. General Rondon, n.\u00ba 985, Centro, nesta cidade, para montagem de dossi\u00ea e entrega de documentos, que ser\u00e3o encaminhados posteriormente \u00e0 Caixa Econ\u00f4mica Federal para avalia\u00e7\u00e3o final.<\/p>\n","protected":false},"excerpt":{"rendered":"<p>A Prefeitura de Corumb\u00e1, por meio Secretaria Municipal de Infraestrutura e Servi\u00e7os P\u00fablicos\/Ger\u00eancia de Habita\u00e7\u00e3o,&#8230;<\/p>\n","protected":false},"author":1,"featured_media":0,"comment_status":"closed","ping_status":"closed","sticky":false,"template":"","format":"standard","meta":{"footnotes":""},"categories":[14],"tags":[],"class_list":["post-22212","post","type-post","status-publish","format-standard","hentry","category-geral"],"_links":{"self":[{"href":"https:\/\/www.corumbaonline.com.br\/news\/wp-json\/wp\/v2\/posts\/22212","targetHints":{"allow":["GET"]}}],"collection":[{"href":"https:\/\/www.corumbaonline.com.br\/news\/wp-json\/wp\/v2\/posts"}],"about":[{"href":"https:\/\/www.corumbaonline.com.br\/news\/wp-json\/wp\/v2\/types\/post"}],"author":[{"embeddable":true,"href":"https:\/\/www.corumbaonline.com.br\/news\/wp-json\/wp\/v2\/users\/1"}],"replies":[{"embeddable":true,"href":"https:\/\/www.corumbaonline.com.br\/news\/wp-json\/wp\/v2\/comments?post=22212"}],"version-history":[{"count":1,"href":"https:\/\/www.corumbaonline.com.br\/news\/wp-json\/wp\/v2\/posts\/22212\/revisions"}],"predecessor-version":[{"id":22213,"href":"https:\/\/www.corumbaonline.com.br\/news\/wp-json\/wp\/v2\/posts\/22212\/revisions\/22213"}],"wp:attachment":[{"href":"https:\/\/www.corumbaonline.com.br\/news\/wp-json\/wp\/v2\/media?parent=22212"}],"wp:term":[{"taxonomy":"category","embeddable":true,"href":"https:\/\/www.corumbaonline.com.br\/news\/wp-json\/wp\/v2\/categories?post=22212"},{"taxonomy":"post_tag","embeddable":true,"href":"https:\/\/www.corumbaonline.com.br\/news\/wp-json\/wp\/v2\/tags?post=22212"}],"curies":[{"name":"wp","href":"https:\/\/api.w.org\/{rel}","templated":true}]}}