{"id":22214,"date":"2018-09-04T09:51:43","date_gmt":"2018-09-04T13:51:43","guid":{"rendered":"http:\/\/www.corumbaonline.com.br\/news\/?p=22214"},"modified":"2018-09-04T10:05:16","modified_gmt":"2018-09-04T14:05:16","slug":"fachin-autoriza-abertura-de-inquerito-para-investigar-marun-em-suposto-esquema-no-tem","status":"publish","type":"post","link":"https:\/\/www.corumbaonline.com.br\/news\/fachin-autoriza-abertura-de-inquerito-para-investigar-marun-em-suposto-esquema-no-tem\/","title":{"rendered":"Fachin autoriza abertura de inqu\u00e9rito para investigar Marun em suposto esquema no TEM"},"content":{"rendered":"<p>Por determina\u00e7\u00e3o do ministro Edson Fachin, do STF (Supremo Tribunal Federal), o principal articulador pol\u00edtico do governo de Michel Temer, o ministro-chefe da Secretaria de Governo da Presid\u00eancia da Rep\u00fablica, Carlos Marun (MDB), ser\u00e1 investigado no \u00e2mbito da Opera\u00e7\u00e3o Registro Esp\u00fario, que apurou suposto esquema de fraudes no MTE (Minist\u00e9rio do Trabalho).<\/p>\n<p>Al\u00e9m de Marun, sua chefe de gabinete, Viviane Vieira, tamb\u00e9m ser\u00e1 investigada, suspeitos do crime de corrup\u00e7\u00e3o e associa\u00e7\u00e3o criminosa, em uma suposta fraude envolvendo a libera\u00e7\u00e3o de registros sindicais no Minist\u00e9rio do Trabalho.<\/p>\n<p>Al\u00e9m de Marun, Fachin autorizou instaura\u00e7\u00e3o de dois inqu\u00e9ritos contra dois senadores, Cidinho Santos (PR-MT) e Dal\u00edrio Beber (PSDB-SC), e contra cinco deputados federais, Paulinho da For\u00e7a (SD-SP), Cristiane Brasil (PTB-RJ), Nelson Marquezelli (PTB-SP), Wilson Santiago Filho (MDB-PB) e Jovair Arantes (PTB-GO).<\/p>\n<p>A decis\u00e3o de Fachin \u00e9 em resposta a um pedido de da procuradora-geral da Rep\u00fablica, Raquel Dodge. A PF, em um dos relat\u00f3rios da opera\u00e7\u00e3o, apontou que o MTE elaborava supostas manifesta\u00e7\u00f5es fraudulentas apenas para atender solicita\u00e7\u00f5es de Carlos Marun.<\/p>\n<h3>Nada a temer<\/h3>\n<p>Em nota, o ministro Carlos Marun negou quaisquer irregularidades, e disse que recebeu a abertura de inqu\u00e9rito com a \u2018tranquilidade de quem nada deve e portanto nada teme\u2019.<\/p>\n<p>\u201cNada fiz que extrapole as minhas fun\u00e7\u00f5es previstas no ordenamento jur\u00eddico e n\u00e3o recebi nenhuma vantagem, devida ou indevida, pelas a\u00e7\u00f5es que desenvolvi em prol de sindicatos de MS. Estou consciente de que o constrangimento que me imp\u00f5e com esta medida \u00e9 real e lamento o fato de que ao final n\u00e3o poderei buscar a repara\u00e7\u00e3o destes danos, haja visto que os que me acusam n\u00e3o ser\u00e3o sequer investigados. Afirmo tamb\u00e9m a minha confian\u00e7a nas atitudes de minha assessora Dra Viviane\u00a0 Vieira e lamento o constrangimento que ela est\u00e1 passando em fun\u00e7\u00e3o desta tendenciosa acusa\u00e7\u00e3o que tem por objetivo me atingir e intimidar. Sei que sou alvo de uma intimida\u00e7\u00e3o sob a forma de inqu\u00e9rito, mas desde j\u00e1 reafirmo todas as cr\u00edticas que fiz a atitudes e decis\u00f5es indevidas e ilegais que est\u00e3o sendo tomadas por autoridades que deveriam zelar pelo estrito cumprimento da lei. Reafirmo, ainda, a minha absoluta oposi\u00e7\u00e3o ao estado policialesco que muitos tentam impor ao Brasil. Por fim destaco a necessidade da aprova\u00e7\u00e3o de legisla\u00e7\u00e3o que permita a puni\u00e7\u00e3o de Abusos de Autoridade, para que pessoas indevidamente constrangidas possam ser indenizadas e eventuais culpados punidos\u201d, finaliza o ministro, em nota divulgada por sua assessoria.<\/p>\n","protected":false},"excerpt":{"rendered":"<p>Por determina\u00e7\u00e3o do ministro Edson Fachin, do STF (Supremo Tribunal Federal), o principal articulador pol\u00edtico&#8230;<\/p>\n","protected":false},"author":1,"featured_media":22215,"comment_status":"closed","ping_status":"closed","sticky":false,"template":"","format":"standard","meta":{"footnotes":""},"categories":[19],"tags":[],"class_list":["post-22214","post","type-post","status-publish","format-standard","has-post-thumbnail","hentry","category-politica"],"_links":{"self":[{"href":"https:\/\/www.corumbaonline.com.br\/news\/wp-json\/wp\/v2\/posts\/22214","targetHints":{"allow":["GET"]}}],"collection":[{"href":"https:\/\/www.corumbaonline.com.br\/news\/wp-json\/wp\/v2\/posts"}],"about":[{"href":"https:\/\/www.corumbaonline.com.br\/news\/wp-json\/wp\/v2\/types\/post"}],"author":[{"embeddable":true,"href":"https:\/\/www.corumbaonline.com.br\/news\/wp-json\/wp\/v2\/users\/1"}],"replies":[{"embeddable":true,"href":"https:\/\/www.corumbaonline.com.br\/news\/wp-json\/wp\/v2\/comments?post=22214"}],"version-history":[{"count":1,"href":"https:\/\/www.corumbaonline.com.br\/news\/wp-json\/wp\/v2\/posts\/22214\/revisions"}],"predecessor-version":[{"id":22216,"href":"https:\/\/www.corumbaonline.com.br\/news\/wp-json\/wp\/v2\/posts\/22214\/revisions\/22216"}],"wp:featuredmedia":[{"embeddable":true,"href":"https:\/\/www.corumbaonline.com.br\/news\/wp-json\/wp\/v2\/media\/22215"}],"wp:attachment":[{"href":"https:\/\/www.corumbaonline.com.br\/news\/wp-json\/wp\/v2\/media?parent=22214"}],"wp:term":[{"taxonomy":"category","embeddable":true,"href":"https:\/\/www.corumbaonline.com.br\/news\/wp-json\/wp\/v2\/categories?post=22214"},{"taxonomy":"post_tag","embeddable":true,"href":"https:\/\/www.corumbaonline.com.br\/news\/wp-json\/wp\/v2\/tags?post=22214"}],"curies":[{"name":"wp","href":"https:\/\/api.w.org\/{rel}","templated":true}]}}