{"id":22229,"date":"2018-09-04T11:03:49","date_gmt":"2018-09-04T15:03:49","guid":{"rendered":"http:\/\/www.corumbaonline.com.br\/news\/?p=22229"},"modified":"2018-09-04T11:24:25","modified_gmt":"2018-09-04T15:24:25","slug":"incendio-destruiu-acervo-unico-sobre-historia-africana-diz-curadora","status":"publish","type":"post","link":"https:\/\/www.corumbaonline.com.br\/news\/incendio-destruiu-acervo-unico-sobre-historia-africana-diz-curadora\/","title":{"rendered":"Inc\u00eandio destruiu acervo \u00fanico sobre hist\u00f3ria africana, diz curadora"},"content":{"rendered":"<p><em>Kumbukumbu<\/em>\u00a0\u00e9 uma palavra da l\u00edngua africana<em>\u00a0swahili\u00a0<\/em>que resgata uma dimens\u00e3o do passado que abre caminho para o futuro. Por esse simbolismo, a express\u00e3o dava nome \u00e0 exposi\u00e7\u00e3o sobre a arte africana do Museu Nacional, uma das que foram completamente destru\u00eddas pelo inc\u00eandio de domingo (2), no Rio de Janeiro.<\/p>\n<p>Entre as 185 pe\u00e7as expostas e consumidas pelo fogo estava o Trono de Daom\u00e9, reino africano que traficou pessoas escravizadas e tinha o Brasil como um de seus principais comparsas.<\/p>\n<div class=\"dnd-widget-wrapper context-cheio_8colunas type-image\">\n<div class=\"dnd-atom-rendered\">\n<figure class=\"mejs-fotoh-wrapper\">\n<p><figure style=\"width: 754px\" class=\"wp-caption alignnone\"><img loading=\"lazy\" decoding=\"async\" class=\"img-responsive full full\" title=\"T\u00e2nia R\u00eago\/Ag\u00eancia Brasil\/Ag\u00eancia Brasil\" src=\"http:\/\/imagens.ebc.com.br\/j3K7-M5iZW8zkrE6VnLjc2DQEB4=\/754x0\/smart\/http:\/\/agenciabrasil.ebc.com.br\/sites\/default\/files\/thumbnails\/image\/tnrgo_abr_0309184339.jpg?itok=7IuYZph-\" alt=\"Um inc\u00eandio de propor\u00e7\u00f5es ainda incalcul\u00e1veis atingiu, no come\u00e7o da noite deste domingo (2), o Museu Nacional do Rio de Janeiro, na Quinta da Boa Vista, em S\u00e3o Crist\u00f3v\u00e3o, na zona norte da capital fluminense\" width=\"754\" height=\"503\" \/><figcaption class=\"wp-caption-text\">Inc\u00eandio destruiu acervo do Museu Nacional, no Rio de Janeiro (T\u00e2nia R\u00eago\/Ag\u00eancia Brasil)<\/figcaption><\/figure><\/figure>\n<\/div>\n<\/div>\n<p>A sand\u00e1lia e a toca real tamb\u00e9m estavam expostas como registros do reino que deixou de existir ao ser dominado pelos franceses em 1904.<\/p>\n<p>As pe\u00e7as foram um presente do Rei Adandozan a D. Jo\u00e3o VI, em 1811, e estava no acervo do museu desde sua funda\u00e7\u00e3o. Essa cole\u00e7\u00e3o faz parte de um acervo com um total de 700 pe\u00e7as, que inclui o que estava na reserva t\u00e9cnica.<\/p>\n<p>Praticamente tudo se perdeu, segundo a curadora da exposi\u00e7\u00e3o, Mariza Soares.\u00a0<a href=\"http:\/\/www.museunacional.ufrj.br\/dir\/exposicoes\/etnologia\/LivroKumbukumbu.pdf\" target=\"_blank\" rel=\"noopener noreferrer\">O cat\u00e1logo da exposi\u00e7\u00e3o est\u00e1 dispon\u00edvel online<\/a>.<\/p>\n<p>Tecidos alaka, feitos em tear na costa ocidental da \u00c1frica na primeira metade do s\u00e9culo XX, s\u00e3o outras pe\u00e7as de destaque da exposi\u00e7\u00e3o, que tamb\u00e9m contava com uma presa de marfim esculpida no s\u00e9culo XIX na Bacia do Rio Congo. A presa de elefante era considerada uma das maiores j\u00e1 expostas em um museu.<\/p>\n<h2>Resist\u00eancia das religi\u00f5es<\/h2>\n<p>Uma das partes mais importantes da exposi\u00e7\u00e3o era a que contava pouco da resist\u00eancia das religi\u00f5es de matriz africana no Brasil, com objetos ritual\u00edsticos do candombl\u00e9, que foram confiscados pela pol\u00edcia do Rio de Janeiro desde o imp\u00e9rio, quando a pr\u00e1tica da religi\u00e3o era proibida por lei.<\/p>\n<p>Diretor do Museu Nacional durante o S\u00e9culo XIX, Ladislau Netto pediu \u00e0 Pol\u00edcia da Corte que encaminhasse os objetos apreendidos para estudo no museu, e assim come\u00e7ou a se formar a cole\u00e7\u00e3o que preservava antigas t\u00e9cnicas de metalurgia e da arte em madeira que confeccionaram os materiais usados nas pr\u00e1ticas religiosas da \u00faltima gera\u00e7\u00e3o de africanos traficados para Brasil e de seus descendentes diretos.<\/p>\n<p>A exposi\u00e7\u00e3o contava ainda com importantes estatuetas de orix\u00e1s esculpidos em madeira pelo artista popular Afonso de Santa Isabel e adicionadas ao acervo entre 1940 e 1950.<\/p>\n<p>Os objetos faziam parte da cole\u00e7\u00e3o de Heloisa Alberto Torres, ex-diretora do museu que viajou \u00e0 Bahia no S\u00e9culo XX para reunir objetos das principais casas de candombl\u00e9 do rec\u00f4ncavo baiano.<\/p>\n<p>A curadora da\u00a0<em>Kumbukumbu<\/em>\u00a0conta que o trabalho feito na montagem da exposi\u00e7\u00e3o buscou revalorizar a cultura africana e, ao mesmo tempo, discutir as rela\u00e7\u00f5es raciais no Brasil, pa\u00eds que mais demorou a abolir a escravid\u00e3o.<\/p>\n<p>&#8220;Foi uma oportunidade incr\u00edvel justamente para a gente recuperar toda uma discuss\u00e3o a respeito das rela\u00e7\u00f5es raciais no Brasil, da import\u00e2ncia do estudo da hist\u00f3ria da \u00c1frica para se entender o Brasil, de se discutir a quest\u00e3o da escravid\u00e3o e como ela impacta de forma muito negativa a sociedade brasileira&#8221;, lembrou a pesquisadora, enquanto acompanhava o trabalho dos bombeiros nos escombros do Museu Nacional.<\/p>\n<h2>Museu suburbano<\/h2>\n<p>Apesar de ser famoso por ter abrigado a resid\u00eancia da fam\u00edlia imperial, o Museu Nacional \u00e9 parte do sub\u00farbio carioca, e a Quinta da Boa Vista, onde ele fica, \u00e9 uma das principais \u00e1reas de lazer dessa regi\u00e3o da cidade.<\/p>\n<p>Localizado na zona norte do Rio de Janeiro e vizinho de comunidades como a Mangueira e o Tuiuti, o Museu Nacional recebia muitas visitas de escolas p\u00fablicas e tinha acesso f\u00e1cil para moradores da periferia, que podiam usar o trem e o metr\u00f4 para chegar ao local partindo de diversos pontos da zona oeste, zona norte e Baixada Fluminense.<\/p>\n<p>&#8220;Buscamos trazer tamb\u00e9m uma discuss\u00e3o sobre a pobreza no Brasil, onde a popula\u00e7\u00e3o negra \u00e9 um percentual imenso da popula\u00e7\u00e3o pobre, da popula\u00e7\u00e3o carcer\u00e1ria e da popula\u00e7\u00e3o assassinada&#8221;, disse a curadora, que lamentou a destrui\u00e7\u00e3o de um acervo que tinha caracter\u00edsticas \u00fanicas, mesmo se comparado a grandes museus do mundo.<\/p>\n<p>&#8220;A nossa cole\u00e7\u00e3o tinha uma parte que chegou como um presente para Dom Jo\u00e3o, ent\u00e3o era uma cole\u00e7\u00e3o muito antiga e muito valiosa. A gente pode recuperar um invent\u00e1rio do que existiu, mas o que existiu est\u00e1 perdido. Agora e para todas as gera\u00e7\u00f5es que vir\u00e3o&#8221;.<\/p>\n<p>Professor da etnologia, departamento que abrigava a exposi\u00e7\u00e3o, Ant\u00f4nio Carlos de Souza Lima acrescenta que tamb\u00e9m foram perdidas pe\u00e7as ind\u00edgenas de tribos que n\u00e3o existem mais, artefatos maoris, jades indianas e at\u00e9 uma armadura samurai.<\/p>\n<p>&#8220;A perda da etnologia \u00e9 irrepar\u00e1vel. Isso \u00e9 resultado de d\u00e9cadas de descaso das elites pol\u00edticas. \u00c9 um retrato do que a elite financeira e pol\u00edtica pensa do que \u00e9 o Brasil&#8221;, finalizou.<\/p>\n","protected":false},"excerpt":{"rendered":"<p>Kumbukumbu\u00a0\u00e9 uma palavra da l\u00edngua africana\u00a0swahili\u00a0que resgata uma dimens\u00e3o do passado que abre caminho para&#8230;<\/p>\n","protected":false},"author":1,"featured_media":0,"comment_status":"closed","ping_status":"closed","sticky":false,"template":"","format":"standard","meta":{"footnotes":""},"categories":[7,14],"tags":[],"class_list":["post-22229","post","type-post","status-publish","format-standard","hentry","category-cultura","category-geral"],"_links":{"self":[{"href":"https:\/\/www.corumbaonline.com.br\/news\/wp-json\/wp\/v2\/posts\/22229","targetHints":{"allow":["GET"]}}],"collection":[{"href":"https:\/\/www.corumbaonline.com.br\/news\/wp-json\/wp\/v2\/posts"}],"about":[{"href":"https:\/\/www.corumbaonline.com.br\/news\/wp-json\/wp\/v2\/types\/post"}],"author":[{"embeddable":true,"href":"https:\/\/www.corumbaonline.com.br\/news\/wp-json\/wp\/v2\/users\/1"}],"replies":[{"embeddable":true,"href":"https:\/\/www.corumbaonline.com.br\/news\/wp-json\/wp\/v2\/comments?post=22229"}],"version-history":[{"count":1,"href":"https:\/\/www.corumbaonline.com.br\/news\/wp-json\/wp\/v2\/posts\/22229\/revisions"}],"predecessor-version":[{"id":22230,"href":"https:\/\/www.corumbaonline.com.br\/news\/wp-json\/wp\/v2\/posts\/22229\/revisions\/22230"}],"wp:attachment":[{"href":"https:\/\/www.corumbaonline.com.br\/news\/wp-json\/wp\/v2\/media?parent=22229"}],"wp:term":[{"taxonomy":"category","embeddable":true,"href":"https:\/\/www.corumbaonline.com.br\/news\/wp-json\/wp\/v2\/categories?post=22229"},{"taxonomy":"post_tag","embeddable":true,"href":"https:\/\/www.corumbaonline.com.br\/news\/wp-json\/wp\/v2\/tags?post=22229"}],"curies":[{"name":"wp","href":"https:\/\/api.w.org\/{rel}","templated":true}]}}