{"id":22252,"date":"2018-09-05T08:27:44","date_gmt":"2018-09-05T12:27:44","guid":{"rendered":"http:\/\/www.corumbaonline.com.br\/news\/?p=22252"},"modified":"2018-09-05T08:41:31","modified_gmt":"2018-09-05T12:41:31","slug":"fachin-rejeita-julgamento-presencial-de-recurso-de-lula-no-stf","status":"publish","type":"post","link":"https:\/\/www.corumbaonline.com.br\/news\/fachin-rejeita-julgamento-presencial-de-recurso-de-lula-no-stf\/","title":{"rendered":"Fachin rejeita julgamento presencial de recurso de Lula no STF"},"content":{"rendered":"<p>O ministro Edson Fachin, do Supremo Tribunal Federal (STF), negou <span id=\"OBJ_PREFIX_DWT5000_com_zimbra_date\">ontem <\/span>(4) pedido feito pela defesa do ex-presidente Luiz In\u00e1cio Lula da Silva para que um pedido de liberdade seja julgado presencialmente, e n\u00e3o de forma eletr\u00f4nica, pela\u00a0<span id=\"OBJ_PREFIX_DWT5001_com_zimbra_date\">Segunda<\/span>\u00a0Turma da Corte.<\/p>\n<p>No m\u00eas passado, Fachin\u00a0<a href=\"http:\/\/agenciabrasil.ebc.com.br\/justica\/noticia\/2018-08\/fachin-libera-para-julgamento-recurso-de-lula-contra-prisao\" target=\"_blank\" rel=\"noopener noreferrer\">liberou o recurso <\/a>para julgamento em ambiente virtual, quando os ministros do STF podem decidir remotamente sobre uma quest\u00e3o que trate de temas com jurisprud\u00eancia j\u00e1 consolidada. O julgamento est\u00e1 marcado para ocorrer entre os dias 7 e\u00a0<span id=\"OBJ_PREFIX_DWT5002_com_zimbra_date\">13 de setembro<\/span>.<\/p>\n<p>Segundo a defesa de Lula, o caso deve julgado presencialmente porque poderia resultar em debates acerca de mudan\u00e7a no entendimento da Corte sobre a autoriza\u00e7\u00e3o para a execu\u00e7\u00e3o de condena\u00e7\u00f5es ap\u00f3s o fim dos recursos na\u00a0<span id=\"OBJ_PREFIX_DWT5003_com_zimbra_date\">segunda <\/span>inst\u00e2ncia da Justi\u00e7a.<\/p>\n<p>Na apela\u00e7\u00e3o, apresentada ainda em abril, a defesa de Lula voltou a questionar se a pris\u00e3o ap\u00f3s condena\u00e7\u00e3o na\u00a0<span id=\"OBJ_PREFIX_DWT5004_com_zimbra_date\">segunda<\/span>\u00a0inst\u00e2ncia deveria\u00a0<span id=\"OBJ_PREFIX_DWT5005_com_zimbra_date\">ter<\/span>\u00a0sido autom\u00e1tica, uma vez que, segundo os advogados, a ordem de encarceramento contra o ex-presidente n\u00e3o teria sido adequadamente fundamentada.<\/p>\n<p>Lula foi preso em\u00a0<span id=\"OBJ_PREFIX_DWT5006_com_zimbra_date\">7 de abril<\/span>, tr\u00eas dias depois de o plen\u00e1rio do STF\u00a0<span id=\"OBJ_PREFIX_DWT5007_com_zimbra_date\">ter<\/span>\u00a0negado, por 6 votos a 5, um habeas corpus para impedir sua pris\u00e3o. Desde ent\u00e3o, ele se encontra na Superintend\u00eancia da Pol\u00edcia Federal em Curitiba.<\/p>\n<p>Ele foi condenado a 12 anos e um m\u00eas de pris\u00e3o, na a\u00e7\u00e3o penal do caso do tr\u00edplex em Guaruj\u00e1 (SP), senten\u00e7a que foi confirmada pelo Tribunal Regional Federal da 4\u00aa Regi\u00e3o, sediado em Porto Alegre, segunda inst\u00e2ncia da Justi\u00e7a Federal.<\/p>\n","protected":false},"excerpt":{"rendered":"<p>O ministro Edson Fachin, do Supremo Tribunal Federal (STF), negou ontem (4) pedido feito pela&#8230;<\/p>\n","protected":false},"author":1,"featured_media":0,"comment_status":"closed","ping_status":"closed","sticky":false,"template":"","format":"standard","meta":{"footnotes":""},"categories":[101,19],"tags":[],"class_list":["post-22252","post","type-post","status-publish","format-standard","hentry","category-eleicoes","category-politica"],"_links":{"self":[{"href":"https:\/\/www.corumbaonline.com.br\/news\/wp-json\/wp\/v2\/posts\/22252","targetHints":{"allow":["GET"]}}],"collection":[{"href":"https:\/\/www.corumbaonline.com.br\/news\/wp-json\/wp\/v2\/posts"}],"about":[{"href":"https:\/\/www.corumbaonline.com.br\/news\/wp-json\/wp\/v2\/types\/post"}],"author":[{"embeddable":true,"href":"https:\/\/www.corumbaonline.com.br\/news\/wp-json\/wp\/v2\/users\/1"}],"replies":[{"embeddable":true,"href":"https:\/\/www.corumbaonline.com.br\/news\/wp-json\/wp\/v2\/comments?post=22252"}],"version-history":[{"count":1,"href":"https:\/\/www.corumbaonline.com.br\/news\/wp-json\/wp\/v2\/posts\/22252\/revisions"}],"predecessor-version":[{"id":22253,"href":"https:\/\/www.corumbaonline.com.br\/news\/wp-json\/wp\/v2\/posts\/22252\/revisions\/22253"}],"wp:attachment":[{"href":"https:\/\/www.corumbaonline.com.br\/news\/wp-json\/wp\/v2\/media?parent=22252"}],"wp:term":[{"taxonomy":"category","embeddable":true,"href":"https:\/\/www.corumbaonline.com.br\/news\/wp-json\/wp\/v2\/categories?post=22252"},{"taxonomy":"post_tag","embeddable":true,"href":"https:\/\/www.corumbaonline.com.br\/news\/wp-json\/wp\/v2\/tags?post=22252"}],"curies":[{"name":"wp","href":"https:\/\/api.w.org\/{rel}","templated":true}]}}