{"id":2226,"date":"2017-03-24T16:00:16","date_gmt":"2017-03-24T20:00:16","guid":{"rendered":"http:\/\/www.corumbaonline.com.br\/news\/?p=2226"},"modified":"2017-03-24T16:00:16","modified_gmt":"2017-03-24T20:00:16","slug":"com-ibama-prefeito-discute-combate-as-queimadas-em-corumba","status":"publish","type":"post","link":"https:\/\/www.corumbaonline.com.br\/news\/com-ibama-prefeito-discute-combate-as-queimadas-em-corumba\/","title":{"rendered":"Com Ibama, prefeito discute combate \u00e0s queimadas em Corumb\u00e1"},"content":{"rendered":"<p>O combate aos inc\u00eandios florestais no Pantanal de Corumb\u00e1 foi tema de reuni\u00e3o do prefeito Ruiter Cunha de Oliveira com o superintendente do Ibama de Mato Grosso do Sul, Ant\u00f4nio de Castro Vieira, e coordenador do Prevfogo\/MS, M\u00e1rcio Yule, na manh\u00e3 desta sexta-feira, 24 de mar\u00e7o. Tamb\u00e9m participou do encontro a diretora-presidente da Funda\u00e7\u00e3o de Meio Ambiente do Pantanal, Ana Cl\u00e1udia Boabaid.<\/p>\n<p>A discuss\u00e3o, neste momento, se justifica porque no ano passado, Corumb\u00e1 foi a cidade brasileira com maior incid\u00eancia de queimadas, registrando mais de 4 mil focos. Em 2017, o munic\u00edpio segue com os maiores \u00edndices do pa\u00eds, com 367 focos. Os dados s\u00e3o do Instituto Nacional de Pesquisas Espaciais (INPE).<\/p>\n<p>Coordenador do Prevfogo\/MS, M\u00e1rcio Yule antecipou ao prefeito que para este ano o Ibama aumentou o n\u00famero de brigadistas para Corumb\u00e1 e que o instituto inicia em 2017 a trabalhar com a pr\u00e1tica do manejo do fogo na regi\u00e3o pantaneira.<\/p>\n<p>\u201cEstamos aumentando o contingente da brigada tempor\u00e1ria de Corumb\u00e1 de 16 para 21 componentes. Em maio, devem come\u00e7ar as inscri\u00e7\u00f5es, com treinamentos e escolha dos componentes entre maio e junho e opera\u00e7\u00e3o de julho at\u00e9 dezembro. Estamos trabalhando muito mais com o manejo do fogo, antes do per\u00edodo cr\u00edtico fazer a queima controlada. A queima controlada evita o inc\u00eandio florestal. Estamos com manejo em determinadas \u00e1reas para evitar o inc\u00eandio florestal, que traz preju\u00edzos ambientais, econ\u00f4micos e a sa\u00fade. Ano passado acompanhamos, no Pantanal da Nhecol\u00e2ndia e do Amolar, t\u00e9cnicos do servi\u00e7o florestal americano nessa t\u00e9cnica de manejo do fogo. O Ibama desenvolve no Tocantins e Mato Grosso e estamos trazendo essa t\u00e9cnica para c\u00e1\u201d, afirmou o coordenador ao destacar que o Ibama contou com grande apoio da Prefeitura nas duas gest\u00f5es anteriores do prefeito Ruiter Cunha \u2013 de 2005 a 2012.<\/p>\n<p>O superintendente regional, Ant\u00f4nio de Castro Vieira, informou que o escrit\u00f3rio do Ibama na cidade tamb\u00e9m vai receber novos servidores, ampliando a qualidade do servi\u00e7o prestado \u00e0 popula\u00e7\u00e3o. \u201cNossa unidade de Corumb\u00e1 vai receber mais tr\u00eas servidores, ampliamos nossa brigada para efetivo com 21 pessoas e, estamos indo al\u00e9m. Vamos buscar as brigadas volunt\u00e1rias num plano piloto, ainda este ano\u201d, explicou Vieira ao chefe do Executivo Municipal.<\/p>\n<p>De acordo com o prefeito Ruiter Cunha de Oliveira, a reuni\u00e3o mostrou a aten\u00e7\u00e3o do Executivo com a situa\u00e7\u00e3o das queimadas no Pantanal corumbaense e refor\u00e7ou a parceria da Prefeitura com o Ibama. \u201cEstreitamos esse relacionamento para que, de fato, possamos melhorar as condi\u00e7\u00f5es de preserva\u00e7\u00e3o e prote\u00e7\u00e3o desse ecossistema que \u00e9 o nosso Pantanal. O Ibama vai aumentar o n\u00famero de brigadistas de combate a inc\u00eandio, no ano passado e come\u00e7o deste a quantidade de focos foi alta e trouxe problemas, afetou a sa\u00fade das pessoas. Preparando melhor, tendo condi\u00e7\u00f5es de enfrentamento teremos situa\u00e7\u00e3o maior de garantir seguran\u00e7a e prote\u00e7\u00e3o maior ao Pantanal\u201d.<\/p>\n","protected":false},"excerpt":{"rendered":"<p>O combate aos inc\u00eandios florestais no Pantanal de Corumb\u00e1 foi tema de reuni\u00e3o do prefeito&#8230;<\/p>\n","protected":false},"author":2,"featured_media":2227,"comment_status":"closed","ping_status":"open","sticky":false,"template":"","format":"standard","meta":{"footnotes":""},"categories":[8,17],"tags":[],"class_list":["post-2226","post","type-post","status-publish","format-standard","has-post-thumbnail","hentry","category-destaque","category-meio-ambiente"],"_links":{"self":[{"href":"https:\/\/www.corumbaonline.com.br\/news\/wp-json\/wp\/v2\/posts\/2226","targetHints":{"allow":["GET"]}}],"collection":[{"href":"https:\/\/www.corumbaonline.com.br\/news\/wp-json\/wp\/v2\/posts"}],"about":[{"href":"https:\/\/www.corumbaonline.com.br\/news\/wp-json\/wp\/v2\/types\/post"}],"author":[{"embeddable":true,"href":"https:\/\/www.corumbaonline.com.br\/news\/wp-json\/wp\/v2\/users\/2"}],"replies":[{"embeddable":true,"href":"https:\/\/www.corumbaonline.com.br\/news\/wp-json\/wp\/v2\/comments?post=2226"}],"version-history":[{"count":0,"href":"https:\/\/www.corumbaonline.com.br\/news\/wp-json\/wp\/v2\/posts\/2226\/revisions"}],"wp:featuredmedia":[{"embeddable":true,"href":"https:\/\/www.corumbaonline.com.br\/news\/wp-json\/"}],"wp:attachment":[{"href":"https:\/\/www.corumbaonline.com.br\/news\/wp-json\/wp\/v2\/media?parent=2226"}],"wp:term":[{"taxonomy":"category","embeddable":true,"href":"https:\/\/www.corumbaonline.com.br\/news\/wp-json\/wp\/v2\/categories?post=2226"},{"taxonomy":"post_tag","embeddable":true,"href":"https:\/\/www.corumbaonline.com.br\/news\/wp-json\/wp\/v2\/tags?post=2226"}],"curies":[{"name":"wp","href":"https:\/\/api.w.org\/{rel}","templated":true}]}}