{"id":22299,"date":"2018-09-06T09:12:16","date_gmt":"2018-09-06T13:12:16","guid":{"rendered":"http:\/\/www.corumbaonline.com.br\/news\/?p=22299"},"modified":"2018-09-06T10:24:28","modified_gmt":"2018-09-06T14:24:28","slug":"inscricoes-para-1-350-vagas-em-cursos-tecnicos-integrados-do-ifms-comecam-na-segunda-feira","status":"publish","type":"post","link":"https:\/\/www.corumbaonline.com.br\/news\/inscricoes-para-1-350-vagas-em-cursos-tecnicos-integrados-do-ifms-comecam-na-segunda-feira\/","title":{"rendered":"Inscri\u00e7\u00f5es para 1.350 vagas em cursos t\u00e9cnicos integrados do IFMS come\u00e7am na segunda-feira"},"content":{"rendered":"<p>O Instituto Federal de Mato Grosso do Sul (IFMS) abre na segunda-feira, 10, as inscri\u00e7\u00f5es no Exame de Sele\u00e7\u00e3o 2019, processo seletivo para ingresso em cursos t\u00e9cnicos integrados ao ensino m\u00e9dio. S\u00e3o ofertadas 1.350 vagas distribu\u00eddas em Aquidauana, Campo Grande, Corumb\u00e1, Coxim, Dourados, Jardim, Navira\u00ed, Nova Andradina, Ponta Por\u00e3 e Tr\u00eas Lagoas.<\/p>\n<p>S\u00e3o oferecidas nove op\u00e7\u00f5es de cursos t\u00e9cnicos integrados: Agricultura, Agropecu\u00e1ria, Alimentos, Edifica\u00e7\u00f5es, Eletrot\u00e9cnica, Inform\u00e1tica, Inform\u00e1tica para Internet, Mec\u00e2nica e Metalurgia.<\/p>\n<p>Para concorrer a uma das vagas, o candidato deve ter conclu\u00eddo o ensino fundamental ou equivalente at\u00e9 a data da matr\u00edcula no IFMS, prevista para janeiro de 2019. Outra regra \u00e9 que o estudante tenha o Cadastro de Pessoa F\u00edsica (CPF) em seu nome, j\u00e1 que o n\u00famero dever\u00e1 ser informado no ato da inscri\u00e7\u00e3o.<\/p>\n<p>O\u00a0<a href=\"http:\/\/www.ifms.edu.br:9000\/lists\/lt.php?tid=KxlRB1EOW1FWUEtWAVRdTlBQA1JOAAtdAhsPVApVAwRQBlYCVV0fA1IHAwZTUlJOUAFUVE4NDgwDG1lXVlFPBwFSUVRSCgZUVAUFH1ICAwYCUlcDTghaXAYbDFZQBk8JVlZUH1AKVgBWAgNWVAIABw\" target=\"_blank\" rel=\"noopener noreferrer\">edital de abertura do Exame de Sele\u00e7\u00e3o 2019<\/a>\u00a0est\u00e1 dispon\u00edvel na Central de Sele\u00e7\u00e3o do IFMS. O candidato deve ler o documento atentamente para compreender as regras do processo seletivo e n\u00e3o perder os prazos do cronograma.<\/p>\n<p><strong>Inscri\u00e7\u00f5es\u00a0<\/strong>&#8211; Dever\u00e3o ser feitas at\u00e9 5 de novembro, pela Central de Sele\u00e7\u00e3o.<\/p>\n<p>Primeiro, o interessado dever\u00e1 fazer o cadastro na P\u00e1gina do Candidato da Central de Sele\u00e7\u00e3o. Quem j\u00e1 \u00e9 cadastrado no sistema n\u00e3o precisa preencher os dados novamente. Depois, \u00e9 s\u00f3 fazer a inscri\u00e7\u00e3o, escolhendo uma das op\u00e7\u00f5es de campus, curso e turno oferecidos pelo IFMS.<\/p>\n<p>Em caso de d\u00favidas, o candidato poder\u00e1 consultar as\u00a0<a href=\"http:\/\/www.ifms.edu.br:9000\/lists\/lt.php?tid=KxlUAFdZBwJbWEtWBwJTTlBcC1tOAFlaVBtdVwRRUQIAAANRVl0fA1IHAwZTUlJOUAFUVE4NDgwDG1lXVlFPBwFSUVRSCgZUVAUFH1ICAwYCUlcDTghaXAYbDFZQBk8JVlZUH1AKVgBWAgNWVAIABw\" target=\"_blank\" rel=\"noopener noreferrer\">Orienta\u00e7\u00f5es para Cadastro e Inscri\u00e7\u00e3o<\/a>.<\/p>\n<p>Importante: s\u00f3 ser\u00e3o aceitas inscri\u00e7\u00f5es feitas com o CPF do pr\u00f3prio candidato. N\u00e3o s\u00e3o aceitos os n\u00fameros do documento dos pais ou respons\u00e1veis.<\/p>\n<p>O valor da taxa de inscri\u00e7\u00e3o \u00e9 de R$ 25,00, e o pagamento poder\u00e1 ser feito at\u00e9 8 de novembro.<\/p>\n<p>Os candidatos que apresentarem documento que comprove escolaridade em escola p\u00fablica ficar\u00e3o isentos da taxa de inscri\u00e7\u00e3o. O pedido de isen\u00e7\u00e3o dever\u00e1 ser feito entre 10 de setembro e 19 de outubro, no ato da inscri\u00e7\u00e3o, selecionando o item \u201cIsento\u201d e anexando o documento comprobat\u00f3rio.<\/p>\n<p><strong>A\u00e7\u00e3o Afirmativa<\/strong>\u00a0&#8211; Metade das vagas oferecidas \u00e9 reservada a candidatos que cursaram todas as s\u00e9ries do ensino fundamental na rede p\u00fablica. Desse total, h\u00e1 cotas aos que comprovarem renda familiar bruta mensal per capita \u00a0igual ou inferior a 1,5 sal\u00e1rio m\u00ednimo, aos que se autodeclararem pretos, pardos e ind\u00edgenas, e a pessoas com defici\u00eancia.<\/p>\n<p>A op\u00e7\u00e3o de benefici\u00e1rio de a\u00e7\u00e3o afirmativa (cotista) dever\u00e1 ser informada no ato da inscri\u00e7\u00e3o. Para mais informa\u00e7\u00f5es sobre o assunto, o candidato interessado dever\u00e1 ler atentamente ao item 2 do edital.<\/p>\n<p>No anexo II do edital est\u00e1 disponibilizada a\u00a0<a href=\"http:\/\/www.ifms.edu.br:9000\/lists\/lt.php?tid=KxkBBVQBUQdbVksBVQcETlADBQFOWFwABRsPXgdWAwdQBwdRAF0fA1IHAwZTUlJOUAFUVE4NDgwDG1lXVlFPBwFSUVRSCgZUVAUFH1ICAwYCUlcDTghaXAYbDFZQBk8JVlZUH1AKVgBWAgNWVAIABw\" target=\"_blank\" rel=\"noopener noreferrer\">tabela completa<\/a>\u00a0das vagas, com as divis\u00f5es para candidatos de ampla concorr\u00eancia e das a\u00e7\u00f5es afirmativas.<\/p>\n<p><strong>Prova\u00a0<\/strong>&#8211; Ser\u00e1 aplicada no dia 25 de novembro, nos dez munic\u00edpios onde o IFMS tem campus.<\/p>\n<p>Os candidatos dever\u00e3o responder 50 quest\u00f5es de m\u00faltipla escolha, sendo 20 de l\u00edngua portuguesa, 20 de matem\u00e1tica e 10 de conhecimentos gerais, conforme\u00a0<a href=\"http:\/\/www.ifms.edu.br:9000\/lists\/lt.php?tid=KxkABgcNAlNbB0tTVVJWTlBVBVVOWw0KUBsBUwsEVFRQUgYCUwwfA1IHAwZTUlJOUAFUVE4NDgwDG1lXVlFPBwFSUVRSCgZUVAUFH1ICAwYCUlcDTghaXAYbDFZQBk8JVlZUH1AKVgBWAgNWVAIABw\" target=\"_blank\" rel=\"noopener noreferrer\">conte\u00fado program\u00e1tico<\/a>\u00a0disponibilizado.<\/p>\n<p>O gabarito dever\u00e1 ser divulgado no dia seguinte. A previs\u00e3o \u00e9 que resultado final do Exame de Sele\u00e7\u00e3o 2019 e a primeira chamada sejam publicados no dia 19 de dezembro, com matr\u00edculas em janeiro do ano que vem.<\/p>\n<p>Em caso de d\u00favidas sobre o processo seletivo, o contato com a Comiss\u00e3o do Exame de Sele\u00e7\u00e3o 2019 deve ser feito pelo e-mail processoseletivo@ifms.edu.br.<\/p>\n<p><strong>T\u00e9cnico Integrado<\/strong>\u00a0&#8211; O estudante cursa, ao mesmo tempo, o ensino m\u00e9dio regular e a forma\u00e7\u00e3o profissional e tecnol\u00f3gica escolhida. Ap\u00f3s se formar, o diploma possibilitar\u00e1 o ingresso na universidade ou no mundo de trabalho.<\/p>\n<p>No IFMS, todos os cursos s\u00e3o oferecidos gratuitamente.<\/p>\n<p>Mais informa\u00e7\u00f5es sobre cada op\u00e7\u00e3o ofertada pelo Exame de Sele\u00e7\u00e3o 2019 est\u00e3o dispon\u00edveis na p\u00e1gina dos\u00a0<a href=\"http:\/\/www.ifms.edu.br:9000\/lists\/lt.php?tid=KxlQBAcKVwAFV0tXUlhSTlAHU1dOW10PAhsJVlcCBFRSV1YLBw8fA1IHAwZTUlJOUAFUVE4NDgwDG1lXVlFPBwFSUVRSCgZUVAUFH1ICAwYCUlcDTghaXAYbDFZQBk8JVlZUH1AKVgBWAgNWVAIABw\" target=\"_blank\" rel=\"noopener noreferrer\">Cursos T\u00e9cnicos Integrados<\/a>.<\/p>\n<p><strong>Quadro de Vagas<\/strong><\/p>\n<table border=\"1\" width=\"90%\" cellspacing=\"0\" cellpadding=\"0\">\n<tbody>\n<tr>\n<td><strong>Munic\u00edpio<\/strong><\/td>\n<td><strong>Curso<\/strong><\/td>\n<td><strong>Turno<\/strong><\/td>\n<td><strong>Vagas<\/strong><\/td>\n<\/tr>\n<tr>\n<td rowspan=\"4\">Aquidauana<\/td>\n<td rowspan=\"2\">Edifica\u00e7\u00f5es<\/td>\n<td>Matutino<\/td>\n<td>40<\/td>\n<\/tr>\n<tr>\n<td>Vespertino<\/td>\n<td>40<\/td>\n<\/tr>\n<tr>\n<td rowspan=\"2\">Inform\u00e1tica<\/td>\n<td>Matutino<\/td>\n<td>40<\/td>\n<\/tr>\n<tr>\n<td>Vespertino<\/td>\n<td>40<\/td>\n<\/tr>\n<tr>\n<td rowspan=\"3\">Campo Grande<\/td>\n<td>Eletrot\u00e9cnica<\/td>\n<td>Matutino<\/td>\n<td>40<\/td>\n<\/tr>\n<tr>\n<td>Inform\u00e1tica<\/td>\n<td>Vespertino<\/td>\n<td>40<\/td>\n<\/tr>\n<tr>\n<td>Mec\u00e2nica<\/td>\n<td>Vespertino<\/td>\n<td>40<\/td>\n<\/tr>\n<tr>\n<td rowspan=\"2\">Corumb\u00e1<\/td>\n<td>Inform\u00e1tica<\/td>\n<td>Matutino<\/td>\n<td>40<\/td>\n<\/tr>\n<tr>\n<td>Metalurgia<\/td>\n<td>Vespertino<\/td>\n<td>40<\/td>\n<\/tr>\n<tr>\n<td rowspan=\"2\">Coxim<\/td>\n<td>Alimentos<\/td>\n<td>Matutino<\/td>\n<td>80<\/td>\n<\/tr>\n<tr>\n<td>Inform\u00e1tica<\/td>\n<td>Matutino<\/td>\n<td>80<\/td>\n<\/tr>\n<tr>\n<td rowspan=\"2\">Dourados<\/td>\n<td rowspan=\"2\">Inform\u00e1tica para Internet<\/td>\n<td>Matutino\u00b9<\/td>\n<td>80<\/td>\n<\/tr>\n<tr>\n<td>Vespertino\u00b2<\/td>\n<td>40<\/td>\n<\/tr>\n<tr>\n<td rowspan=\"2\">Jardim<\/td>\n<td>Edifica\u00e7\u00f5es<\/td>\n<td>Matutino\u00b9<\/td>\n<td>35<\/td>\n<\/tr>\n<tr>\n<td>Inform\u00e1tica<\/td>\n<td>Matutino\u00b9<\/td>\n<td>35<\/td>\n<\/tr>\n<tr>\n<td rowspan=\"4\">Navira\u00ed<\/td>\n<td rowspan=\"2\">Agricultura<\/td>\n<td>Matutino\u00b9<\/td>\n<td>40<\/td>\n<\/tr>\n<tr>\n<td>Vespertino\u00b2<\/td>\n<td>40<\/td>\n<\/tr>\n<tr>\n<td rowspan=\"2\">Inform\u00e1tica para Internet<\/td>\n<td>Matutino\u00b9<\/td>\n<td>40<\/td>\n<\/tr>\n<tr>\n<td>Vespertino\u00b2<\/td>\n<td>40<\/td>\n<\/tr>\n<tr>\n<td rowspan=\"2\">Nova Andradina<\/td>\n<td>Agropecu\u00e1ria<\/td>\n<td>Matutino e Vespertino<\/td>\n<td>80<\/td>\n<\/tr>\n<tr>\n<td>Inform\u00e1tica<\/td>\n<td>Vespertino<\/td>\n<td>80<\/td>\n<\/tr>\n<tr>\n<td rowspan=\"4\">Ponta Por\u00e3<\/td>\n<td rowspan=\"2\">Agricultura<\/td>\n<td>Matutino<\/td>\n<td>40<\/td>\n<\/tr>\n<tr>\n<td>Vespertino<\/td>\n<td>40<\/td>\n<\/tr>\n<tr>\n<td rowspan=\"2\">Inform\u00e1tica<\/td>\n<td>Matutino<\/td>\n<td>40<\/td>\n<\/tr>\n<tr>\n<td>Vespertino<\/td>\n<td>40<\/td>\n<\/tr>\n<tr>\n<td rowspan=\"2\">Tr\u00eas Lagoas<\/td>\n<td>Eletrot\u00e9cnica<\/td>\n<td>Matutino<\/td>\n<td>80<\/td>\n<\/tr>\n<tr>\n<td>Inform\u00e1tica<\/td>\n<td>Vespertino<\/td>\n<td>80<\/td>\n<\/tr>\n<\/tbody>\n<\/table>\n","protected":false},"excerpt":{"rendered":"<p>O Instituto Federal de Mato Grosso do Sul (IFMS) abre na segunda-feira, 10, as inscri\u00e7\u00f5es&#8230;<\/p>\n","protected":false},"author":1,"featured_media":0,"comment_status":"closed","ping_status":"closed","sticky":false,"template":"","format":"standard","meta":{"footnotes":""},"categories":[10],"tags":[],"class_list":["post-22299","post","type-post","status-publish","format-standard","hentry","category-educacao"],"_links":{"self":[{"href":"https:\/\/www.corumbaonline.com.br\/news\/wp-json\/wp\/v2\/posts\/22299","targetHints":{"allow":["GET"]}}],"collection":[{"href":"https:\/\/www.corumbaonline.com.br\/news\/wp-json\/wp\/v2\/posts"}],"about":[{"href":"https:\/\/www.corumbaonline.com.br\/news\/wp-json\/wp\/v2\/types\/post"}],"author":[{"embeddable":true,"href":"https:\/\/www.corumbaonline.com.br\/news\/wp-json\/wp\/v2\/users\/1"}],"replies":[{"embeddable":true,"href":"https:\/\/www.corumbaonline.com.br\/news\/wp-json\/wp\/v2\/comments?post=22299"}],"version-history":[{"count":1,"href":"https:\/\/www.corumbaonline.com.br\/news\/wp-json\/wp\/v2\/posts\/22299\/revisions"}],"predecessor-version":[{"id":22300,"href":"https:\/\/www.corumbaonline.com.br\/news\/wp-json\/wp\/v2\/posts\/22299\/revisions\/22300"}],"wp:attachment":[{"href":"https:\/\/www.corumbaonline.com.br\/news\/wp-json\/wp\/v2\/media?parent=22299"}],"wp:term":[{"taxonomy":"category","embeddable":true,"href":"https:\/\/www.corumbaonline.com.br\/news\/wp-json\/wp\/v2\/categories?post=22299"},{"taxonomy":"post_tag","embeddable":true,"href":"https:\/\/www.corumbaonline.com.br\/news\/wp-json\/wp\/v2\/tags?post=22299"}],"curies":[{"name":"wp","href":"https:\/\/api.w.org\/{rel}","templated":true}]}}