{"id":22305,"date":"2018-09-06T09:48:43","date_gmt":"2018-09-06T13:48:43","guid":{"rendered":"http:\/\/www.corumbaonline.com.br\/news\/?p=22305"},"modified":"2018-09-06T11:23:11","modified_gmt":"2018-09-06T15:23:11","slug":"fachin-nega-pedido-para-afastar-inelegibilidade-de-lula","status":"publish","type":"post","link":"https:\/\/www.corumbaonline.com.br\/news\/fachin-nega-pedido-para-afastar-inelegibilidade-de-lula\/","title":{"rendered":"Fachin nega pedido para afastar inelegibilidade de Lula"},"content":{"rendered":"<p>O ministro Edson Fachin, do Supremo Tribunal Federal (STF), negou uma liminar (decis\u00e3o provis\u00f3ria) pedida pela defesa do ex-presidente Luiz In\u00e1cio Lula da Silva, que buscava garantir a presen\u00e7a do pol\u00edtico na disputa pela Presid\u00eancia da Rep\u00fablica.<\/p>\n<p>O recurso havia sido protocolado ontem (5) pelos advogados de Lula, paralelamente a outro recurso, ingressado no Tribunal Superior Eleitoral (TSE), contra a decis\u00e3o daquela corte de barrou a candidatura do ex-presidente, com base na Lei da Ficha Limpa.<\/p>\n<div class=\"dnd-widget-wrapper context-cheio_8colunas type-image\">\n<div class=\"dnd-atom-rendered\">\n<figure class=\"mejs-fotoh-wrapper\">\n<p><figure style=\"width: 754px\" class=\"wp-caption alignnone\"><img loading=\"lazy\" decoding=\"async\" class=\"img-responsive full full\" title=\"Fabio Rodrigues Pozzebom\/Ag\u00eancia Brasil\/Ag\u00eancia Brasil\" src=\"http:\/\/imagens.ebc.com.br\/rx9uj5Z3hD4ESnoaCcCx4BcrY6s=\/754x0\/smart\/http:\/\/agenciabrasil.ebc.com.br\/sites\/default\/files\/thumbnails\/image\/fcpzzb_abr20180831_1479.jpg?itok=zLt18zcF\" alt=\"O ministro Edson Fachin durante julgamento do pedido de registro de candidatura de Luiz In\u00e1cio Lula da Silva para a presid\u00eancia da Rep\u00fablica nas elei\u00e7\u00f5es de outubro, no TSE.\" width=\"754\" height=\"503\" \/><figcaption class=\"wp-caption-text\">Ministro Edson Fachin negou liminar pedida pela defesa de Lula, que buscava garantir a presen\u00e7a do ex-presidente nas elei\u00e7\u00f5es de outubro (Fabio Rodrigues Pozzebom\/Ag\u00eancia Brasil)<\/figcaption><\/figure><\/figure>\n<\/div>\n<\/div>\n<p>Em ambos os recursos, a defesa insiste na tese de que uma liminar concedida pelo Comit\u00ea de Direitos Humanos da ONU (Organiza\u00e7\u00e3o das Na\u00e7\u00f5es Unidas) garante a Lula o direito de concorrer \u00e0 elei\u00e7\u00e3o como candidato do PT.<\/p>\n<p>Fachin, que no julgamento no TSE foi o \u00fanico a votar a favor da candidatura de Lula, ocasi\u00e3o em que considerou v\u00e1lido o argumento sobre a decis\u00e3o da ONU, desta vez afirmou que a liminar do organismo internacional \u00e9 v\u00e1lida somente no \u00e2mbito eleitoral, n\u00e3o servindo para suspender os efeitos de uma condena\u00e7\u00e3o criminal.<\/p>\n<h2>Efeitos<\/h2>\n<p>Isso porque, enquanto no TSE a defesa atacou a decis\u00e3o que negou registro \u00e0 candidatura de Lula, no STF os advogados buscavam suspender os efeitos de outra decis\u00e3o, a proferida pelo Tribunal Regional Federal da 4\u00aa Regi\u00e3o (TRF4), que imp\u00f4s a Lula a pena de 12 anos e um m\u00eas de pris\u00e3o por corrup\u00e7\u00e3o e lavagem de dinheiro no caso do triplex do Guaruj\u00e1 (SP). Tal efeito suspensivo teria o mesmo resultado de afastar a inelegibilidade de Lula.<\/p>\n<p>\u201cEm suma: o pronunciamento do Comit\u00ea dos Direitos Humanos da Organiza\u00e7\u00e3o das Na\u00e7\u00f5es Unidas n\u00e3o alcan\u00e7ou o sobrestamento do ac\u00f3rd\u00e3o recorrido, reservando-se \u00e0 sede pr\u00f3pria a tem\u00e1tica diretamente afeta \u00e0 candidatura eleitoral\u201d, resumiu Fachin na decis\u00e3o em que negou a liminar.<\/p>\n<p>Para garantir o nome de Lula na urna eletr\u00f4nica, resta ao ex-presidente agora aguardar o tr\u00e2mite do recurso que ingressou no TSE. Ontem (5), a ministra Rosa Weber, presidente da Corte Eleitoral, disse que seguir\u00e1 o rito previsto para o processo. Isso significa que abriu tr\u00eas dias para manifesta\u00e7\u00e3o do Minist\u00e9rio P\u00fablico Eleitoral (MPE), somente ap\u00f3s a qual dever\u00e1 encaminhar o caso ao Supremo.<\/p>\n<p>Como o PT tem apenas at\u00e9 o dia 11 de setembro para decidir se substitui ou n\u00e3o Lula como cabe\u00e7a de chapa, a defesa do ex-presidente entrou ainda na noite de quarta-feira (5) com mais uma peti\u00e7\u00e3o no STF, solicitando que seja concedida uma medida cautelar urgente, antes do recurso apresentado no TSE ser encaminhado ao Supremo. O ministro Celso de Mello foi sorteado como relator deste pedido.<\/p>\n<p>Lula est\u00e1 preso desde 7 de abril na Superintend\u00eancia da Pol\u00edcia Federal, em Curitiba.<\/p>\n","protected":false},"excerpt":{"rendered":"<p>O ministro Edson Fachin, do Supremo Tribunal Federal (STF), negou uma liminar (decis\u00e3o provis\u00f3ria) pedida&#8230;<\/p>\n","protected":false},"author":1,"featured_media":0,"comment_status":"closed","ping_status":"closed","sticky":false,"template":"","format":"standard","meta":{"footnotes":""},"categories":[101,19],"tags":[],"class_list":["post-22305","post","type-post","status-publish","format-standard","hentry","category-eleicoes","category-politica"],"_links":{"self":[{"href":"https:\/\/www.corumbaonline.com.br\/news\/wp-json\/wp\/v2\/posts\/22305","targetHints":{"allow":["GET"]}}],"collection":[{"href":"https:\/\/www.corumbaonline.com.br\/news\/wp-json\/wp\/v2\/posts"}],"about":[{"href":"https:\/\/www.corumbaonline.com.br\/news\/wp-json\/wp\/v2\/types\/post"}],"author":[{"embeddable":true,"href":"https:\/\/www.corumbaonline.com.br\/news\/wp-json\/wp\/v2\/users\/1"}],"replies":[{"embeddable":true,"href":"https:\/\/www.corumbaonline.com.br\/news\/wp-json\/wp\/v2\/comments?post=22305"}],"version-history":[{"count":1,"href":"https:\/\/www.corumbaonline.com.br\/news\/wp-json\/wp\/v2\/posts\/22305\/revisions"}],"predecessor-version":[{"id":22306,"href":"https:\/\/www.corumbaonline.com.br\/news\/wp-json\/wp\/v2\/posts\/22305\/revisions\/22306"}],"wp:attachment":[{"href":"https:\/\/www.corumbaonline.com.br\/news\/wp-json\/wp\/v2\/media?parent=22305"}],"wp:term":[{"taxonomy":"category","embeddable":true,"href":"https:\/\/www.corumbaonline.com.br\/news\/wp-json\/wp\/v2\/categories?post=22305"},{"taxonomy":"post_tag","embeddable":true,"href":"https:\/\/www.corumbaonline.com.br\/news\/wp-json\/wp\/v2\/tags?post=22305"}],"curies":[{"name":"wp","href":"https:\/\/api.w.org\/{rel}","templated":true}]}}