{"id":2231,"date":"2017-03-24T16:26:00","date_gmt":"2017-03-24T20:26:00","guid":{"rendered":"http:\/\/www.corumbaonline.com.br\/news\/?p=2231"},"modified":"2017-03-24T16:26:00","modified_gmt":"2017-03-24T20:26:00","slug":"arlindo-cruz-reage-a-estimulos-mas-estado-de-saude-ainda-e-considerado-grave","status":"publish","type":"post","link":"https:\/\/www.corumbaonline.com.br\/news\/arlindo-cruz-reage-a-estimulos-mas-estado-de-saude-ainda-e-considerado-grave\/","title":{"rendered":"Arlindo Cruz reage a est\u00edmulos, mas estado de sa\u00fade ainda \u00e9 considerado grave"},"content":{"rendered":"<p>A recupera\u00e7\u00e3o do cantor e compositor Arlindo Cruz, 58 anos, internado h\u00e1 uma semana no centro de tratamento intensivo (CTI) da Casa de Sa\u00fade S\u00e3o Jos\u00e9, segue dentro do planejamento terap\u00eautico e n\u00e3o h\u00e1 previs\u00e3o de alta. De acordo com boletim m\u00e9dico divulgado na tarde de hoje (24), o estado de sa\u00fade do artista ainda \u00e9 grave, por\u00e9m est\u00e1vel.<\/p>\n<p>Arlindo Cruz foi internado na sexta-feira passada (17), depois de passar mal em sua casa, no Recreio dos Bandeirantes, zona oeste da cidade. Ele foi encontrado desacordado e levado \u00e0s pressas para o Centro Especializado em Reabilita\u00e7\u00e3o (CER) da Barra da Tijuca, onde foi constatado que ele havia sofrido um acidente vascular cerebral (AVC). No mesmo dia \u00e0 noite, o cantor foi transferido para a Casa de Sa\u00fade S\u00e3o Jos\u00e9.<\/p>\n<p>No hospital, o m\u00fasico passou por uma cirurgia de instala\u00e7\u00e3o de cateter cerebral, com o objetivo de monitorar a press\u00e3o intracraniana. Arlindo Cruz j\u00e1 vem reagindo a est\u00edmulos e seu estado de sa\u00fade vem progredindo lentamente.<\/p>\n","protected":false},"excerpt":{"rendered":"<p>A recupera\u00e7\u00e3o do cantor e compositor Arlindo Cruz, 58 anos, internado h\u00e1 uma semana no&#8230;<\/p>\n","protected":false},"author":2,"featured_media":0,"comment_status":"closed","ping_status":"open","sticky":false,"template":"","format":"standard","meta":{"footnotes":""},"categories":[14],"tags":[],"class_list":["post-2231","post","type-post","status-publish","format-standard","hentry","category-geral"],"_links":{"self":[{"href":"https:\/\/www.corumbaonline.com.br\/news\/wp-json\/wp\/v2\/posts\/2231","targetHints":{"allow":["GET"]}}],"collection":[{"href":"https:\/\/www.corumbaonline.com.br\/news\/wp-json\/wp\/v2\/posts"}],"about":[{"href":"https:\/\/www.corumbaonline.com.br\/news\/wp-json\/wp\/v2\/types\/post"}],"author":[{"embeddable":true,"href":"https:\/\/www.corumbaonline.com.br\/news\/wp-json\/wp\/v2\/users\/2"}],"replies":[{"embeddable":true,"href":"https:\/\/www.corumbaonline.com.br\/news\/wp-json\/wp\/v2\/comments?post=2231"}],"version-history":[{"count":0,"href":"https:\/\/www.corumbaonline.com.br\/news\/wp-json\/wp\/v2\/posts\/2231\/revisions"}],"wp:attachment":[{"href":"https:\/\/www.corumbaonline.com.br\/news\/wp-json\/wp\/v2\/media?parent=2231"}],"wp:term":[{"taxonomy":"category","embeddable":true,"href":"https:\/\/www.corumbaonline.com.br\/news\/wp-json\/wp\/v2\/categories?post=2231"},{"taxonomy":"post_tag","embeddable":true,"href":"https:\/\/www.corumbaonline.com.br\/news\/wp-json\/wp\/v2\/tags?post=2231"}],"curies":[{"name":"wp","href":"https:\/\/api.w.org\/{rel}","templated":true}]}}