{"id":22322,"date":"2018-09-06T11:24:41","date_gmt":"2018-09-06T15:24:41","guid":{"rendered":"http:\/\/www.corumbaonline.com.br\/news\/?p=22322"},"modified":"2018-09-06T11:57:09","modified_gmt":"2018-09-06T15:57:09","slug":"bastidores-da-cidade-indice-de-desenvolvimento-da-educacao-basica","status":"publish","type":"post","link":"https:\/\/www.corumbaonline.com.br\/news\/bastidores-da-cidade-indice-de-desenvolvimento-da-educacao-basica\/","title":{"rendered":"Bastidores da Cidade: \u00cdndice de desenvolvimento da educa\u00e7\u00e3o b\u00e1sica"},"content":{"rendered":"<p>O baixo \u00edndice do IDEB pode estar associado ao alto \u00edndice de criminalidade, pois observado alguns telejornais, as mat\u00e9rias foram muito objetivas em rela\u00e7\u00e3o a Educa\u00e7\u00e3o no Brasil.<\/p>\n<p>Por este momento observa que o ensino p\u00fablico n\u00e3o esta atingindo metas essenciais para o desenvolvimento de gera\u00e7\u00f5es, n\u00e3o o bastante essa responsabilidade \u00e9 do corpo docente de cada unidade escolar, mas sim da pr\u00f3pria estrutura da educa\u00e7\u00e3o a n\u00edvel de Brasil que esta aqu\u00e9m das expectativas a que se espera as fam\u00edlias que querem ver os seus filhos tornar-se algu\u00e9m na vida, enquanto isso na ponta do ICEBERG, temos uma crescente na quest\u00e3o de evas\u00e3o de alunos das salas de aulas, bem como o p\u00e9ssimo rendimento, o que n\u00e3o contribui para atingir a meta do IDEB.<\/p>\n<p>Toda essa quest\u00e3o me tr\u00e1s a reflex\u00e3o que esse baixo rendimento contribui muito para que os nossos jovens n\u00e3o se preocupem com a sua vida escolar, o que pode se considerar que o aumento da criminalidade esta atrelado a essa quest\u00e3o, pois se n\u00e3o temos jovens preparados para saber discernir aquilo que \u00e9 bom quanto ao seu rendimento escolar, h\u00e1 uma tend\u00eancia forte para que enderece os seus poucos conhecimentos para a escravatura da era moderna, a criminalidade, o consumo de drogas, os problemas que ainda n\u00e3o conseguimos mensurar dentro do contexto escolar, assim como observa-se tamb\u00e9m as agress\u00f5es ao quadro de docentes, tudo por uma quest\u00e3o de que a estrutura precisa ser mudada para algo consistente no aspecto de que a Educa\u00e7\u00e3o Escolar tenha um atrativo que v\u00e1 evitar a Evas\u00e3o Escolar, mas sempre temos informa\u00e7\u00f5es que os recursos s\u00e3o insuficientes por parte do Governo Federal, os Poderes discutem assuntos banais e os essenciais, tal qual a quest\u00e3o de se atingir a meta em rela\u00e7\u00e3o ao IDEB, passa despercebido pelos doutos representantes pol\u00edticos que vergonhosamente se agarram nessa profiss\u00e3o, porque ser politico tornou-se profiss\u00e3o neste pais, com resultados p\u00edfios que n\u00e3o se vislumbra projetos s\u00e9rios, principalmente em tornar real a preocupa\u00e7\u00f5es deles em rela\u00e7\u00e3o aos pilares para uma boa forma\u00e7\u00e3o de gera\u00e7\u00f5es: Educa\u00e7\u00e3o, Sa\u00fade e Seguran\u00e7a P\u00fablica.<\/p>\n<p>Recentemente, ouvi um SPOT de noticias em que o Estado vai obrigar os Presidi\u00e1rios a custearem as suas pr\u00f3prias despesas, mas se o Estado esteve ausente durante estes anos todos, tanto que houve uma transforma\u00e7\u00e3o e aumento de presidi\u00e1rios em nosso pais, algo absurdo que contempla e tr\u00e1s essa realidade nua e crua, IDEB baixo, sem que consigamos atingir a meta estabelecida, significa que cada vez mais teremos que desembolsar dinheiro no pagamento de impostos para que na tentativa de reverter esse quadro escabroso que j\u00e1 esta presente em nosso dia a dia.<\/p>\n<p>Por outro lado, o Governo Federal n\u00e3o consegue estimular a classe estudantil com incentivos plaus\u00edveis para que se evite um quadro pior que esta se desenhando com esse estarrecedor resultado que foi identificado pelas pr\u00f3prias autoridades entendidas no assunto.<\/p>\n<p>Como n\u00e3o associar essa situa\u00e7\u00e3o preocupante com a Seguran\u00e7a P\u00fablica? Entendo que a criminalidade s\u00e3o v\u00e1rios segmentos que praticam o il\u00edcito, entretanto, sabemos n\u00f3s que existe estudiosos que tamb\u00e9m n\u00e3o souberam aproveitar a sua capacidade para o bem, essa corrup\u00e7\u00e3o neste pa\u00eds \u00e9 fruto da ganancia de grupo que aproveitaram da fragilidade da lei ou associaram \u00e0queles que est\u00e3o para aplicar a Lei e de maneira intr\u00ednseco, tem um desvio de conduta, estou dizendo isso porque assisti no quadro que pais eu quero, um cidad\u00e3o de S\u00e3o Felix de um desses Estados do Norte, na edi\u00e7\u00e3o do dia 03 de Setembro, afirmar categoricamente que n\u00e3o escapa ningu\u00e9m, se queremos justi\u00e7a, ela tem que ser efetiva e n\u00e3o deixar-se corromper tamb\u00e9m, assim foi a linha de pensamento do cidad\u00e3o que eu acompanhei, assistindo o principal jornal da Venus Platinada, que disse: &#8220;C\u00edcero Diniz &#8211; S\u00e3o Felix das Balsas<\/p>\n<p>\u201cComo a justi\u00e7a pode exigir dos pol\u00edticos que eles sejam honestos, se eles se corrompem tamb\u00e9m.\u201d , talvez por essas raz\u00f5es \u00e9 que o IDEB continua sendo uma meta dif\u00edcil de ser atingida, das tr\u00eas etapas de ensino avaliadas, s\u00f3 uma esta dentro da meta do governo.<\/p>\n<p>Na mesma mat\u00e9ria, a Priscila cruz da Ong todos pela educa\u00e7\u00e3o diz que metas n\u00e3o resolve o problema.<\/p>\n<p>N\u00e3o adianta para a gente conseguir avan\u00e7ar, segundo a gente precisa ter um plano consistente, que atravessa mandato, que \u00e9 suprapartid\u00e1rio independentemente de quem estiver ali na cadeira, no poder, vai execut\u00e1-lo, essas pol\u00edticas v\u00e3o se perdendo, porque \u00e9 mal implementada, porque tem desvios e porque\u00a0 a educa\u00e7\u00e3o n\u00e3o \u00e9 prioridade dos governos. Enquanto tivermos pol\u00edticos na C\u00e2mara e no Senado com 10 mandatos, teremos cada vez mais diminu\u00eddo a possibilidade em consolidarmos a democracia neste pais. O que \u00e9 profundamente lament\u00e1vel em todos os sentidos e o lado mais fraco, mesmo com o esfor\u00e7o imensur\u00e1vel de docentes para exercer com dignidade a sua importante profiss\u00e3o que escolheu como um sacerd\u00f3cio v\u00ea escapar essa possibilidade entre os dedos, acertar na mosca e quebrar esse paradigma de atingir a meta do IDEB.<\/p>\n<p>Cada vez mais ficamos estarrecidos com o envolvimento de jovens nos mais diversos delitos e sabendo que o IDEB melhorando, certamente que teremos uma expectativa de vida melhor para todos.<\/p>\n<p>O IDEB \u00e9 medido a cada dois anos e apresentado numa escala que vai de zero a dez. A meta \u00e9 alcan\u00e7ar o \u00edndice 6, o mesmo resultado obtido pelos pa\u00edses da Organiza\u00e7\u00e3o para a Coopera\u00e7\u00e3o e Desenvolvimento Econ\u00f4mico (OCDE), quando se aplica a metodologia do IDEB em seus resultados educacionais. 6,0 foi a nota obtida pelos pa\u00edses que ficaram entre os 20 mais bem colocados do mundo. Mais precisamente, a meta do governo federal \u00e9 de que a nota m\u00e9dia da Educa\u00e7\u00e3o no Brasil seja igual ou superior a 6, at\u00e9 2022. No total, o IDEB estabelece notas para 46 mil escolas p\u00fablicas do pa\u00eds e, considerados os resultados, aponta quais escolas precisam de investimentos e cobra resultados. Para uma escola ser considerada de bom n\u00edvel, ela precisa ter uma nota igual ou maior a 6. Ferramentas permitem que a popula\u00e7\u00e3o tenha acesso \u00e0 nota do IDEB de cada escola das regi\u00f5es e estados brasileiros.<\/p>\n<p>S\u00f3 que a problem\u00e1tica \u00e9 global a n\u00edvel de Brasil, se at\u00e9 aqui a coisa esta capciosa , imaginem com essa elei\u00e7\u00e3o que se aproxima em que at\u00e9 a presente data, n\u00e3o se observa nenhum projeto conciso para modificar esse quadro? Imagine que doen\u00e7as que foram erradicadas neste pais, est\u00e3o voltando e preocupando a popula\u00e7\u00e3o no contexto do relaxo total do Governo Federal, onde se inclui a META do IDEB.<\/p>\n<p>Reginaldo Coutinho \u2013 Delegado sindical dos radialistas de Corumb\u00e1, cronista esportivo, locutor apresentador do programa Transnot\u00edcias na r\u00e1dio Transam\u00e9rica<\/p>\n","protected":false},"excerpt":{"rendered":"<p>O baixo \u00edndice do IDEB pode estar associado ao alto \u00edndice de criminalidade, pois observado&#8230;<\/p>\n","protected":false},"author":1,"featured_media":20002,"comment_status":"closed","ping_status":"closed","sticky":false,"template":"","format":"standard","meta":{"footnotes":""},"categories":[3],"tags":[],"class_list":["post-22322","post","type-post","status-publish","format-standard","has-post-thumbnail","hentry","category-artigo"],"_links":{"self":[{"href":"https:\/\/www.corumbaonline.com.br\/news\/wp-json\/wp\/v2\/posts\/22322","targetHints":{"allow":["GET"]}}],"collection":[{"href":"https:\/\/www.corumbaonline.com.br\/news\/wp-json\/wp\/v2\/posts"}],"about":[{"href":"https:\/\/www.corumbaonline.com.br\/news\/wp-json\/wp\/v2\/types\/post"}],"author":[{"embeddable":true,"href":"https:\/\/www.corumbaonline.com.br\/news\/wp-json\/wp\/v2\/users\/1"}],"replies":[{"embeddable":true,"href":"https:\/\/www.corumbaonline.com.br\/news\/wp-json\/wp\/v2\/comments?post=22322"}],"version-history":[{"count":1,"href":"https:\/\/www.corumbaonline.com.br\/news\/wp-json\/wp\/v2\/posts\/22322\/revisions"}],"predecessor-version":[{"id":22323,"href":"https:\/\/www.corumbaonline.com.br\/news\/wp-json\/wp\/v2\/posts\/22322\/revisions\/22323"}],"wp:featuredmedia":[{"embeddable":true,"href":"https:\/\/www.corumbaonline.com.br\/news\/wp-json\/wp\/v2\/media\/20002"}],"wp:attachment":[{"href":"https:\/\/www.corumbaonline.com.br\/news\/wp-json\/wp\/v2\/media?parent=22322"}],"wp:term":[{"taxonomy":"category","embeddable":true,"href":"https:\/\/www.corumbaonline.com.br\/news\/wp-json\/wp\/v2\/categories?post=22322"},{"taxonomy":"post_tag","embeddable":true,"href":"https:\/\/www.corumbaonline.com.br\/news\/wp-json\/wp\/v2\/tags?post=22322"}],"curies":[{"name":"wp","href":"https:\/\/api.w.org\/{rel}","templated":true}]}}