{"id":22327,"date":"2018-09-06T11:41:30","date_gmt":"2018-09-06T15:41:30","guid":{"rendered":"http:\/\/www.corumbaonline.com.br\/news\/?p=22327"},"modified":"2018-09-06T12:41:47","modified_gmt":"2018-09-06T16:41:47","slug":"olimpiada-do-conhecimento-comeca-neste-domingo-no-centro-de-convencoes-e-exposicoes-albano-franco","status":"publish","type":"post","link":"https:\/\/www.corumbaonline.com.br\/news\/olimpiada-do-conhecimento-comeca-neste-domingo-no-centro-de-convencoes-e-exposicoes-albano-franco\/","title":{"rendered":"Olimp\u00edada do Conhecimento come\u00e7a neste domingo no Centro de Conven\u00e7\u00f5es e Exposi\u00e7\u00f5es Albano Franco"},"content":{"rendered":"<p class=\"x_MsoNormal\">Imagine buscar um curso de qualifica\u00e7\u00e3o profissional e poder, a partir da\u00ed, representar o Brasil durante a Olimp\u00edada Mundial das Profiss\u00f5es na R\u00fassia em 2019? Jovens de todo o Pa\u00eds estar\u00e3o concentrados no Centro de Conven\u00e7\u00f5es e Exposi\u00e7\u00f5es Albano Franco, em Campo Grande (MS), a partir deste domingo (09\/09), para as seletivas brasileiras da WorldSkills Kazan.<\/p>\n<p class=\"x_MsoNormal\">\n<p class=\"x_MsoNormal\">Trata-se de uma bateria de provas pr\u00e1ticas para a competi\u00e7\u00e3o internacional que integra a programa\u00e7\u00e3o da Olimp\u00edada do Conhecimento, promovida pelo Sesi com apoio do Sesi e IEL como forma de estimular o interesse dos jovens pela educa\u00e7\u00e3o profissional e apontar as tend\u00eancias no mundo do trabalho.<\/p>\n<p class=\"x_MsoNormal\">\n<p class=\"x_MsoNormal\">Durante quatro dias de provas, indo at\u00e9 o dia 14 de setembro, 27 jovens ser\u00e3o desafiados a executar, dentro de prazos e padr\u00f5es internacionais de qualidade, tarefas do dia a dia do trabalho nas ocupa\u00e7\u00f5es de \u201cInstala\u00e7\u00f5es El\u00e9tricas Prediais\u201d e \u201cControle Industrial\u201d, mostrando excel\u00eancia t\u00e9cnica, concentra\u00e7\u00e3o e garra de campe\u00e3o para conseguirem a medalha de ouro e conquistarem uma vaga no mundial de 2019.<\/p>\n<p class=\"x_MsoNormal\">\n<p class=\"x_MsoNormal\">Segundo o gerente de gest\u00e3o em tecnologia e inova\u00e7\u00e3o do Senai de Mato Grosso do Sul, Leandro Schneider, o evento \u00e9 um dos maiores do mundo em educa\u00e7\u00e3o profissional e as seletivas da WorldSkills Kazan s\u00e3o uma oportunidade de representatividade do Estado. \u201cPara Mato Grosso do Sul, \u00e9 uma forma de mostrarmos o que temos de mais moderno em tecnologias educacionais e toda a nossa capacidade de atendimento, demonstrando como o Senai prepara seus alunos para o mercado de trabalho\u201d, afirmou.<\/p>\n<p class=\"x_MsoNormal\">\n<p class=\"x_MsoNormal\"><b>WorldSkills<\/b><\/p>\n<p class=\"x_MsoNormal\">\n<p class=\"x_MsoNormal\">A WorldSkills, competi\u00e7\u00e3o internacional que ocorre a cada dois anos em um pa\u00eds diferente, busca valorizar as profiss\u00f5es t\u00e9cnicas em escala global. Organizada pela WorldSkills International \u2013 entidade que trabalha, desde 1950, para o desenvolvimento e a excel\u00eancia das ocupa\u00e7\u00f5es t\u00e9cnicas, o torneio re\u00fane competidores de pa\u00edses e regi\u00f5es das Am\u00e9ricas, Europa, \u00c1sia, \u00c1frica e Pac\u00edfico Sul. Em 2017, em Abu Dhabi, nos Emirados \u00c1rabes Unidos, a delega\u00e7\u00e3o do Brasil obteve o segundo lugar geral. A pr\u00f3xima edi\u00e7\u00e3o ocorrer\u00e1 na cidade russa de Kazan, em 2019.<\/p>\n<p class=\"x_MsoNormal\">\n<p class=\"x_MsoNormal\">O formato das seletivas no Brasil permite que moradores de todos os estados visitem os locais das provas e conhe\u00e7am os cursos do Senai, as profiss\u00f5es da ind\u00fastria e as oportunidades oferecidas pela educa\u00e7\u00e3o profissional para trabalhadores e empresas. As provas v\u00e3o ocorrer em 35 cidades de todos os Estados e do Distrito Federal. Neste ano, as provas ter\u00e3o como novidade o mesmo formato do torneio mundial.<\/p>\n<p class=\"x_MsoNormal\">\n<p class=\"x_MsoNormal\">Os competidores passar\u00e3o, durante quatro dias, pelas mesmas horas que ser\u00e3o exigidas em cada desafio na R\u00fassia e materiais muito semelhantes aos que ser\u00e3o utilizados de fato no mundial. Um grupo de 333 avaliadores vai dar notas a cada um dos participantes. Nas provas, os competidores com os melhores desempenhos recebem medalhas de ouro, prata e bronze.<\/p>\n<p class=\"x_MsoNormal\">\n<p class=\"x_MsoNormal\">As provas aplicadas na competi\u00e7\u00e3o t\u00eam como base as qualifica\u00e7\u00f5es exigidas pelo mercado de trabalho e as atualiza\u00e7\u00f5es tecnol\u00f3gicas das empresas. O desempenho dos alunos nas disputas forma um conjunto de indicadores que ajuda o Senai a avaliar a qualidade da educa\u00e7\u00e3o profissional e atualizar os curr\u00edculos das suas escolas. Com isso, a institui\u00e7\u00e3o mant\u00e9m seus cursos sintonizados com as necessidades das empresas, facilitando o ingresso de seus alunos no mercado de trabalho.<\/p>\n<p class=\"x_MsoNormal\">\n<p class=\"x_MsoNormal\"><b>Evento paralelo<\/b><\/p>\n<p class=\"x_MsoNormal\">\n<p class=\"x_MsoNormal\">A Olimp\u00edada do Conhecimento tamb\u00e9m servir\u00e1 para a apresenta\u00e7\u00e3o de projetos inovadores desenvolvidos pelo Sistema Fiems e tamb\u00e9m pela Famasul e Sebrae\/MS. O Senai apresentar\u00e1, por meio de um televisor touch screen, uma planta 360 graus de uma f\u00e1brica totalmente inteligente com as tecnologias da Revolu\u00e7\u00e3o 4.0, como rob\u00f3tica avan\u00e7ada, big data, manufatura digital e internet das coisas, e mostrar\u00e1 como funcionam os materiais de realidade aumentada utilizados na educa\u00e7\u00e3o da institui\u00e7\u00e3o, al\u00e9m de levar para dentro do Albano Franco um laborat\u00f3rio para fazer ensaios microbiol\u00f3gicos e f\u00edsico-qu\u00edmicos de alimento, divulgando produtos e servi\u00e7os t\u00e9cnicos e tecnol\u00f3gicos e consultorias disponibilizados pelo IST Alimentos e Bebidas (Instituto Senai de Tecnologia em Alimentos e Bebidas), instalado em Dourados (MS).<\/p>\n<p class=\"x_MsoNormal\">\n<p class=\"x_MsoNormal\">Os visitantes da Olimp\u00edada do Conhecimento tamb\u00e9m poder\u00e3o conhecer o \u201cInova Senai\u201d, mostra de projetos inovadores elaborados e prototipados pelos alunos dos cursos de qualifica\u00e7\u00e3o profissional da institui\u00e7\u00e3o em resposta \u00e0s demandas das ind\u00fastria sul-mato-grossense como resultado de uma metodologia que prima pela pr\u00e1tica integradora entre o ambiente escolar e os desafios tecnol\u00f3gicos apresentados pelas empresas.<\/p>\n<p class=\"x_MsoNormal\">\n<p class=\"x_MsoNormal\">Isso sem falar no \u201cGrand Prix\u201d, uma corrida de inova\u00e7\u00e3o aberta em que as equipes multidisciplinares, chamadas escuderias, criam, desenvolvem e prototipam solu\u00e7\u00f5es inovadoras para um desafio lan\u00e7ado por uma ind\u00fastria de Mato Grosso do Sul em tempo real. \u00c9 uma demonstra\u00e7\u00e3o da combina\u00e7\u00e3o entre m\u00e9todos de inova\u00e7\u00e3o aberta, criatividade orientada para resultados, conceitos de empreendedorismo, redes colaborativas e profissionais. A competi\u00e7\u00e3o dura 72 horas e, ao fim, as escuderias apresentam seus prot\u00f3tipos inovadores acompanhados dos modelos de neg\u00f3cio (Pitch e Canvas) para uma banca avaliadora composta pela empresa que lan\u00e7ou o desafio, professores e convidados de institui\u00e7\u00f5es cient\u00edficas.<\/p>\n<p class=\"x_MsoNormal\">\n<p class=\"x_MsoNormal\"><b>Sesi e IEL<\/b><\/p>\n<p class=\"x_MsoNormal\">\n<p class=\"x_MsoNormal\">J\u00e1 o Sesi ter\u00e1 um espa\u00e7o jovial e clean aberto para todos os que desejam conhecer solu\u00e7\u00f5es da Startup de Educa\u00e7\u00e3o, como projetos de gamifica\u00e7\u00e3o corporativa. \u201cT\u00e1 Certo?\u201d \u00e9 o nome de um jogo que busca refor\u00e7ar o aprendizado das mudan\u00e7as ortogr\u00e1ficas e melhorar o uso da linguagem formal da L\u00edngua Portuguesa. Utilizado pelos alunos da Rede Sesi de Ensino, o game tamb\u00e9m estar\u00e1 dispon\u00edvel para os visitantes do evento, que poder\u00e3o jogar por meio de tablets que estar\u00e3o no estande.<\/p>\n<p class=\"x_MsoNormal\">\n<p class=\"x_MsoNormal\">Quem for \u00e0 Olimp\u00edada do Conhecimento tamb\u00e9m poder\u00e1 experimentar os \u00f3culos de realidade virtual, com v\u00eddeos que abordam temas de sa\u00fade e seguran\u00e7a no trabalho, utilizados para refor\u00e7ar o conte\u00fado e aprendizagem dos cursos de NR 23, norma regulamentadora que trata de prote\u00e7\u00e3o contra inc\u00eandios, e NR 35, que trata de trabalho em altura. O Sesi tamb\u00e9m oferecer\u00e1 ao p\u00fablico do evento duas oficinas com a metodologia Lego Serious Play, utilizado para conduzir reuni\u00f5es, melhorar a comunica\u00e7\u00e3o, facilitar o pensamento e auxiliar os processos de an\u00e1lise e busca de solu\u00e7\u00e3o de problemas complexos.<\/p>\n<p class=\"x_MsoNormal\">\n<p class=\"x_MsoNormal\">Com os temas \u201cCompet\u00eancias de times de Sucesso\u201d e \u201cComportamentos inovadores\u201d, as oficinas ser\u00e3o realizadas entre os dias 10 e 13 de setembro, sendo a primeira das 15h30 \u00e0s 17 horas e a segunda, das 19h \u00e0s 20h30. Cada oficina poder\u00e1 ter at\u00e9 10 participantes, que dever\u00e3o ser maiores de 21 anos e vivenciar desafios corporativos relacionados aos temas. Os visitantes da Olimp\u00edada do Conhecimento poder\u00e3o ainda realizar avalia\u00e7\u00e3o f\u00edsica no estande do Sesi. Uma balan\u00e7a multifuncional, que por meio de um software integrado consegue tra\u00e7ar um perfil sobre a sa\u00fade, informando a press\u00e3o arterial, peso, altura e o \u00edndice de massa corp\u00f3rea.<\/p>\n<p class=\"x_MsoNormal\">\n<p class=\"x_MsoNormal\">O equipamento integra o programa Programa Sa\u00fade em Forma, desenvolvido pelo Centro de Inova\u00e7\u00e3o do Sesi de Mato Grosso do Sul \u2013 Sistemas de Gest\u00e3o em Sa\u00fade e Seguran\u00e7a do Trabalho e tem como objetivo tra\u00e7ar um perfil sobre a sa\u00fade do trabalhador da ind\u00fastria. J\u00e1 o IEL levar\u00e1 para o Centro de Conven\u00e7\u00f5es e Exposi\u00e7\u00f5es Albano Franco, no dia 11 de setembro, \u00e0s 19 horas, o workshop da metodologia do Sistema de Gest\u00e3o de Compliance, que permite que o empres\u00e1rio possa alcan\u00e7ar com maior solidez seus objetivos estrat\u00e9gicos.<\/p>\n<p class=\"x_MsoNormal\">\n<p class=\"x_MsoNormal\">A sinergia da empresa com todas as normas, ditames de regulamenta\u00e7\u00e3o e controles internos eficiente representam maior qualidade na atividade empresarial, economia de recursos, evitando gastos com multas, puni\u00e7\u00f5es e cobran\u00e7as judiciais, e fortalecimento da marca no mercado como uma empresa s\u00e9ria e \u00e9tica. O estande do IEL tamb\u00e9m apresentar\u00e1 um quiz para os empres\u00e1rios avaliarem o grau de inova\u00e7\u00e3o de sua empresa e oferecer\u00e1 uma palestra sobre negocia\u00e7\u00e3o e gest\u00e3o de conflitos para os estagi\u00e1rios, que ainda poder\u00e3o se divertir com roletas interativas sobre temas da atualidade.<\/p>\n<p class=\"x_MsoNormal\">\n<p class=\"x_MsoNormal\"><b>Parceiros<\/b><\/p>\n<p class=\"x_MsoNormal\">\n<p class=\"x_MsoNormal\">A Famasul, por meio do Senar\/MS, levar\u00e1 para a Olimp\u00edada do Conhecimento oficinas tecnol\u00f3gicas, como \u201cAgricultura Urbana\u201d, \u201cAgricultura de Precis\u00e3o\u201d e \u201cUtiliza\u00e7\u00e3o de Drones na Agricultura de Precis\u00e3o\u201d. O objetivo \u00e9 fomentar diretamente o trabalho no campo, cada vez mais tecnificado, ou a presta\u00e7\u00e3o de servi\u00e7os para quem aposta na qualifica\u00e7\u00e3o profissional no segmento de paisagismo e jardinagem.<\/p>\n<p class=\"x_MsoNormal\">\n<p class=\"x_MsoNormal\">No caso da oficina de \u201cAgricultura Urbana\u201d, o objetivo \u00e9 produzir plantas ornamentais, executando projeto de paisagismo e manuten\u00e7\u00e3o dos espa\u00e7os, utilizando ferramentas b\u00e1sicas, t\u00e9cnicas atuais, aproveitando res\u00edduos e materiais do local ou regi\u00e3o. J\u00e1 a oficina de \u201cAgricultura de Precis\u00e3o\u201d consiste em gerenciar detalhadamente todos os processos envolvidos na produ\u00e7\u00e3o, por meio do uso de tecnologias, ferramentas e procedimentos, baseados nas informa\u00e7\u00f5es coletadas pontualmente no campo.<\/p>\n<p class=\"x_MsoNormal\">\n<p class=\"x_MsoNormal\">Por \u00faltimo, a Famasul levar\u00e1 a oficina de \u201cUtiliza\u00e7\u00e3o de Drones na Agricultura de Precis\u00e3o\u201d, que abordar\u00e1 o uso de drones como tecnologia de precis\u00e3o e sua utiliza\u00e7\u00e3o em propriedades rurais, respeitando as legisla\u00e7\u00f5es vigentes. Por meio do dronem \u00e9 poss\u00edvel realizar um mapeamento a\u00e9reo da propriedade, auxiliando o produtor em todas as suas rotinas e decis\u00f5es.<\/p>\n<p class=\"x_MsoNormal\">\n<p class=\"x_MsoNormal\">J\u00e1 o Sebrae\/MS contar\u00e1 com um espa\u00e7o em que ser\u00e3o realizados jogos empresariais online, com perguntas sobre temas relacionados aos desafios do dia a dia de um neg\u00f3cio, como gest\u00e3o de pessoas, finan\u00e7as, marketing e planejamento. A cada 40 minutos, ser\u00e3o formados quatro times de tr\u00eas pessoas que estiverem visitando a feira, para que possam competir na plataforma. Especialistas do Sebrae estar\u00e3o no estande para, antes de cada disputa, orientar as equipes com dicas sobre as tem\u00e1ticas.<\/p>\n","protected":false},"excerpt":{"rendered":"<p>Imagine buscar um curso de qualifica\u00e7\u00e3o profissional e poder, a partir da\u00ed, representar o Brasil&#8230;<\/p>\n","protected":false},"author":1,"featured_media":0,"comment_status":"closed","ping_status":"closed","sticky":false,"template":"","format":"standard","meta":{"footnotes":""},"categories":[22],"tags":[],"class_list":["post-22327","post","type-post","status-publish","format-standard","hentry","category-tecnologia"],"_links":{"self":[{"href":"https:\/\/www.corumbaonline.com.br\/news\/wp-json\/wp\/v2\/posts\/22327","targetHints":{"allow":["GET"]}}],"collection":[{"href":"https:\/\/www.corumbaonline.com.br\/news\/wp-json\/wp\/v2\/posts"}],"about":[{"href":"https:\/\/www.corumbaonline.com.br\/news\/wp-json\/wp\/v2\/types\/post"}],"author":[{"embeddable":true,"href":"https:\/\/www.corumbaonline.com.br\/news\/wp-json\/wp\/v2\/users\/1"}],"replies":[{"embeddable":true,"href":"https:\/\/www.corumbaonline.com.br\/news\/wp-json\/wp\/v2\/comments?post=22327"}],"version-history":[{"count":1,"href":"https:\/\/www.corumbaonline.com.br\/news\/wp-json\/wp\/v2\/posts\/22327\/revisions"}],"predecessor-version":[{"id":22328,"href":"https:\/\/www.corumbaonline.com.br\/news\/wp-json\/wp\/v2\/posts\/22327\/revisions\/22328"}],"wp:attachment":[{"href":"https:\/\/www.corumbaonline.com.br\/news\/wp-json\/wp\/v2\/media?parent=22327"}],"wp:term":[{"taxonomy":"category","embeddable":true,"href":"https:\/\/www.corumbaonline.com.br\/news\/wp-json\/wp\/v2\/categories?post=22327"},{"taxonomy":"post_tag","embeddable":true,"href":"https:\/\/www.corumbaonline.com.br\/news\/wp-json\/wp\/v2\/tags?post=22327"}],"curies":[{"name":"wp","href":"https:\/\/api.w.org\/{rel}","templated":true}]}}