{"id":22345,"date":"2018-09-06T16:19:27","date_gmt":"2018-09-06T20:19:27","guid":{"rendered":"http:\/\/www.corumbaonline.com.br\/news\/?p=22345"},"modified":"2018-09-06T16:30:26","modified_gmt":"2018-09-06T20:30:26","slug":"pf-prende-suspeito-de-esfaquear-bolsonaro","status":"publish","type":"post","link":"https:\/\/www.corumbaonline.com.br\/news\/pf-prende-suspeito-de-esfaquear-bolsonaro\/","title":{"rendered":"PF prende suspeito de esfaquear Bolsonaro"},"content":{"rendered":"<p>O candidato \u00e0 Presid\u00eancia da Rep\u00fablica do PSL, Jair Bolsonaro, foi esfaqueado durante ato de campanha em Juiz de Fora na tarde desta quinta-feira, 6. O presidenci\u00e1vel foi levado para o hospital e passa bem, segundo familiares. De acordo com Flavio Bolsonaro, filho do presidenci\u00e1vel, o ferimento foi superficial. O suspeito, Ad\u00e9lio Bispo de Oliveira\u00a0foi preso, segundo a Pol\u00edcia Federal.<\/p>\n<p>&#8220;Jair Bolsonaro sofreu um atentado agora em Juiz de Fora, uma estocada com faca na regi\u00e3o do abd\u00f4men. Gra\u00e7as a Deus, foi apenas superficial e ele passa bem. Pe\u00e7o que intensifiquem as ora\u00e7\u00f5es por n\u00f3s!&#8221;, escreveu Fl\u00e1vio Bolsonaro no Twitter.<\/p>\n<p>De acordo com a Coluna do Estad\u00e3o, a PF vai instaurar inqu\u00e9rito para apurar a agress\u00e3o. Bolsonaro estava sendo carregado por apoiadores no momento em que sofreu o ataque.<\/p>\n<p class=\"text\">A Pol\u00edcia Federal prendeu o suspeito de ter esfaqueado o candidato Bolsonaro. Ainda n\u00e3o foi divulgada nenhuma informa\u00e7\u00e3o sobre o agressor. A PF vai instaurar investiga\u00e7\u00e3o para apurar a agress\u00e3o sofrida pelo candidato.<\/p>\n<p class=\"text\">L\u00edder nas pesquisas de inten\u00e7\u00e3o de votos, Bolsonaro era carregado pelas ruas da cidade mineira por seus apoiadores quando fez uma express\u00e3o de dor. V\u00eddeos que circulam pela internet mostram uma pessoa se aproximando do candidato e acertando sua barriga. Pelos v\u00eddeos, n\u00e3o \u00e9 poss\u00edvel identificar de forma precisa o que foi utilizado pelo agressor.<\/p>\n<p class=\"text\">A PF \u00e9 respons\u00e1vel pela seguran\u00e7a de Bolsonaro e acompanha o candidato em todas suas agendas. Questionada, a PF disse que retirou o candidato do local. A corpora\u00e7\u00e3o disse que ele est\u00e1 fora de perigo e o ferimento causado pela agress\u00e3o foi superficial.<\/p>\n<h2><b>Confus\u00e3o havia marcado visita ao hospital<\/b><\/h2>\n<p class=\"text\">Antes do ataque, tumultos, tens\u00e3o e bate-boca marcaram a visita do presidenci\u00e1vel ao hospital filantr\u00f3pico da Associa\u00e7\u00e3o Feminina de Preven\u00e7\u00e3o e Combate ao C\u00e2ncer (ASCOMCER) e tamb\u00e9m um almo\u00e7o com o candidato em um hotel em Juiz de Fora, Minas Gerais, nesta quinta-feira, 6.<\/p>\n<p class=\"text\">Pacientes idosos em tratamento contra a doen\u00e7a tiveram dificuldade para entrar na unidade, devido a um cord\u00e3o de isolamento feito por integrantes de um movimento conservador da cidade. Vestidos de preto, eles se diziam policiais e afirmavam fazer &#8220;seguran\u00e7a volunt\u00e1ria&#8221; do candidato.<\/p>\n<blockquote class=\"twitter-tweet\" data-lang=\"pt\">\n<p lang=\"pt\" dir=\"ltr\">Juiz de Fora, h\u00e1 pouco! <a href=\"https:\/\/t.co\/Z3M9S1pz6E\">pic.twitter.com\/Z3M9S1pz6E<\/a><\/p>\n<p>&mdash; Blog do Noblat (@BlogdoNoblat) <a href=\"https:\/\/twitter.com\/BlogdoNoblat\/status\/1037780348304863234?ref_src=twsrc%5Etfw\">6 de setembro de 2018<\/a><\/p><\/blockquote>\n<p><script async src=\"https:\/\/platform.twitter.com\/widgets.js\" charset=\"utf-8\"><\/script><\/p>\n","protected":false},"excerpt":{"rendered":"<p>O candidato \u00e0 Presid\u00eancia da Rep\u00fablica do PSL, Jair Bolsonaro, foi esfaqueado durante ato de&#8230;<\/p>\n","protected":false},"author":1,"featured_media":22348,"comment_status":"closed","ping_status":"closed","sticky":false,"template":"","format":"standard","meta":{"footnotes":""},"categories":[101,19,18],"tags":[],"class_list":["post-22345","post","type-post","status-publish","format-standard","has-post-thumbnail","hentry","category-eleicoes","category-politica","category-seguranca"],"_links":{"self":[{"href":"https:\/\/www.corumbaonline.com.br\/news\/wp-json\/wp\/v2\/posts\/22345","targetHints":{"allow":["GET"]}}],"collection":[{"href":"https:\/\/www.corumbaonline.com.br\/news\/wp-json\/wp\/v2\/posts"}],"about":[{"href":"https:\/\/www.corumbaonline.com.br\/news\/wp-json\/wp\/v2\/types\/post"}],"author":[{"embeddable":true,"href":"https:\/\/www.corumbaonline.com.br\/news\/wp-json\/wp\/v2\/users\/1"}],"replies":[{"embeddable":true,"href":"https:\/\/www.corumbaonline.com.br\/news\/wp-json\/wp\/v2\/comments?post=22345"}],"version-history":[{"count":3,"href":"https:\/\/www.corumbaonline.com.br\/news\/wp-json\/wp\/v2\/posts\/22345\/revisions"}],"predecessor-version":[{"id":22352,"href":"https:\/\/www.corumbaonline.com.br\/news\/wp-json\/wp\/v2\/posts\/22345\/revisions\/22352"}],"wp:featuredmedia":[{"embeddable":true,"href":"https:\/\/www.corumbaonline.com.br\/news\/wp-json\/wp\/v2\/media\/22348"}],"wp:attachment":[{"href":"https:\/\/www.corumbaonline.com.br\/news\/wp-json\/wp\/v2\/media?parent=22345"}],"wp:term":[{"taxonomy":"category","embeddable":true,"href":"https:\/\/www.corumbaonline.com.br\/news\/wp-json\/wp\/v2\/categories?post=22345"},{"taxonomy":"post_tag","embeddable":true,"href":"https:\/\/www.corumbaonline.com.br\/news\/wp-json\/wp\/v2\/tags?post=22345"}],"curies":[{"name":"wp","href":"https:\/\/api.w.org\/{rel}","templated":true}]}}