{"id":22429,"date":"2018-09-10T11:20:17","date_gmt":"2018-09-10T15:20:17","guid":{"rendered":"http:\/\/www.corumbaonline.com.br\/news\/?p=22429"},"modified":"2018-09-10T11:24:51","modified_gmt":"2018-09-10T15:24:51","slug":"municipio-abre-licitacoes-para-reformas-do-centro-obstetrico-e-da-santa-casa","status":"publish","type":"post","link":"https:\/\/www.corumbaonline.com.br\/news\/municipio-abre-licitacoes-para-reformas-do-centro-obstetrico-e-da-santa-casa\/","title":{"rendered":"Munic\u00edpio abre licita\u00e7\u00f5es para reformas do Centro Obst\u00e9trico e da Santa Casa"},"content":{"rendered":"<p class=\"Pa10\">Publicados os avisos de licita\u00e7\u00e3o para contrata\u00e7\u00e3o de empresa para execu\u00e7\u00e3o de servi\u00e7os para a realiza\u00e7\u00e3o de servi\u00e7os de amplia\u00e7\u00e3o e reforma do Centro Obst\u00e9trico da Maternidade e de amplia\u00e7\u00e3o e reforma da Santa Casa \u2013 Pronto-Socorro, recep\u00e7\u00e3o e enfermaria com 30 leitos. A Prefeitura de Corumb\u00e1 \u00e9 que a libera\u00e7\u00e3o para in\u00edcio das obras aconte\u00e7a \u2013 se n\u00e3o houver contratempos \u2013 no come\u00e7o de novembro.<\/p>\n<p class=\"Pa10\">\n<p class=\"Pa10\">De acordo com a edi\u00e7\u00e3o de 05 de setembro (quarta-feira), do Di\u00e1rio Oficial do Munic\u00edpio de Corumb\u00e1 (DIOCORUMB\u00c1), a abertura da proposta para a obra do Centro Obst\u00e9trico da Maternidade est\u00e1 marcada para o dia 17 de outubro. No dia seguinte, 18 de outubro, ser\u00e1 aberta a proposta da reforma da Santa Casa \u2013 Pronto-Socorro.<\/p>\n<p class=\"Pa10\">\n<p class=\"Pa10\">\u201cN\u00e3o havendo contesta\u00e7\u00e3o; estando com a documenta\u00e7\u00e3o correta e a vencedora do certame devidamente habilitada, h\u00e1 a elabora\u00e7\u00e3o do contrato administrativo e, t\u00e3o logo, tenhamos isso, faz-se o empenho e a emiss\u00e3o da ordem de servi\u00e7o. N\u00e3o havendo contratempo, o vencedor est\u00e1 habilitado para iniciar o servi\u00e7o no come\u00e7o de novembro\u201d, explicou o secret\u00e1rio Municipal de Governo, C\u00e1ssio Augusto da Costa Marques. O prazo de execu\u00e7\u00e3o \u00e9 de 12 meses, podendo ser aditada.<\/p>\n<p class=\"Pa10\">\n<p class=\"Pa10\">Os recursos para as duas obras s\u00e3o provenientes de conv\u00eanio da Prefeitura com Governo do Estado. J\u00e1 houve a assinatura do conv\u00eanio e repasse de parte do recurso. \u201cEsses recursos, o Estado j\u00e1 tem disponibilizado e a libera\u00e7\u00e3o ser\u00e1 gradativa na medida em que a obra for avan\u00e7ando\u201d, frisou o secret\u00e1rio de Governo.<\/p>\n<p class=\"Pa10\">\n<p class=\"Pa10\">Ser\u00e3o investidos R$ 11.965.770,58 nas duas obras, que ser\u00e3o financiadas pelo Governo do Estado e executadas pela Prefeitura. O conv\u00eanio 28718\/2018 \u2013 que inclui as duas a\u00e7\u00f5es \u2013 foi publicado em 27\/027\/2018 no Di\u00e1rio Oficial do Estado do Mato Grosso do Sul (DOEMS).<\/p>\n<p class=\"Pa10\">\n<p class=\"Pa10\">De acordo com o prefeito Marcelo Iunes, os avisos de licita\u00e7\u00e3o contemplam a constru\u00e7\u00e3o do novo pronto-socorro e nova enfermaria com 30 leitos para atender a Santa Casa e uma nova recep\u00e7\u00e3o. \u201c\u00c9 um bloco novo que vai ficar localizado na esquina das ruas Sete de Setembro e Am\u00e9rica, dentro do complexo do hospital, com liga\u00e7\u00e3o \u00e0s depend\u00eancias do hospital\u201d, disse o chefe do Executivo Municipal.<\/p>\n<p class=\"Pa10\">\n<p class=\"Pa10\">Iunes informou tamb\u00e9m que a outra licita\u00e7\u00e3o corresponde \u00e0 reforma do Centro Cir\u00fargico Obst\u00e9trico, da Maternidade. \u201cIsso significa que procedimentos inerentes \u00e0s atividades de obstetr\u00edcia e ginecologia ser\u00e3o realizados na pr\u00f3pria maternidade. Isso permitir\u00e1 aumento da disponibilidade das salas do centro cir\u00fargico, consequentemente dar\u00e1 capacidade de atender maior n\u00famero de cirurgias. Com o Centro Obst\u00e9trico ativo teremos readapta\u00e7\u00e3o do espa\u00e7o para separar as atividades da santa casa e maternidade\u201d, complementou o prefeito.<\/p>\n<p class=\"Pa10\">\n<p class=\"Pa10\">O chefe do Executivo Municipal salientou que os investimentos no setor de sa\u00fade p\u00fablica corumbaense v\u00e3o \u201cmelhorar as condi\u00e7\u00f5es dos servi\u00e7os de m\u00e9dia e alta complexidade e dar maior qualidade de atendimento \u00e0 popula\u00e7\u00e3o\u201d. Na avalia\u00e7\u00e3o de Iunes, a cidade se tornar\u00e1 um novo polo de sa\u00fade em Mato Grosso do Sul depois de finalizadas as interven\u00e7\u00f5es do Estado.<\/p>\n","protected":false},"excerpt":{"rendered":"<p>Publicados os avisos de licita\u00e7\u00e3o para contrata\u00e7\u00e3o de empresa para execu\u00e7\u00e3o de servi\u00e7os para a&#8230;<\/p>\n","protected":false},"author":1,"featured_media":22430,"comment_status":"closed","ping_status":"closed","sticky":false,"template":"","format":"standard","meta":{"footnotes":""},"categories":[8,21],"tags":[],"class_list":["post-22429","post","type-post","status-publish","format-standard","has-post-thumbnail","hentry","category-destaque","category-saude"],"_links":{"self":[{"href":"https:\/\/www.corumbaonline.com.br\/news\/wp-json\/wp\/v2\/posts\/22429","targetHints":{"allow":["GET"]}}],"collection":[{"href":"https:\/\/www.corumbaonline.com.br\/news\/wp-json\/wp\/v2\/posts"}],"about":[{"href":"https:\/\/www.corumbaonline.com.br\/news\/wp-json\/wp\/v2\/types\/post"}],"author":[{"embeddable":true,"href":"https:\/\/www.corumbaonline.com.br\/news\/wp-json\/wp\/v2\/users\/1"}],"replies":[{"embeddable":true,"href":"https:\/\/www.corumbaonline.com.br\/news\/wp-json\/wp\/v2\/comments?post=22429"}],"version-history":[{"count":1,"href":"https:\/\/www.corumbaonline.com.br\/news\/wp-json\/wp\/v2\/posts\/22429\/revisions"}],"predecessor-version":[{"id":22431,"href":"https:\/\/www.corumbaonline.com.br\/news\/wp-json\/wp\/v2\/posts\/22429\/revisions\/22431"}],"wp:featuredmedia":[{"embeddable":true,"href":"https:\/\/www.corumbaonline.com.br\/news\/wp-json\/wp\/v2\/media\/22430"}],"wp:attachment":[{"href":"https:\/\/www.corumbaonline.com.br\/news\/wp-json\/wp\/v2\/media?parent=22429"}],"wp:term":[{"taxonomy":"category","embeddable":true,"href":"https:\/\/www.corumbaonline.com.br\/news\/wp-json\/wp\/v2\/categories?post=22429"},{"taxonomy":"post_tag","embeddable":true,"href":"https:\/\/www.corumbaonline.com.br\/news\/wp-json\/wp\/v2\/tags?post=22429"}],"curies":[{"name":"wp","href":"https:\/\/api.w.org\/{rel}","templated":true}]}}